{"id":1654,"date":"2025-09-21T21:58:56","date_gmt":"2025-09-21T19:58:56","guid":{"rendered":"https:\/\/kidicalmass.adfc-wiesbaden.de\/?p=1654"},"modified":"2026-04-17T19:43:31","modified_gmt":"2026-04-17T17:43:31","slug":"2025-09-21","status":"publish","type":"post","link":"https:\/\/www.adfc-wiesbaden.de\/ar\/2025\/09\/kidical-mass\/2025-09-21\/","title":{"rendered":"16. \u0642\u062f\u0627\u0633 \u0627\u0644\u0623\u0637\u0641\u0627\u0644 \u0641\u064a\u0633\u0628\u0627\u062f\u0646 - \u0633\u0628\u062a\u0645\u0628\u0631 2025"},"content":{"rendered":"<p><\/p>\n\n<!--themify_builder_content-->\n<div id=\"themify_builder_content-1654\" data-postid=\"1654\" class=\"themify_builder_content themify_builder_content-1654 themify_builder tf_clear\">\n                    <div  data-lazy=\"1\" class=\"module_row themify_builder_row tb_0h7j880 tb_first tf_w\">\n                        <div class=\"row_inner col_align_top tb_col_count_1 tf_box tf_rel\">\n                        <div  data-lazy=\"1\" class=\"module_column tb-column col-full tb_drbz881 first\">\n                    <!-- module image -->\n<div  class=\"module module-image tb_2t7n655 image-top   tf_mw tb_gs2677162d\" data-lazy=\"1\">\n        <div class=\"image-wrap tf_rel tf_mw\">\n            <img loading=\"lazy\" decoding=\"async\" width=\"2048\" height=\"1366\" src=\"https:\/\/www.adfc-wiesbaden.de\/wp-content\/uploads\/2024\/10\/KM-Wiesbaden-2409-Schiersteiner-Strasse.jpeg\" class=\"wp-post-image wp-image-1633\" title=\"\u0642\u062f\u0627\u0633 \u0627\u0644\u0623\u0637\u0641\u0627\u0644 - \u00a9 ADFC Wiesbaden\" alt=\"\u0642\u062f\u0627\u0633 \u0627\u0644\u0623\u0637\u0641\u0627\u0644 - \u00a9 ADFC Wiesbaden\" srcset=\"https:\/\/www.adfc-wiesbaden.de\/wp-content\/uploads\/2024\/10\/KM-Wiesbaden-2409-Schiersteiner-Strasse.jpeg 2048w, https:\/\/www.adfc-wiesbaden.de\/wp-content\/uploads\/2024\/10\/KM-Wiesbaden-2409-Schiersteiner-Strasse-700x467.jpeg 700w, https:\/\/www.adfc-wiesbaden.de\/wp-content\/uploads\/2024\/10\/KM-Wiesbaden-2409-Schiersteiner-Strasse-1400x934.jpeg 1400w, https:\/\/www.adfc-wiesbaden.de\/wp-content\/uploads\/2024\/10\/KM-Wiesbaden-2409-Schiersteiner-Strasse-200x133.jpeg 200w, https:\/\/www.adfc-wiesbaden.de\/wp-content\/uploads\/2024\/10\/KM-Wiesbaden-2409-Schiersteiner-Strasse-768x512.jpeg 768w, https:\/\/www.adfc-wiesbaden.de\/wp-content\/uploads\/2024\/10\/KM-Wiesbaden-2409-Schiersteiner-Strasse-1536x1025.jpeg 1536w\" sizes=\"auto, (max-width: 2048px) 100vw, 2048px\" \/>    \n        <\/div>\n    <!-- \/image-wrap -->\n    \n        <div class=\"image-content\">\n                    <h3 class=\"image-title\">\n                                    \u0642\u062f\u0627\u0633 \u0627\u0644\u0623\u0637\u0641\u0627\u0644 - \u00a9 ADFC Wiesbaden                            <\/h3>\n                    <\/div>\n    <!-- \/image-content -->\n        <\/div>\n<!-- \/module image --><!-- module text -->\n<div  class=\"module module-text tb_8dv0838    tb_gs678604\" data-lazy=\"1\">\n        <div  class=\"tb_text_wrap\">\n        <h1>16. \u0642\u062f\u0627\u0633 \u0627\u0644\u0623\u0637\u0641\u0627\u0644 \u0641\u064a\u0633\u0628\u0627\u062f\u0646 - \u0633\u0628\u062a\u0645\u0628\u0631 2025<\/h1>\n<p>\u0633\u064a\u0642\u0627\u0645 \u0627\u0644\u0642\u062f\u0627\u0633 \u0627\u0644\u0623\u0637\u0641\u0627\u0644\u064a \u0627\u0644\u062b\u0627\u0644\u062b \u0641\u064a\u0633\u0628\u0627\u062f\u0646 2025 \u0641\u064a 21 \u0633\u0628\u062a\u0645\u0628\u0631 \u0627\u0644\u0633\u0627\u0639\u0629 3:00 \u0645\u0633\u0627\u0621\u064b \u0643\u062c\u0632\u0621 \u0645\u0646 \u0627\u0644\u0639\u0627\u0644\u0645\u00a0<a href=\"https:\/\/kinderaufsrad.org\/\" target=\"_blank\" rel=\"noreferrer noopener\">\u0623\u064a\u0627\u0645 \u0627\u0644\u0639\u0645\u0644 \u0627\u0644\u062c\u0645\u0627\u0639\u064a \u0644\u0644\u0623\u0637\u0641\u0627\u0644<\/a>\u00a0\u202b - \u0628\u062f\u0644\u0627\u064b \u0645\u0646 \u0630\u0644\u0643. \u064a\u0628\u062f\u0623 \u0645\u0646 \u062c\u062f\u064a\u062f \u0639\u0644\u0649 \u0645\u0648\u0642\u0639 \u062f\u064a\u0631\u0646. \u062d\u0648\u0644 \u0642\u0627\u0639\u0629 \u0627\u0644\u0645\u062f\u064a\u0646\u0629 \u0648\u062e\u0627\u0635\u0629 \u0641\u064a \u0633\u0627\u062d\u0629 \u0627\u0644\u0642\u0644\u0639\u0629 \u060c\u00a0<a href=\"https:\/\/www.wiesbaden.de\/leben-in-wiesbaden\/gesellschaft-soziales\/kinder\/kinderrechte\/weltkindertag\" target=\"_blank\" rel=\"noreferrer noopener\">\u0627\u0644\u064a\u0648\u0645 \u0627\u0644\u0639\u0627\u0644\u0645\u064a \u0644\u0644\u0637\u0641\u0644<\/a>\u00a0\u064a\u062d\u062a\u0641\u0644 \u0628\u0647 \u0645\u0646 \u0627\u0644\u0633\u0627\u0639\u0629 13:00 \u0625\u0644\u0649 18:00. \u0646\u0646\u062a\u0647\u064a \u0647\u0630\u0647 \u0627\u0644\u0645\u0631\u0629 \u0641\u064a \u0627\u0644\u0645\u0646\u0637\u0642\u0629 \u0627\u0644\u062e\u0636\u0631\u0627\u0621 \u0641\u064a Nerotal \u060c \u062d\u064a\u062b \u0633\u062a\u0632\u0648\u062f\u0646\u0627 \u0634\u0627\u062d\u0646\u0629 \u0627\u0644\u0622\u064a\u0633 \u0643\u0631\u064a\u0645 \u0628\u0627\u0644\u062b\u0644\u062c \u0645\u0631\u0629 \u0623\u062e\u0631\u0649. \u0643\u0645\u0627 \u0647\u0648 \u0627\u0644\u062d\u0627\u0644 \u062f\u0627\u0626\u0645\u064b\u0627 \u060c \u0646\u0631\u0627\u0641\u0642 \u0627\u0644\u0634\u0631\u0637\u0629 \u0648\u0627\u0644\u0645\u0633\u0639\u0641\u064a\u0646.<\/p>\n<h2>\u062a\u0635\u0646\u064a\u0641: \u0641\u0646 \u0627\u0644\u0631\u0633\u0645<\/h2>\n<p>\u0633\u0646\u0642\u0648\u0645 \u0628\u062a\u062c\u0645\u064a\u0644 \u0627\u0644\u0623\u0633\u0641\u0644\u062a \u0627\u0644\u0631\u0645\u0627\u062f\u064a \u0623\u0645\u0627\u0645 Landeshaus \u0645\u0639 \u0627\u0644\u0637\u0628\u0627\u0634\u064a\u0631. \u0648\u0647\u0643\u0630\u0627 \u060c \u0644\u0627 \u064a\u0632\u0627\u0644 \u0627\u0644\u0642\u062f\u0627\u0633 \u0627\u0644\u0637\u0641\u0648\u0644\u064a \u0645\u0631\u0626\u064a\u064b\u0627 \u0644\u0645\u062c\u0645\u0648\u0639\u0629 \u0648\u0627\u0633\u0639\u0629 \u0645\u0646 \u0627\u0644\u0645\u0634\u0627\u0631\u0643\u064a\u0646 \u0641\u064a \u062d\u0631\u0643\u0629 \u0627\u0644\u0645\u0631\u0648\u0631 \u062d\u062a\u0649 \u0641\u064a \u0627\u0644\u0623\u064a\u0627\u0645 \u0627\u0644\u062a\u0627\u0644\u064a\u0629. \u0641\u064a \u0627\u0644\u0645\u0646\u0637\u0642\u0629 \u0627\u0644\u0645\u062c\u0627\u0648\u0631\u0629 \u0645\u0628\u0627\u0634\u0631\u0629 \u0643\u0627\u0646 \u0639\u0644\u0649 1. \u0637\u0648\u0642 \u0627\u0644\u0645\u0633\u0627\u0631 \u0627\u0644\u0628\u064a\u0626\u064a \u0627\u0644\u0634\u0639\u0628\u064a \u062a\u0648\u0642\u0641. \u0644\u0627 \u062a\u0648\u062c\u062f \u062d\u062f\u0648\u062f \u0644\u0625\u0628\u062f\u0627\u0639\u0643. \u0644\u062f\u064a\u0646\u0627 \u0637\u0628\u0627\u0634\u064a\u0631 \u0641\u064a \u0627\u0644\u0645\u0648\u0642\u0639. \u062d\u062a\u0649 \u062a\u062a\u0645\u0643\u0646 \u0645\u0646 \u0627\u0644\u0637\u0644\u0627\u0621 \u0644\u0641\u062a\u0631\u0629 \u0623\u0637\u0648\u0644 \u0648\u0623\u064a\u0636\u064b\u0627 \u0628\u0644\u0648\u0646\u0643 \u0627\u0644\u0645\u0641\u0636\u0644 \u060c \u0645\u0646 \u0627\u0644\u0623\u0641\u0636\u0644 \u0625\u062d\u0636\u0627\u0631 \u0627\u0644\u0637\u0628\u0627\u0634\u064a\u0631 \u0627\u0644\u062e\u0627\u0635\u0629 \u0628\u0643.<\/p>\n<h2>\u0627\u0633\u062a\u0631\u062f\u0627\u062f \u0623\u0633\u0639\u0627\u0631 \u0627\u0644\u0637\u0648\u0627\u0628\u0639<\/h2>\n<p>\u0644\u062c\u0645\u064a\u0639 \u0623\u0648\u0644\u0626\u0643 \u0627\u0644\u0630\u064a\u0646 \u0634\u0627\u0631\u0643\u0648\u0627 \u0641\u064a \u0627\u0644\u0642\u062f\u0627\u0633 \u0627\u0644\u0623\u0637\u0641\u0627\u0644\u064a \u062b\u0644\u0627\u062b \u0645\u0631\u0627\u062a \u0641\u064a \u0639\u0627\u0645 2025 \u0648\u0643\u0644 \u0645\u0631\u0629 \u062e\u062a\u0645 \u0641\u064a \u0644\u062f\u064a\u0646\u0627\u00a0<a href=\"https:\/\/www.adfc-wiesbaden.de\/ar\/3-x-kidical-mass-1-ueberraschung\/\">\u0642\u0627\u0644\u0628: \u062d\u0631\u0643\u0629 \u0627\u0644\u0637\u0648\u0627\u0628\u0639<\/a>\u00a0\u0645\u0631\u0629 \u0623\u062e\u0631\u0649 \u060c \u062a\u0646\u062a\u0638\u0631 \u0645\u0641\u0627\u062c\u0623\u0629 \u0635\u063a\u064a\u0631\u0629. \u0623\u062d\u0636\u0631 \u0645\u0646\u0634\u0648\u0631\u0627\u062a\u0643 \u0627\u0644\u0645\u062e\u062a\u0648\u0645\u0629 \u0645\u0646 \u0627\u0644\u0642\u062f\u0627\u0633 \u0627\u0644\u0637\u0641\u0648\u0644\u064a \u0627\u0644\u0623\u0648\u0644 \u0648\u0627\u0644\u062b\u0627\u0646\u064a \u060c \u0648\u0627\u062d\u0635\u0644 \u0639\u0644\u0649 \u0627\u0644\u062e\u062a\u0645 \u0627\u0644\u0623\u062e\u064a\u0631 \u0648\u0627\u0633\u062a\u0628\u062f\u0644 \u0627\u0644\u0645\u0646\u0634\u0648\u0631 \u0628\u0627\u0644\u0645\u0641\u0627\u062c\u0623\u0629.<br \/>\u0627\u0644\u062e\u062a\u0645 \u0627\u0644\u0623\u062e\u064a\u0631 \u0647\u0648 \u0628\u0639\u062f \u0631\u0643\u0648\u0628 \u0641\u064a \u0627\u0644\u0623\u0635\u0641\u0631\u00a0<a href=\"https:\/\/www.adfc-wiesbaden.de\/ar\/\" target=\"_blank\" rel=\"noreferrer noopener\">\u0646\u0627\u062f\u064a \u0623\u0628\u0648\u0638\u0628\u064a \u0644\u0643\u0631\u0629 \u0627\u0644\u0642\u062f\u0645<\/a>-Wheel with the box on the front. - \u0639\u062c\u0644\u0629 \u0645\u0639 \u0627\u0644\u0635\u0646\u062f\u0648\u0642 \u0641\u064a \u0627\u0644\u0645\u0642\u062f\u0645\u0629.<\/p>\n<h2>\u062c\u0648\u0644\u0627\u062a \u0627\u0644\u062a\u063a\u0630\u064a\u0629<\/h2>\n<h3>\u062c\u0648\u0644\u0627\u062a \u0627\u0644\u062a\u063a\u0630\u064a\u0629 \u0627\u0644\u0645\u062e\u0637\u0637 \u0644\u0647\u0627 (\u064a\u062a\u0645 \u062a\u062d\u062f\u064a\u062b \u0627\u0644\u062a\u063a\u064a\u064a\u0631\u0627\u062a \u0628\u0627\u0633\u062a\u0645\u0631\u0627\u0631):<\/h3>\n<figure class=\"wp-block-table is-style-stripes\">\n<table class=\"has-fixed-layout\">\n<tbody>\n<tr>\n<td>\u0645\u0646\u0637\u0642\u0629 \/ \u0645\u0646\u0637\u0642\u0629<\/td>\n<td>\u0627\u0644\u0627\u0644\u062a\u0642\u0627\u0621 (\u0641\u064a\u0644\u0645)<\/td>\n<td>\u0633\u0627\u0639\u0629 (\u0633\u0627\u0639\u0629)<\/td>\n<td>\u062a\u0635\u0646\u064a\u0641: \u0645\u0633\u0627\u0641\u0627\u062a<\/td>\n<\/tr>\n<tr>\n<td>\u062a\u0635\u0646\u064a\u0641: \u0634\u0645\u0627\u0644 \u0634\u0631\u0642\u064a<\/td>\n<td><strong>\u0645\u062f\u0631\u0633\u0629 \u0633\u0627\u0646\u062a \u062c\u0648\u0646<\/strong><br \/>\u0645\u0648\u0642\u0641 \u062f\u0631\u0627\u062c\u0629 \u064a\u0648\u0647\u0627\u0646\u0633-\u0645\u0627\u0633-\u0633\u062a\u0631\u0627\u0633\u0647 \/ \u062c\u0648. \u062a\u0635\u0646\u064a\u0641: \u062d\u0627\u0626\u0637 \u0645\u0642\u0628\u0631\u0629<\/td>\n<td>14:30<\/td>\n<td>1.5 \u0643\u0645<\/td>\n<\/tr>\n<\/tbody>\n<\/table>\n<\/figure>\n<p>\u062c\u0648\u0644\u0627\u062a \u0627\u0644\u062a\u063a\u0630\u064a\u0629 \u0647\u064a \u0631\u062d\u0644\u0627\u062a \u0630\u0627\u062a\u064a\u0629 \u0627\u0644\u062a\u0646\u0638\u064a\u0645 \u062a\u062c\u062a\u0645\u0639 \u0625\u0644\u064a\u0647\u0627 \u0627\u0644\u0639\u0627\u0626\u0644\u0627\u062a \u0641\u064a \u0645\u062f\u0631\u0633\u062a\u0647\u0627 \u0627\u0644\u0627\u0628\u062a\u062f\u0627\u0626\u064a\u0629 \u0641\u064a \u0627\u0644\u0645\u0646\u0637\u0642\u0629 \u062b\u0645 \u062a\u0642\u0648\u062f \u0627\u0644\u0633\u064a\u0627\u0631\u0629 \u0645\u0639\u064b\u0627 \u0625\u0644\u0649 \u0646\u0642\u0637\u0629 \u0627\u0644\u0628\u062f\u0627\u064a\u0629. \u0627\u0644\u0645\u063a\u0630\u064a\u0627\u062a \u0644\u064a\u0633\u062a \u0645\u0638\u0627\u0647\u0631\u0629 \u0645\u0633\u062c\u0644\u0629 \u0648\u0644\u064a\u0633\u062a \u062c\u0632\u0621\u064b\u0627 \u0645\u0646 \u0627\u0644\u062d\u062f\u062b. \u064a\u062a\u0645 \u062a\u0634\u063a\u064a\u0644\u0647 \u0639\u0644\u0649 \u0645\u0633\u0627\u0631\u0627\u062a \u0627\u0644\u062f\u0648\u0631\u0629 \u0648\u0627\u0644\u0637\u0631\u0642 \u0627\u0644\u062c\u0627\u0646\u0628\u064a\u0629 \u0645\u0646\u062e\u0641\u0636\u0629 \u0627\u0644\u062d\u0631\u0643\u0629.<br \/>\u0645\u0646 \u0645\u0633\u0643\u0646\u0643 \u0644\u0627 \u064a\u0648\u062c\u062f \u0645\u063a\u0630\u064a \u062d\u062a\u0649 \u0627\u0644\u0622\u0646 \u0648\u0623\u0646\u062a \u0645\u0647\u062a\u0645 \u060c \u062b\u0645 \u0627\u0643\u062a\u0628 \u0644\u0646\u0627 \u060c\u00a0<a href=\"\/ar\/&\/#x6d;&#x61;&#105;lt&#x6f;&#x3a;&#107;&#105;d&#x69;&#x63;&#97;&#108;m&#x61;&#x73;&#x73;&#64;ad&#x66;&#x63;&#45;&#119;i&#x65;&#x73;&#98;&#97;d&#x65;&#x6e;&#46;&#100;e\">kidicalmass@adfc-wiesbaden.de<\/a>, \u202b - \u0646\u0639\u0645. \u0646\u062d\u0646 \u0646\u0633\u0627\u0639\u062f \u0641\u064a \u0627\u0644\u062a\u0646\u0638\u064a\u0645.<\/p>    <\/div>\n<\/div>\n<!-- \/module text --><!-- module image -->\n<div  class=\"module module-image tb_pyx5916 image-top   tf_mw\" data-lazy=\"1\">\n        <div class=\"image-wrap tf_rel tf_mw\">\n            <img loading=\"lazy\" decoding=\"async\" width=\"735\" height=\"1022\" src=\"https:\/\/www.adfc-wiesbaden.de\/wp-content\/uploads\/2025\/01\/2025-09-21_kmwbn_Route_sharepic.jpg\" class=\"wp-post-image wp-image-1802\" title=\"\u0637\u0631\u064a\u0642 \u0627\u0644\u0642\u062f\u0627\u0633 \u0627\u0644\u0623\u0637\u0641\u0627\u0644\u064a \u0641\u064a\u0633\u0628\u0627\u062f\u0646 21.09.2025\" alt=\"\u0627\u0644\u0637\u0631\u064a\u0642 \u0627\u0644\u0633\u0627\u062f\u0633 \u0639\u0634\u0631 \u0642\u062f\u0627\u0633 \u0623\u0637\u0641\u0627\u0644\u064a \u0641\u064a \u0641\u064a\u0633\u0628\u0627\u062f\u0646\" srcset=\"https:\/\/www.adfc-wiesbaden.de\/wp-content\/uploads\/2025\/01\/2025-09-21_kmwbn_Route_sharepic.jpg 735w, https:\/\/www.adfc-wiesbaden.de\/wp-content\/uploads\/2025\/01\/2025-09-21_kmwbn_Route_sharepic-700x973.jpg 700w, https:\/\/www.adfc-wiesbaden.de\/wp-content\/uploads\/2025\/01\/2025-09-21_kmwbn_Route_sharepic-200x278.jpg 200w\" sizes=\"auto, (max-width: 735px) 100vw, 735px\" \/>    \n        <\/div>\n    <!-- \/image-wrap -->\n    \n        <\/div>\n<!-- \/module image --><!-- module plain text -->\n<div  class=\"module module-plain-text tb_u24z839\" data-lazy=\"1\">\n        <div class=\"tb_text_wrap\">\n    <h3>\n\t\u062e\u0631\u064a\u0637\u0629 \u062c\u0648\u0644\u0627\u062a \u0627\u0644\u062a\u063a\u0630\u064a\u0629\n<\/h3>\n<iframe loading=\"lazy\" src=\"https:\/\/www.google.com\/maps\/d\/u\/0\/embed?mid=11jAiJcc-X0-dSVvxeJ1K4xzLMTOiGTg&#038;ehbc=2E312F&#038;noprof=1\" width=\"640\" height=\"480\"><\/iframe>    <\/div>\n<\/div>\n<!-- \/module plain text -->        <\/div>\n                        <\/div>\n        <\/div>\n        <\/div>\n<!--\/themify_builder_content-->","protected":false},"excerpt":{"rendered":"<p>\u0633\u064a\u0642\u0627\u0645 \u0627\u0644\u0642\u062f\u0627\u0633 \u0627\u0644\u0623\u0637\u0641\u0627\u0644\u064a \u0627\u0644\u062b\u0627\u0644\u062b \u0641\u064a\u0633\u0628\u0627\u062f\u0646 2025 \u0641\u064a 21 \u0633\u0628\u062a\u0645\u0628\u0631 \u0627\u0644\u0633\u0627\u0639\u0629 3:00 \u0645\u0633\u0627\u0621\u064b \u0643\u062c\u0632\u0621 \u0645\u0646 \u0623\u064a\u0627\u0645 \u0627\u0644\u0639\u0645\u0644 \u0627\u0644\u062c\u0645\u0627\u0639\u064a \u0644\u0644\u0623\u0637\u0641\u0627\u0644 \u0641\u064a \u062c\u0645\u064a\u0639 \u0623\u0646\u062d\u0627\u0621 \u0627\u0644\u0639\u0627\u0644\u0645. \u064a\u0628\u062f\u0623 \u0645\u0646 \u062c\u062f\u064a\u062f \u0639\u0644\u0649 \u0645\u0648\u0642\u0639 \u062f\u064a\u0631\u0646. \u0641\u064a \u062c\u0645\u064a\u0639 \u0623\u0646\u062d\u0627\u0621 \u0642\u0627\u0639\u0629 \u0627\u0644\u0645\u062f\u064a\u0646\u0629 \u0648\u062e\u0627\u0635\u0629 \u0641\u064a Schlossplatz \u060c \u064a\u062a\u0645 \u0627\u0644\u0627\u062d\u062a\u0641\u0627\u0644 \u0628\u0627\u0644\u064a\u0648\u0645 \u0627\u0644\u0639\u0627\u0644\u0645\u064a \u0644\u0644\u0637\u0641\u0644 \u0645\u0646 \u0627\u0644\u0633\u0627\u0639\u0629 1:00 \u0645\u0633\u0627\u0621\u064b \u0625\u0644\u0649 6:00 \u0645\u0633\u0627\u0621\u064b. \u0646\u0646\u062a\u0647\u064a \u0647\u0630\u0647 \u0627\u0644\u0645\u0631\u0629 \u0641\u064a \u0627\u0644\u0645\u0646\u0637\u0642\u0629 \u0627\u0644\u062e\u0636\u0631\u0627\u0621 \u0641\u064a Nerotal \u060c \u062d\u064a\u062b \u0633\u062a\u0632\u0648\u062f\u0646\u0627 \u0634\u0627\u062d\u0646\u0629 \u0627\u0644\u0622\u064a\u0633 \u0643\u0631\u064a\u0645 \u0628\u0627\u0644\u062b\u0644\u062c \u0645\u0631\u0629 \u0623\u062e\u0631\u0649. \u0643\u0645\u0627 \u0647\u0648 \u0627\u0644\u062d\u0627\u0644 \u062f\u0627\u0626\u0645\u064b\u0627 \u060c \u0646\u0631\u0627\u0641\u0642 \u0627\u0644\u0634\u0631\u0637\u0629 \u0648\u0627\u0644\u0645\u0633\u0639\u0641\u064a\u0646.<\/p>","protected":false},"author":52,"featured_media":76050,"comment_status":"closed","ping_status":"closed","sticky":false,"template":"Nachrichten-Seite.php","format":"standard","meta":{"footnotes":""},"categories":[932],"tags":[928,516,772],"class_list":["post-1654","post","type-post","status-publish","format-standard","has-post-thumbnail","hentry","category-kidical-mass","tag-herbst","tag-kidical-mass","tag-wiesbaden","has-post-title","has-post-date","has-post-category","has-post-tag","has-post-comment","has-post-author",""],"builder_content":"<img src=\"https:\/\/www.adfc-wiesbaden.de\/wp-content\/uploads\/2024\/10\/KM-Wiesbaden-2409-Schiersteiner-Strasse.jpeg\" title=\"Kidical Mass - &copy; ADFC Wiesbaden\" alt=\"Kidical Mass - &copy; ADFC Wiesbaden\" srcset=\"https:\/\/www.adfc-wiesbaden.de\/wp-content\/uploads\/2024\/10\/KM-Wiesbaden-2409-Schiersteiner-Strasse.jpeg 2048w, https:\/\/www.adfc-wiesbaden.de\/wp-content\/uploads\/2024\/10\/KM-Wiesbaden-2409-Schiersteiner-Strasse-700x467.jpeg 700w, https:\/\/www.adfc-wiesbaden.de\/wp-content\/uploads\/2024\/10\/KM-Wiesbaden-2409-Schiersteiner-Strasse-1400x934.jpeg 1400w, https:\/\/www.adfc-wiesbaden.de\/wp-content\/uploads\/2024\/10\/KM-Wiesbaden-2409-Schiersteiner-Strasse-200x133.jpeg 200w, https:\/\/www.adfc-wiesbaden.de\/wp-content\/uploads\/2024\/10\/KM-Wiesbaden-2409-Schiersteiner-Strasse-768x512.jpeg 768w, https:\/\/www.adfc-wiesbaden.de\/wp-content\/uploads\/2024\/10\/KM-Wiesbaden-2409-Schiersteiner-Strasse-1536x1025.jpeg 1536w\" sizes=\"(max-width: 2048px) 100vw, 2048px\" \/> <h3> Kidical Mass - &copy; ADFC Wiesbaden <\/h3>\n<h1>16. Kidical Mass Wiesbaden - September 2025<\/h1> <p>Die dritte Kidical Mass Wiesbaden 2025 findet am 21.09. um 15:00 Uhr im Rahmen der weltweiten\u00a0<a href=\"https:\/\/kinderaufsrad.org\/\" target=\"_blank\" rel=\"noreferrer noopener\">Kidical-Mass-Aktionstagen<\/a>\u00a0statt. Gestartet wird wieder auf dem Dern\u2019sches Gel\u00e4nde. Rund um das Rathaus und besonders auf dem Schlo\u00dfplatz wird der\u00a0<a href=\"https:\/\/www.wiesbaden.de\/leben-in-wiesbaden\/gesellschaft-soziales\/kinder\/kinderrechte\/weltkindertag\" target=\"_blank\" rel=\"noreferrer noopener\">Weltkindertag<\/a>\u00a0von 13:00 bis 18:00 Uhr gefeiert. Wir enden diesmal in der Gr\u00fcnanlage im Nerotal, wo uns der Eiswagen wieder mit Eis versorgen wird. Begleitet werden wir wie immer durch Polizei und Sanit\u00e4ter.<\/p> <h2>Malaktion<\/h2> <p>Wir werden den grauen Asphalt vor dem Landeshaus mit Kreide versch\u00f6nern. Somit bleibt die Kidical Mass auch noch in den Folgetagen f\u00fcr unterschiedlichste Verkehrsteilnehmende sichtbar. In unmittelbarer N\u00e4he wurde auf dem 1. Ring die beliebte Umweltspur unterbrochen. Eurer Kreativit\u00e4t sind dabei keine Grenzen gesetzt. Wir haben Kreide vor Ort. Damit ihr l\u00e4nger und auch mit eurer Lieblingsfarbe malen k\u00f6nnt, bringt am Besten eurer eigene Kreide mit.<\/p> <h2>Preise f\u00fcr Stempel einl\u00f6sen<\/h2> <p>F\u00fcr alle die 2025 drei Mal an der Kidical Mass teilgenommen und jedes Mal Stempel bei unserer\u00a0<a href=\"https:\/\/www.adfc-wiesbaden.de\/3-x-kidical-mass-1-ueberraschung\/\">Stempelaktion<\/a>\u00a0gesammelt haben, wartet wieder eine kleine \u00dcberraschung. Bringt eure gestempelten Flyer von der ersten und zweiten Kidical Mass mit, holt euch den letzten Stempel und tauscht den Flyer gegen die \u00dcberraschung ein.<br \/>Den letzten Stempel gibt es nach der Fahrt beim gelben\u00a0<a href=\"https:\/\/www.adfc-wiesbaden.de\/\" target=\"_blank\" rel=\"noreferrer noopener\">ADFC<\/a>-Lastenrad mit der Box vorne drauf.<\/p> <h2>Zubringertouren<\/h2> <h3>Geplanten Zubringertouren (\u00c4nderungen werden stetig aktualisiert):<\/h3> <figure> <table> <tbody> <tr> <td>Stadtteil \/ Quartier<\/td> <td>Treffpunkt<\/td> <td>Uhrzeit<\/td> <td>Distanz<\/td> <\/tr> <tr> <td>Nordost<\/td> <td><strong>Johannes-Maa\u00df-Schule<\/strong><br \/>Fahrradst\u00e4nder Johannes-Maa\u00df-Stra\u00dfe \/ gg\u00fc. Friedhofsmauer<\/td> <td>14:30<\/td> <td>1,5 km<\/td> <\/tr> <\/tbody> <\/table> <\/figure> <p>Zubringertouren sind selbstorganisierte Fahrten zu denen sich Familien an ihrer Grundschule im Viertel treffen und dann gemeinsam zum Startpunkt fahren. Die Zubringer sind keine angemeldete Demonstration und sind nicht Teil der Veranstaltung. Es wird auf Radwegen und verkehrsarmen Nebenstra\u00dfen gefahren.<br \/>Aus euren Viertel gibt es noch keinen Zubringer und ihr habt Interesse, dann schreibt uns,\u00a0<a href=\"mailto:kidicalmass@adfc-wiesbaden.de\">kidicalmass@adfc-wiesbaden.de<\/a>, an. Wir helfen beim Organisieren.<\/p>\n<img src=\"https:\/\/www.adfc-wiesbaden.de\/wp-content\/uploads\/2025\/01\/2025-09-21_kmwbn_Route_sharepic.jpg\" title=\"Kidical Mass Wiesbaden Route 21.09.2025\" alt=\"Route der 16. Kidical Mass Wiesbaden\" srcset=\"https:\/\/www.adfc-wiesbaden.de\/wp-content\/uploads\/2025\/01\/2025-09-21_kmwbn_Route_sharepic.jpg 735w, https:\/\/www.adfc-wiesbaden.de\/wp-content\/uploads\/2025\/01\/2025-09-21_kmwbn_Route_sharepic-700x973.jpg 700w, https:\/\/www.adfc-wiesbaden.de\/wp-content\/uploads\/2025\/01\/2025-09-21_kmwbn_Route_sharepic-200x278.jpg 200w\" sizes=\"(max-width: 735px) 100vw, 735px\" \/>\n<h3> Karte der Zubringertouren <\/h3> <iframe loading=\"lazy\" src=\"https:\/\/www.google.com\/maps\/d\/u\/0\/embed?mid=11jAiJcc-X0-dSVvxeJ1K4xzLMTOiGTg&ehbc=2E312F&noprof=1\" width=\"640\" height=\"480\"><\/iframe>","_links":{"self":[{"href":"https:\/\/www.adfc-wiesbaden.de\/ar\/wp-json\/wp\/v2\/posts\/1654","targetHints":{"allow":["GET"]}}],"collection":[{"href":"https:\/\/www.adfc-wiesbaden.de\/ar\/wp-json\/wp\/v2\/posts"}],"about":[{"href":"https:\/\/www.adfc-wiesbaden.de\/ar\/wp-json\/wp\/v2\/types\/post"}],"author":[{"embeddable":true,"href":"https:\/\/www.adfc-wiesbaden.de\/ar\/wp-json\/wp\/v2\/users\/52"}],"replies":[{"embeddable":true,"href":"https:\/\/www.adfc-wiesbaden.de\/ar\/wp-json\/wp\/v2\/comments?post=1654"}],"version-history":[{"count":32,"href":"https:\/\/www.adfc-wiesbaden.de\/ar\/wp-json\/wp\/v2\/posts\/1654\/revisions"}],"predecessor-version":[{"id":76052,"href":"https:\/\/www.adfc-wiesbaden.de\/ar\/wp-json\/wp\/v2\/posts\/1654\/revisions\/76052"}],"wp:featuredmedia":[{"embeddable":true,"href":"https:\/\/www.adfc-wiesbaden.de\/ar\/wp-json\/wp\/v2\/media\/76050"}],"wp:attachment":[{"href":"https:\/\/www.adfc-wiesbaden.de\/ar\/wp-json\/wp\/v2\/media?parent=1654"}],"wp:term":[{"taxonomy":"category","embeddable":true,"href":"https:\/\/www.adfc-wiesbaden.de\/ar\/wp-json\/wp\/v2\/categories?post=1654"},{"taxonomy":"post_tag","embeddable":true,"href":"https:\/\/www.adfc-wiesbaden.de\/ar\/wp-json\/wp\/v2\/tags?post=1654"}],"curies":[{"name":"wp","href":"https:\/\/api.w.org\/{rel}","templated":true}]}}