{"id":76573,"date":"2026-04-26T00:48:12","date_gmt":"2026-04-25T22:48:12","guid":{"rendered":"https:\/\/www.adfc-wiesbaden.de\/2026\/04\/unkategorisiert\/adfc-fahrradboerse-am-2-mai-copy\/"},"modified":"2026-04-26T01:19:18","modified_gmt":"2026-04-25T23:19:18","slug":"film-cycling-cities-in-wiesbaden","status":"publish","type":"post","link":"https:\/\/www.adfc-wiesbaden.de\/bg\/2026\/04\/politik-verkehr\/film-cycling-cities-in-wiesbaden\/","title":{"rendered":"\"\u0413\u0440\u0430\u0434\u043e\u0432\u0435 \u0437\u0430 \u043a\u043e\u043b\u043e\u0435\u0437\u0434\u0435\u043d\u0435\" \u0449\u0435 \u0441\u0435 \u043f\u0440\u043e\u0432\u0435\u0434\u0435 \u0432\u044a\u0432 \u0412\u0438\u0441\u0431\u0430\u0434\u0435\u043d \u043d\u0430 12 \u044e\u043d\u0438"},"content":{"rendered":"<!--themify_builder_content-->\n<div id=\"themify_builder_content-76573\" data-postid=\"76573\" class=\"themify_builder_content themify_builder_content-76573 themify_builder tf_clear\">\n                    <div  data-lazy=\"1\" class=\"module_row themify_builder_row tb_g5l6181 tb_first tf_w\">\n                        <div class=\"row_inner col_align_top tb_col_count_1 tf_box tf_rel\">\n                        <div  data-lazy=\"1\" class=\"module_column tb-column col-full tb_0cxq888 first\">\n                    <!-- module image -->\n<div  class=\"module module-image tb_5dc3300 image-top   tf_mw tb_gs2677162d\" data-lazy=\"1\">\n        <div class=\"image-wrap tf_rel tf_mw\">\n            <img loading=\"lazy\" decoding=\"async\" width=\"1600\" height=\"1201\" src=\"https:\/\/www.adfc-wiesbaden.de\/wp-content\/uploads\/2026\/04\/cycling-cities-teaserbild.jpg\" class=\"wp-post-image wp-image-76468\" title=\"\u0421\u043d\u0438\u043c\u043a\u0430 \u043d\u0430 \u043a\u043e\u0440\u0438\u0446\u0430\u0442\u0430 &quot;\u041a\u043e\u043b\u043e\u0435\u0437\u0434\u0430\u0447\u043d\u0438 \u0433\u0440\u0430\u0434\u043e\u0432\u0435&quot; | \u00a9 Ingwar Perowanowitsch\" alt=\"\u0421\u043d\u0438\u043c\u043a\u0430 \u043d\u0430 \u043a\u043e\u0440\u0438\u0446\u0430\u0442\u0430 &quot;\u041a\u043e\u043b\u043e\u0435\u0437\u0434\u0430\u0447\u043d\u0438 \u0433\u0440\u0430\u0434\u043e\u0432\u0435&quot; | \u00a9 Ingwar Perowanowitsch\" srcset=\"https:\/\/www.adfc-wiesbaden.de\/wp-content\/uploads\/2026\/04\/cycling-cities-teaserbild.jpg 1600w, https:\/\/www.adfc-wiesbaden.de\/wp-content\/uploads\/2026\/04\/cycling-cities-teaserbild-700x525.jpg 700w, https:\/\/www.adfc-wiesbaden.de\/wp-content\/uploads\/2026\/04\/cycling-cities-teaserbild-1400x1051.jpg 1400w, https:\/\/www.adfc-wiesbaden.de\/wp-content\/uploads\/2026\/04\/cycling-cities-teaserbild-200x150.jpg 200w, https:\/\/www.adfc-wiesbaden.de\/wp-content\/uploads\/2026\/04\/cycling-cities-teaserbild-768x576.jpg 768w, https:\/\/www.adfc-wiesbaden.de\/wp-content\/uploads\/2026\/04\/cycling-cities-teaserbild-1536x1153.jpg 1536w, https:\/\/www.adfc-wiesbaden.de\/wp-content\/uploads\/2026\/04\/cycling-cities-teaserbild-16x12.jpg 16w, https:\/\/www.adfc-wiesbaden.de\/wp-content\/uploads\/2026\/04\/cycling-cities-teaserbild-1400x1051-400x300.jpg 400w\" sizes=\"auto, (max-width: 1600px) 100vw, 1600px\" \/>    \n        <\/div>\n    <!-- \/image-wrap -->\n    \n        <div class=\"image-content\">\n                    <h3 class=\"image-title\">\n                                    \u0421\u043d\u0438\u043c\u043a\u0430 \u043d\u0430 \u043a\u043e\u0440\u0438\u0446\u0430\u0442\u0430 \"\u041a\u043e\u043b\u043e\u0435\u0437\u0434\u0430\u0447\u043d\u0438 \u0433\u0440\u0430\u0434\u043e\u0432\u0435\" | \u00a9 Ingwar Perowanowitsch                            <\/h3>\n                    <\/div>\n    <!-- \/image-content -->\n        <\/div>\n<!-- \/module image --><!-- module text -->\n<div  class=\"module module-text tb_am46888    tb_gs678604\" data-lazy=\"1\">\n        <div  class=\"tb_text_wrap\">\n        <h2>\u041f\u043e\u043b\u0438\u0442\u0438\u0447\u0435\u0441\u043a\u0430 \u0444\u0438\u043b\u043c\u043e\u0432\u0430 \u043f\u0440\u043e\u044f\u0432\u0430: \u201e\u0413\u0440\u0430\u0434\u043e\u0432\u0435 \u0437\u0430 \u043a\u043e\u043b\u043e\u0435\u0437\u0434\u0435\u043d\u0435\u201c<\/h2>\n<h3>\u041d\u0430 12 \u044e\u043d\u0438 \u043f\u043e\u043b\u0438\u0442\u0438\u0446\u0438, \u043b\u044e\u0431\u0438\u0442\u0435\u043b\u0438 \u043d\u0430 \u0432\u0435\u043b\u043e\u0441\u0438\u043f\u0435\u0434\u0438\u0442\u0435 \u0438 \u0437\u0430\u0438\u043d\u0442\u0435\u0440\u0435\u0441\u043e\u0432\u0430\u043d\u0438 \u0441\u0442\u0440\u0430\u043d\u0438 \u0449\u0435 \u0441\u0435 \u0441\u0440\u0435\u0449\u043d\u0430\u0442 \u0432 \u043c\u0443\u0437\u0435\u044f \u0432\u044a\u0432 \u0412\u0438\u0441\u0431\u0430\u0434\u0435\u043d \u0437\u0430 \u0432\u0434\u044a\u0445\u043d\u043e\u0432\u0435\u043d\u0438\u0435 \u0438 \u043e\u0431\u043c\u0435\u043d: \u0429\u0435 \u0431\u044a\u0434\u0435 \u043f\u043e\u043a\u0430\u0437\u0430\u043d \u0432\u043f\u0435\u0447\u0430\u0442\u043b\u044f\u0432\u0430\u0449\u0438\u044f\u0442 \u0434\u043e\u043a\u0443\u043c\u0435\u043d\u0442\u0430\u043b\u0435\u043d \u0444\u0438\u043b\u043c \"\u041a\u043e\u043b\u043e\u0435\u0437\u0434\u0430\u0447\u043d\u0438 \u0433\u0440\u0430\u0434\u043e\u0432\u0435\" \u043d\u0430 \u0418\u043d\u0433\u0432\u0430\u0440 \u041f\u0435\u0440\u043e\u0432\u0430\u043d\u043e\u0432\u0438\u0447. \u0421\u044a\u0431\u0438\u0442\u0438\u0435\u0442\u043e \u0449\u0435 \u0441\u0435 \u043f\u0440\u043e\u0432\u0435\u0434\u0435 \u043a\u0430\u0442\u043e \u0447\u0430\u0441\u0442 \u043e\u0442 \u043a\u0430\u043c\u043f\u0430\u043d\u0438\u044f\u0442\u0430 STADTRADELN 2026.<\/h3>\n<p>\u0412\u0438\u0441\u0431\u0430\u0434\u0435\u043d \u0441\u0435 \u043f\u0440\u043e\u043c\u0435\u043d\u044f. \u041c\u043e\u0431\u0438\u043b\u043d\u043e\u0441\u0442\u0442\u0430, \u043e\u043f\u0430\u0437\u0432\u0430\u043d\u0435\u0442\u043e \u043d\u0430 \u043a\u043b\u0438\u043c\u0430\u0442\u0430 \u0438 \u043f\u0440\u043e\u0435\u043a\u0442\u0438\u0440\u0430\u043d\u0435\u0442\u043e \u043d\u0430 \u043d\u0430\u0448\u0438\u0442\u0435 \u043e\u0431\u0449\u0435\u0441\u0442\u0432\u0435\u043d\u0438 \u043f\u0440\u043e\u0441\u0442\u0440\u0430\u043d\u0441\u0442\u0432\u0430 \u0441\u0430 \u043e\u0441\u043d\u043e\u0432\u043d\u0438\u0442\u0435 \u0442\u0435\u043c\u0438, \u043a\u043e\u0438\u0442\u043e \u043d\u0438 \u043f\u0440\u0435\u0434\u0438\u0437\u0432\u0438\u043a\u0432\u0430\u0442 \u0434\u043d\u0435\u0441 \u0438 \u0432 \u0431\u044a\u0434\u0435\u0449\u0435. \u041d\u043e \u043a\u0430\u043a \u0443\u0441\u043f\u044f\u0432\u0430 \u0442\u0440\u0430\u043d\u0441\u0444\u043e\u0440\u043c\u0430\u0446\u0438\u044f\u0442\u0430 \u043a\u044a\u043c \u0433\u0440\u0430\u0434, \u0443\u0434\u043e\u0431\u0435\u043d \u0437\u0430 \u0432\u0435\u043b\u043e\u0441\u0438\u043f\u0435\u0434\u0438\u0441\u0442\u0438, \u043a\u043e\u0439\u0442\u043e \u0435 \u043d\u0435 \u0441\u0430\u043c\u043e \u0435\u0444\u0435\u043a\u0442\u0438\u0432\u0435\u043d, \u043d\u043e \u043f\u0440\u0435\u0434\u0438 \u0432\u0441\u0438\u0447\u043a\u043e \u043f\u043e-\u043f\u0440\u0438\u044f\u0442\u0435\u043d \u0437\u0430 \u0436\u0438\u0432\u0435\u0435\u043d\u0435 \u0437\u0430 \u0432\u0441\u0438\u0447\u043a\u0438 \u0433\u0440\u0430\u0436\u0434\u0430\u043d\u0438?<br \/>ADFC Wiesbaden, Initiative Group Ideas for Biebrich e.V. \u0438 \"Zukunft Schierstein\" \u0441\u044a\u0440\u0434\u0435\u0447\u043d\u043e \u0432\u0438 \u043a\u0430\u043d\u044f\u0442 \u043d\u0430 \u0442\u0430\u0437\u0438 \u0441\u043f\u0435\u0446\u0438\u0430\u043b\u043d\u0430 \u0444\u0438\u043b\u043c\u043e\u0432\u0430 \u0432\u0435\u0447\u0435\u0440 \u0441 \"Cycling Cities\".\u00a0\u041e\u0447\u0430\u043a\u0432\u0430\u043c\u0435 \u0441 \u043d\u0435\u0442\u044a\u0440\u043f\u0435\u043d\u0438\u0435 \u0434\u0430 \u043e\u0442\u043a\u0440\u0438\u0435\u043c \u043d\u043e\u0432\u0438 \u043f\u0435\u0440\u0441\u043f\u0435\u043a\u0442\u0438\u0432\u0438 \u0437\u0430 \u043d\u0430\u0448\u0438\u044f \u0433\u0440\u0430\u0434 \u0442\u0430\u0437\u0438 \u0432\u0435\u0447\u0435\u0440:<\/p>\n<p style=\"padding-left: 40px;\"><strong>\u041c\u0435\u0441\u0442\u043e\u043d\u0430\u0445\u043e\u0436\u0434\u0435\u043d\u0438\u0435:<\/strong> <br \/>\u041c\u0443\u0437\u0435\u0439 \u043d\u0430 \u0412\u0438\u0441\u0431\u0430\u0434\u0435\u043d<br \/>\u0425\u0435\u0441\u0435\u043d \u0434\u044a\u0440\u0436\u0430\u0432\u0435\u043d \u043c\u0443\u0437\u0435\u0439 \u043d\u0430 \u0438\u0437\u043a\u0443\u0441\u0442\u0432\u043e\u0442\u043e \u0438 \u043f\u0440\u0438\u0440\u043e\u0434\u0430\u0442\u0430<br \/>\u0424\u0440\u0438\u0434\u0440\u0438\u0445-\u0415\u0431\u0435\u0440\u0442-\u0410\u043b\u0435 2<br \/>65185 \u0412\u0438\u0441\u0431\u0430\u0434\u0435\u043d<\/p>\n<p style=\"padding-left: 40px;\"><strong>\u0412\u0440\u0435\u043c\u0435:<br \/><\/strong>19,00 \u0447. \u2013 \u043e\u043a\u043e\u043b\u043e 21,30 \u0447.<\/p>\n<p style=\"padding-left: 40px;\"><strong>\u041f\u0440\u0438\u0435\u043c:<\/strong> <br \/>\u0431\u0435\u0437\u043f\u043b\u0430\u0442\u043d\u043e - \u043d\u0438\u0435 \u0432\u0438 \u043c\u043e\u043b\u0438\u043c \u0434\u0430 \u0441\u0435 \u0440\u0435\u0433\u0438\u0441\u0442\u0440\u0438\u0440\u0430\u0442\u0435 <a href=\"\/bg\/&\/#x6d;&#x61;&#105;&#108;t&#x6f;&#x3a;&#x62;&#105;ci&#x62;&#x75;&#115;&#64;a&#x64;&#x66;&#x63;&#45;wi&#x65;&#x73;&#98;&#97;d&#x65;&#x6e;&#x2e;&#100;e\" target=\"_blank\" rel=\"noopener\">bicibus@adfc-wiesbaden.de<\/a>\u00a0<br \/><br \/><\/p>\n<h3>\u0417\u0430\u0449\u043e \u0442\u043e\u0437\u0438 \u0444\u0438\u043b\u043c \u0435 \u0432\u0430\u0436\u0435\u043d \u0437\u0430 \u0412\u0438\u0441\u0431\u0430\u0434\u0435\u043d<\/h3>\n<p>\u041a\u043e\u043b\u043e\u0435\u0437\u0434\u0435\u043d\u0435 \u0413\u0440\u0430\u0434\u043e\u0432\u0435 \u0435 \u043f\u043e\u0432\u0435\u0447\u0435 \u043e\u0442 \u043f\u0440\u043e\u0441\u0442\u043e \u0434\u043e\u043a\u0443\u043c\u0435\u043d\u0442\u0430\u043b\u0435\u043d \u0444\u0438\u043b\u043c \u0437\u0430 \u043a\u043e\u043b\u043e\u0435\u0437\u0434\u0435\u043d\u0435 \u043f\u0440\u0438\u044f\u0442\u0435\u043b\u0441\u043a\u0438 \u0433\u0440\u0430\u0434\u043e\u0432\u0435. \u0424\u0438\u043b\u043c\u044a\u0442 \u043e\u0441\u0432\u0435\u0442\u043b\u044f\u0432\u0430 100-\u0433\u043e\u0434\u0438\u0448\u043d\u0430\u0442\u0430 \u0438\u0441\u0442\u043e\u0440\u0438\u044f \u043d\u0430 \u043a\u043e\u043b\u043e\u0435\u0437\u0434\u0435\u043d\u0435\u0442\u043e \u0438 \u0432\u043f\u0435\u0447\u0430\u0442\u043b\u044f\u0432\u0430\u0449\u043e \u043f\u043e\u043a\u0430\u0437\u0432\u0430, \u0447\u0435 \u0443\u0441\u043f\u0435\u0448\u043d\u0430\u0442\u0430 \u0438\u043d\u0444\u0440\u0430\u0441\u0442\u0440\u0443\u043a\u0442\u0443\u0440\u0430 \u043d\u0435 \u0435 \u0441\u044a\u0432\u043f\u0430\u0434\u0435\u043d\u0438\u0435, \u0430 \u0440\u0435\u0437\u0443\u043b\u0442\u0430\u0442 \u043e\u0442 \u0441\u043c\u0435\u043b\u0438 \u043f\u043e\u043b\u0438\u0442\u0438\u0447\u0435\u0441\u043a\u0438 \u0440\u0435\u0448\u0435\u043d\u0438\u044f.<\/p>\n<h3>\u0412\u0434\u044a\u0445\u043d\u043e\u0432\u0435\u043d\u0438\u0435 &amp; \u0418\u043c\u043f\u0443\u043b\u0441\u0438 \u0437\u0430 \u0432\u0437\u0435\u043c\u0430\u0449\u0438\u0442\u0435 \u0440\u0435\u0448\u0435\u043d\u0438\u044f \u0438 \u0433\u0440\u0430\u0434\u0441\u043a\u0438\u0442\u0435 \u0434\u0438\u0437\u0430\u0439\u043d\u0435\u0440\u0438<\/h3>\n<p style=\"padding-left: 40px;\"><strong>\u0420\u0430\u0437\u0431\u0438\u0440\u0430\u043d\u0435 \u043d\u0430 \u043d\u0430\u0439-\u0434\u043e\u0431\u0440\u0438\u0442\u0435 \u043f\u0440\u0430\u043a\u0442\u0438\u043a\u0438:<\/strong> \u041d\u0430\u0443\u0447\u0435\u0442\u0435 \u043a\u0430\u043a \u0433\u0440\u0430\u0434\u043e\u0432\u0435\u0442\u0435 \u043f\u043e \u0441\u0432\u0435\u0442\u0430 \u0441\u0430 \u043f\u0440\u0435\u043e\u0434\u043e\u043b\u0435\u043b\u0438 \u043f\u0440\u0435\u043f\u044f\u0442\u0441\u0442\u0432\u0438\u044f\u0442\u0430, \u0441 \u043a\u043e\u0438\u0442\u043e \u0441\u0435 \u0441\u0431\u043b\u044a\u0441\u043a\u0432\u0430\u043c\u0435 \u0434\u043d\u0435\u0441 \u0432\u044a\u0432 \u0412\u0438\u0441\u0431\u0430\u0434\u0435\u043d.<\/p>\n<p style=\"padding-left: 40px;\"><strong>\u041a\u0430\u0447\u0435\u0441\u0442\u0432\u043e \u043d\u0430 \u0436\u0438\u0432\u043e\u0442 \u043d\u0430 \u0444\u043e\u043a\u0443\u0441:<\/strong> \u0412\u0438\u0436\u0442\u0435 \u043a\u0430\u043a \u043f\u043b\u0430\u043d\u0438\u0440\u0430\u043d\u0435\u0442\u043e, \u0441\u044a\u043e\u0431\u0440\u0430\u0437\u0435\u043d\u043e \u0441 \u043a\u043e\u043b\u043e\u0435\u0437\u0434\u0435\u043d\u0435\u0442\u043e, \u0443\u043a\u0440\u0435\u043f\u0432\u0430 \u043c\u0435\u0441\u0442\u043d\u0430\u0442\u0430 \u0438\u043a\u043e\u043d\u043e\u043c\u0438\u043a\u0430 \u0438 \u0437\u043d\u0430\u0447\u0438\u0442\u0435\u043b\u043d\u043e \u043f\u043e\u0434\u043e\u0431\u0440\u044f\u0432\u0430 \u043a\u0432\u0430\u0440\u0442\u0430\u043b\u0438\u0442\u0435, \u043a\u0430\u0442\u043e \u043d\u0430\u043f\u0440\u0438\u043c\u0435\u0440 \u0440\u0430\u0439\u043e\u043d\u0438\u0442\u0435 \u0411\u0438\u0431\u0440\u0438\u0445 \u0438 \u0428\u0438\u0435\u0440\u0449\u0430\u0439\u043d.<\/p>\n<p style=\"padding-left: 40px;\"><strong>\u0414\u0438\u0430\u043b\u043e\u0433 \u043d\u0430 \u043d\u0438\u0432\u043e\u0442\u043e \u043d\u0430 \u043e\u0447\u0438\u0442\u0435:<\/strong> \u0418\u0437\u043f\u043e\u043b\u0437\u0432\u0430\u0439\u0442\u0435 \u0432\u0435\u0447\u0435\u0440\u0442\u0430 \u0437\u0430 \u043d\u0435\u0444\u043e\u0440\u043c\u0430\u043b\u0435\u043d \u043e\u0431\u043c\u0435\u043d \u0441 \u0435\u043a\u0441\u043f\u0435\u0440\u0442\u0438 \u0438 \u0430\u043d\u0433\u0430\u0436\u0438\u0440\u0430\u043d\u0438 \u0433\u0440\u0430\u0436\u0434\u0430\u043d\u0438 \u0432 \u0441\u043f\u043e\u043a\u043e\u0439\u043d\u0430 \u0430\u0442\u043c\u043e\u0441\u0444\u0435\u0440\u0430.<\/p>\n<p>\u0423\u0431\u0435\u0434\u0435\u043d\u0438 \u0441\u043c\u0435, \u0447\u0435: \u0418\u0437\u043e\u0431\u0440\u0430\u0436\u0435\u043d\u0438\u044f\u0442\u0430 \u0438 \u0440\u0435\u0448\u0435\u043d\u0438\u044f\u0442\u0430 \u043e\u0442 \u201e\u0413\u0440\u0430\u0434\u043e\u0432\u0435 \u0437\u0430 \u043a\u043e\u043b\u043e\u0435\u0437\u0434\u0435\u043d\u0435\u201c \u0434\u0430\u0432\u0430\u0442 \u0446\u0435\u043d\u0435\u043d \u0442\u043b\u0430\u0441\u044a\u043a \u043d\u0430 \u0435\u0436\u0435\u0434\u043d\u0435\u0432\u043d\u0430\u0442\u0430 \u0440\u0430\u0431\u043e\u0442\u0430 \u0432 \u043a\u043e\u043c\u0438\u0441\u0438\u0438\u0442\u0435, \u043c\u0435\u0441\u0442\u043d\u0438\u0442\u0435 \u0441\u044a\u0432\u0435\u0442\u0438, \u0433\u0440\u0430\u0434\u0441\u043a\u0438\u044f \u043f\u0430\u0440\u043b\u0430\u043c\u0435\u043d\u0442 \u0438 \u0430\u0434\u043c\u0438\u043d\u0438\u0441\u0442\u0440\u0430\u0446\u0438\u044f\u0442\u0430. \u041d\u0435\u043a\u0430 \u043f\u043e\u0433\u043b\u0435\u0434\u043d\u0435\u043c \u0438\u0437\u0432\u044a\u043d \u043a\u0443\u0442\u0438\u044f\u0442\u0430 (\u0438 \u043a\u043e\u0440\u043c\u0438\u043b\u043e\u0442\u043e) \u0437\u0430\u0435\u0434\u043d\u043e, \u0437\u0430 \u0434\u0430 \u043d\u0430\u043f\u0440\u0430\u0432\u0438\u043c \u0412\u0438\u0441\u0431\u0430\u0434\u0435\u043d \u043f\u043e\u0434\u0445\u043e\u0434\u044f\u0449 \u0437\u0430 \u0431\u044a\u0434\u0435\u0449\u0435\u0442\u043e.<\/p>\n<p>\u0411\u043b\u0430\u0433\u043e\u0434\u0430\u0440\u044f \u0432\u0435\u0447\u0435 \u043d\u0430 \u0442\u043e\u0437\u0438 \u0435\u0442\u0430\u043f <a href=\"https:\/\/museum-wiesbaden.de\/\" target=\"_blank\" rel=\"noopener\">\u041c\u0443\u0437\u0435\u0439 \u043d\u0430 \u0412\u0438\u0441\u0431\u0430\u0434\u0435\u043d<\/a> \u0417\u0430 \u0433\u043e\u0441\u0442\u043e\u043f\u0440\u0438\u0435\u043c\u0441\u0442\u0432\u043e\u0442\u043e!<\/p>    <\/div>\n<\/div>\n<!-- \/module text -->        <div  data-lazy=\"1\" class=\"module_subrow themify_builder_sub_row tf_w col_align_top tb_col_count_4 tb_k30f505\">\n                <div  data-lazy=\"1\" class=\"module_column sub_column col4-1 tb_klyu041 first\">\n                    <!-- module image -->\n<div  class=\"module module-image tb_97ht231 image-top   tf_mw tb_gs2677162d\" data-lazy=\"1\">\n        <div class=\"image-wrap tf_rel tf_mw\">\n            <img loading=\"lazy\" decoding=\"async\" width=\"400\" height=\"300\" src=\"https:\/\/www.adfc-wiesbaden.de\/wp-content\/uploads\/2026\/04\/adfc-wiesbaden-rtk-logo_4x3.jpg\" class=\"wp-post-image wp-image-76518\" title=\"adfc-wiesbaden-rtk-\u043b\u043e\u0433\u043e _4x3\" alt=\"adfc-wiesbaden-rtk-\u043b\u043e\u0433\u043e _4x3\" srcset=\"https:\/\/www.adfc-wiesbaden.de\/wp-content\/uploads\/2026\/04\/adfc-wiesbaden-rtk-logo_4x3.jpg 400w, https:\/\/www.adfc-wiesbaden.de\/wp-content\/uploads\/2026\/04\/adfc-wiesbaden-rtk-logo_4x3-200x150.jpg 200w, https:\/\/www.adfc-wiesbaden.de\/wp-content\/uploads\/2026\/04\/adfc-wiesbaden-rtk-logo_4x3-16x12.jpg 16w\" sizes=\"auto, (max-width: 400px) 100vw, 400px\" \/>    \n        <\/div>\n    <!-- \/image-wrap -->\n    \n        <\/div>\n<!-- \/module image -->        <\/div>\n                    <div  data-lazy=\"1\" class=\"module_column sub_column col4-1 tb_pryd400\">\n                    <!-- module image -->\n<div  class=\"module module-image tb_t2zk080 image-top   tf_mw tb_gs2677162d\" data-lazy=\"1\">\n        <div class=\"image-wrap tf_rel tf_mw\">\n            <img loading=\"lazy\" decoding=\"async\" width=\"400\" height=\"300\" src=\"https:\/\/www.adfc-wiesbaden.de\/wp-content\/uploads\/2026\/04\/ideen-fuer-biebrich-logo_4x3.jpg\" class=\"wp-post-image wp-image-76515\" title=\"\u0438\u0434\u0435\u0435\u043d-\u0444\u044e\u0440-\u0431\u0438\u0431\u0440\u0438\u0445-\u043b\u043e\u0433\u043e _4x3\" alt=\"\u0438\u0434\u0435\u0435\u043d-\u0444\u044e\u0440-\u0431\u0438\u0431\u0440\u0438\u0445-\u043b\u043e\u0433\u043e _4x3\" srcset=\"https:\/\/www.adfc-wiesbaden.de\/wp-content\/uploads\/2026\/04\/ideen-fuer-biebrich-logo_4x3.jpg 400w, https:\/\/www.adfc-wiesbaden.de\/wp-content\/uploads\/2026\/04\/ideen-fuer-biebrich-logo_4x3-200x150.jpg 200w, https:\/\/www.adfc-wiesbaden.de\/wp-content\/uploads\/2026\/04\/ideen-fuer-biebrich-logo_4x3-16x12.jpg 16w\" sizes=\"auto, (max-width: 400px) 100vw, 400px\" \/>    \n        <\/div>\n    <!-- \/image-wrap -->\n    \n        <\/div>\n<!-- \/module image -->        <\/div>\n                    <div  data-lazy=\"1\" class=\"module_column sub_column col4-1 tb_4mc6294\">\n                    <!-- module image -->\n<div  class=\"module module-image tb_kh54104 image-top   tf_mw tb_gs2677162d\" data-lazy=\"1\">\n        <div class=\"image-wrap tf_rel tf_mw\">\n            <img loading=\"lazy\" decoding=\"async\" width=\"400\" height=\"300\" src=\"https:\/\/www.adfc-wiesbaden.de\/wp-content\/uploads\/2026\/04\/zukunft-schierstein-logo_4x3.jpg\" class=\"wp-post-image wp-image-76516\" title=\"\u0431\u044a\u0434\u0435\u0449\u043e \u043b\u043e\u0433\u043e \u043d\u0430 \u0428\u044a\u0440\u0449\u0430\u0439\u043d _4x3\" alt=\"\u0431\u044a\u0434\u0435\u0449\u043e \u043b\u043e\u0433\u043e \u043d\u0430 \u0428\u044a\u0440\u0449\u0430\u0439\u043d _4x3\" srcset=\"https:\/\/www.adfc-wiesbaden.de\/wp-content\/uploads\/2026\/04\/zukunft-schierstein-logo_4x3.jpg 400w, https:\/\/www.adfc-wiesbaden.de\/wp-content\/uploads\/2026\/04\/zukunft-schierstein-logo_4x3-200x150.jpg 200w, https:\/\/www.adfc-wiesbaden.de\/wp-content\/uploads\/2026\/04\/zukunft-schierstein-logo_4x3-16x12.jpg 16w\" sizes=\"auto, (max-width: 400px) 100vw, 400px\" \/>    \n        <\/div>\n    <!-- \/image-wrap -->\n    \n        <\/div>\n<!-- \/module image -->        <\/div>\n                    <div  data-lazy=\"1\" class=\"module_column sub_column col4-1 tb_58c1270 last\">\n                    <!-- module image -->\n<div  class=\"module module-image tb_fht4659 image-top   tf_mw tb_gs2677162d\" data-lazy=\"1\">\n        <div class=\"image-wrap tf_rel tf_mw\">\n            <img loading=\"lazy\" decoding=\"async\" width=\"400\" height=\"300\" src=\"https:\/\/www.adfc-wiesbaden.de\/wp-content\/uploads\/2026\/04\/museum-wiesbaden-logo-neu.jpg\" class=\"wp-post-image wp-image-76585\" title=\"\u043c\u0443\u0437\u0435\u0439-wiesbaden-logo-new\" alt=\"\u043c\u0443\u0437\u0435\u0439-wiesbaden-logo-new\" srcset=\"https:\/\/www.adfc-wiesbaden.de\/wp-content\/uploads\/2026\/04\/museum-wiesbaden-logo-neu.jpg 400w, https:\/\/www.adfc-wiesbaden.de\/wp-content\/uploads\/2026\/04\/museum-wiesbaden-logo-neu-200x150.jpg 200w, https:\/\/www.adfc-wiesbaden.de\/wp-content\/uploads\/2026\/04\/museum-wiesbaden-logo-neu-16x12.jpg 16w\" sizes=\"auto, (max-width: 400px) 100vw, 400px\" \/>    \n        <\/div>\n    <!-- \/image-wrap -->\n    \n        <\/div>\n<!-- \/module image -->        <\/div>\n                    <\/div>\n                <div  data-lazy=\"1\" class=\"module_subrow themify_builder_sub_row tf_w col_align_top tb_col_count_1 tb_6hzc759\">\n                <div  data-lazy=\"1\" class=\"module_column sub_column col-full tb_7ggx760 first\">\n                    <!-- module divider -->\n<div  class=\"module tf_mw module-divider tb_zvu4406 solid\" style=\"border-width: 1px;border-color: #ffffff;margin-top: 20px;\" data-lazy=\"1\">\n    <\/div>\n<!-- \/module divider -->\n<!-- module text -->\n<div  class=\"module module-text tb_n970992\" data-lazy=\"1\">\n        <div  class=\"tb_text_wrap\">\n        <p>\u041f\u043e\u0432\u0435\u0447\u0435 \u0437\u0430 \u0440\u0430\u043c\u043a\u043e\u0432\u0430\u0442\u0430 \u043f\u0440\u043e\u0433\u0440\u0430\u043c\u0430 \u043d\u0430 \u0434\u0435\u0439\u0441\u0442\u0432\u0438\u0435\u0442\u043e <a href=\"https:\/\/www.adfc-wiesbaden.de\/bg\/wiesbaden-tritt-an-stadtradeln-2026\/\">\u0412\u0440\u0435\u043c\u0435\u0442\u043e \u0432 \u0412\u0438\u0441\u0431\u0430\u0434\u0435\u043d<\/a> \u0434\u0430 \u043d\u0430\u043c\u0435\u0440\u044f\u0442 \u0441\u0435\u0431\u0435 \u0441\u0438 <a href=\"https:\/\/www.adfc-wiesbaden.de\/bg\/wiesbaden-tritt-an-stadtradeln-2026\/\">\u2192 \u0442\u0443\u043a<\/a>.<\/p>    <\/div>\n<\/div>\n<!-- \/module text -->        <\/div>\n                    <\/div>\n                <\/div>\n                        <\/div>\n        <\/div>\n        <\/div>\n<!--\/themify_builder_content-->\n\n\n<p><\/p>","protected":false},"excerpt":{"rendered":"<p>\u041d\u0430 12 \u044e\u043d\u0438 \u0432\u044a\u0432 \u0412\u0438\u0441\u0431\u0430\u0434\u0435\u043d \u043f\u0440\u0438\u0441\u0442\u0438\u0433\u0430 \u0444\u0438\u043b\u043c\u044a\u0442 \u201eCycling Cities\u201c \u043d\u0430 \u0418\u043d\u0433\u0432\u0430\u0440 \u041f\u0435\u0440\u043e\u0443\u0430\u043d\u043e\u0432\u0438\u0447. \u0424\u0438\u043b\u043c\u044a\u0442 \u0449\u0435 \u0431\u044a\u0434\u0435 \u043f\u043e\u043a\u0430\u0437\u0430\u043d \u0432 \u043c\u0443\u0437\u0435\u044f \u0432\u044a\u0432 \u0412\u0438\u0441\u0431\u0430\u0434\u0435\u043d \u0438 \u0432\u0441\u0438\u0447\u043a\u0438 \u043c\u0435\u0441\u0442\u043d\u0438 \u043f\u043e\u043b\u0438\u0442\u0438\u0446\u0438 \u0441\u0430 \u0441\u044a\u0440\u0434\u0435\u0447\u043d\u043e \u043f\u043e\u043a\u0430\u043d\u0435\u043d\u0438!<\/p>","protected":false},"author":57,"featured_media":76468,"comment_status":"closed","ping_status":"closed","sticky":false,"template":"Nachrichten-Seite.php","format":"standard","meta":{"footnotes":""},"categories":[123,944,804],"tags":[775,816,807],"class_list":["post-76573","post","type-post","status-publish","format-standard","has-post-thumbnail","hentry","category-politik-verkehr","category-stadtradeln","category-veranstaltungen","tag-politik-verkehr","tag-stadtradeln","tag-veranstaltung","has-post-title","has-post-date","has-post-category","has-post-tag","has-post-comment","has-post-author",""],"builder_content":"<img src=\"https:\/\/www.adfc-wiesbaden.de\/wp-content\/uploads\/2026\/04\/cycling-cities-teaserbild.jpg\" title=\"Titelbild &quot;Cycling Cities&quot; | &copy; Ingwar Perowanowitsch\" alt=\"Titelbild &quot;Cycling Cities&quot; | &copy; Ingwar Perowanowitsch\" srcset=\"https:\/\/www.adfc-wiesbaden.de\/wp-content\/uploads\/2026\/04\/cycling-cities-teaserbild.jpg 1600w, https:\/\/www.adfc-wiesbaden.de\/wp-content\/uploads\/2026\/04\/cycling-cities-teaserbild-700x525.jpg 700w, https:\/\/www.adfc-wiesbaden.de\/wp-content\/uploads\/2026\/04\/cycling-cities-teaserbild-1400x1051.jpg 1400w, https:\/\/www.adfc-wiesbaden.de\/wp-content\/uploads\/2026\/04\/cycling-cities-teaserbild-200x150.jpg 200w, https:\/\/www.adfc-wiesbaden.de\/wp-content\/uploads\/2026\/04\/cycling-cities-teaserbild-768x576.jpg 768w, https:\/\/www.adfc-wiesbaden.de\/wp-content\/uploads\/2026\/04\/cycling-cities-teaserbild-1536x1153.jpg 1536w, https:\/\/www.adfc-wiesbaden.de\/wp-content\/uploads\/2026\/04\/cycling-cities-teaserbild-16x12.jpg 16w, https:\/\/www.adfc-wiesbaden.de\/wp-content\/uploads\/2026\/04\/cycling-cities-teaserbild-1400x1051-400x300.jpg 400w\" sizes=\"(max-width: 1600px) 100vw, 1600px\" \/> <h3> Titelbild \"Cycling Cities\" | &copy; Ingwar Perowanowitsch <\/h3>\n<h2>Politischer Film-Event: \u201eCycling Cities\u201c<\/h2> <h3>Am 12. Juni treffen sich Politiker:innen, Fahrradfans und Interessierte im Museum Wiesbaden zu Inspiration und Austausch: Gezeigt wird der beeindruckende Dokumentarfilm \u201eCycling Cities\u201c von Ingwar Perowanowitsch. Die Veranstaltung findet im Rahmen der Aktion STADTRADELN 2026 statt.<\/h3> <p>Wiesbaden befindet sich im Wandel. Mobilit\u00e4t, Klimaschutz und die Gestaltung unserer \u00f6ffentlichen R\u00e4ume sind die zentralen Themen, die uns heute und in Zukunft fordern. Doch wie gelingt die Transformation zur fahrradfreundlichen Stadt, die nicht nur effizient, sondern vor allem lebenswerter f\u00fcr alle B\u00fcrgerinnen und B\u00fcrger ist?<br \/>Der ADFC Wiesbaden, die Initiativgruppe Ideen f\u00fcr Biebrich e.V. und \"Zukunft Schierstein\" laden herzlich zu diesem besonderen Filmabend mit \u201eCycling Cities\u201c ein.\u00a0Wir freuen uns darauf, an diesem Abend neue Perspektiven f\u00fcr unsere Stadt zu entdecken:<\/p> <p style=\"padding-left: 40px;\"><strong>Ort:<\/strong> <br \/>Museum Wiesbaden<br \/>Hessisches Landesmuseum f\u00fcr Kunst und Natur<br \/>Friedrich-Ebert-Allee 2<br \/>65185 Wiesbaden<\/p> <p style=\"padding-left: 40px;\"><strong>Uhrzeit:<br \/><\/strong>19:00 \u2013 ca. 21:30 Uhr<\/p> <p style=\"padding-left: 40px;\"><strong>Eintritt:<\/strong> <br \/>frei - wir bitten um Anmeldung an <a href=\"mailto:bicibus@adfc-wiesbaden.de\" target=\"_blank\" rel=\"noopener\">bicibus@adfc-wiesbaden.de<\/a>\u00a0<br \/><br \/><\/p> <h3>Warum dieser Film f\u00fcr Wiesbaden wichtig ist<\/h3> <p>\u201eCycling Cities\u201c ist mehr als eine Dokumentation \u00fcber fahrradfreundliche St\u00e4dte. Der Film beleuchtet die 100-j\u00e4hrige Geschichte des Radverkehrs und zeigt auf beeindruckende Weise, dass erfolgreiche Infrastruktur kein Zufall ist, sondern das Ergebnis mutiger politischer Weichenstellungen.<\/p> <h3>Inspiration &amp; Impulse f\u00fcr Entscheidungstr\u00e4ger:innen und Stadtgestalter:innen<\/h3> <p style=\"padding-left: 40px;\"><strong>Best Practices verstehen:<\/strong> Erfahren Sie, wie St\u00e4dte weltweit H\u00fcrden \u00fcberwunden haben, vor denen wir in Wiesbaden heute stehen.<\/p> <p style=\"padding-left: 40px;\"><strong>Lebensqualit\u00e4t im Fokus:<\/strong> Sehen Sie, wie eine radgerechte Planung die lokale Wirtschaft st\u00e4rkt und Quartiere \u2013 wie etwa die Stadtteile Biebrich oder Schierstein \u2013 massiv aufwertet.<\/p> <p style=\"padding-left: 40px;\"><strong>Dialog auf Augenh\u00f6he:<\/strong> Nutzen Sie den Abend f\u00fcr den informellen Austausch mit Fachexperten und engagierten B\u00fcrger:innen in entspannter Atmosph\u00e4re.<\/p> <p>Wir sind \u00fcberzeugt: Die Bilder und L\u00f6sungsans\u00e4tze aus \u201eCycling Cities\u201c bieten wertvolle Impulse f\u00fcr die t\u00e4gliche Arbeit in den Aussch\u00fcssen, Ortsbeir\u00e4ten, im Stadtparlament und der Verwaltung. Lassen Sie uns gemeinsam \u00fcber den Tellerrand (und den Lenker) schauen, um Wiesbaden fit f\u00fcr die Zukunft zu machen.<\/p> <p>Danke schon an dieser Stelle ans <a href=\"https:\/\/museum-wiesbaden.de\/\" target=\"_blank\" rel=\"noopener\">Museum Wiesbaden<\/a> f\u00fcr die Gastfreundschaft!<\/p>\n<img src=\"https:\/\/www.adfc-wiesbaden.de\/wp-content\/uploads\/2026\/04\/adfc-wiesbaden-rtk-logo_4x3.jpg\" title=\"adfc-wiesbaden-rtk-logo_4x3\" alt=\"adfc-wiesbaden-rtk-logo_4x3\" srcset=\"https:\/\/www.adfc-wiesbaden.de\/wp-content\/uploads\/2026\/04\/adfc-wiesbaden-rtk-logo_4x3.jpg 400w, https:\/\/www.adfc-wiesbaden.de\/wp-content\/uploads\/2026\/04\/adfc-wiesbaden-rtk-logo_4x3-200x150.jpg 200w, https:\/\/www.adfc-wiesbaden.de\/wp-content\/uploads\/2026\/04\/adfc-wiesbaden-rtk-logo_4x3-16x12.jpg 16w\" sizes=\"(max-width: 400px) 100vw, 400px\" \/>\n<img src=\"https:\/\/www.adfc-wiesbaden.de\/wp-content\/uploads\/2026\/04\/ideen-fuer-biebrich-logo_4x3.jpg\" title=\"ideen-fuer-biebrich-logo_4x3\" alt=\"ideen-fuer-biebrich-logo_4x3\" srcset=\"https:\/\/www.adfc-wiesbaden.de\/wp-content\/uploads\/2026\/04\/ideen-fuer-biebrich-logo_4x3.jpg 400w, https:\/\/www.adfc-wiesbaden.de\/wp-content\/uploads\/2026\/04\/ideen-fuer-biebrich-logo_4x3-200x150.jpg 200w, https:\/\/www.adfc-wiesbaden.de\/wp-content\/uploads\/2026\/04\/ideen-fuer-biebrich-logo_4x3-16x12.jpg 16w\" sizes=\"(max-width: 400px) 100vw, 400px\" \/>\n<img src=\"https:\/\/www.adfc-wiesbaden.de\/wp-content\/uploads\/2026\/04\/zukunft-schierstein-logo_4x3.jpg\" title=\"zukunft-schierstein-logo_4x3\" alt=\"zukunft-schierstein-logo_4x3\" srcset=\"https:\/\/www.adfc-wiesbaden.de\/wp-content\/uploads\/2026\/04\/zukunft-schierstein-logo_4x3.jpg 400w, https:\/\/www.adfc-wiesbaden.de\/wp-content\/uploads\/2026\/04\/zukunft-schierstein-logo_4x3-200x150.jpg 200w, https:\/\/www.adfc-wiesbaden.de\/wp-content\/uploads\/2026\/04\/zukunft-schierstein-logo_4x3-16x12.jpg 16w\" sizes=\"(max-width: 400px) 100vw, 400px\" \/>\n<img src=\"https:\/\/www.adfc-wiesbaden.de\/wp-content\/uploads\/2026\/04\/museum-wiesbaden-logo-neu.jpg\" title=\"museum-wiesbaden-logo-neu\" alt=\"museum-wiesbaden-logo-neu\" srcset=\"https:\/\/www.adfc-wiesbaden.de\/wp-content\/uploads\/2026\/04\/museum-wiesbaden-logo-neu.jpg 400w, https:\/\/www.adfc-wiesbaden.de\/wp-content\/uploads\/2026\/04\/museum-wiesbaden-logo-neu-200x150.jpg 200w, https:\/\/www.adfc-wiesbaden.de\/wp-content\/uploads\/2026\/04\/museum-wiesbaden-logo-neu-16x12.jpg 16w\" sizes=\"(max-width: 400px) 100vw, 400px\" \/>\n\n<p>Mehr zum Rahmenprogramm der Aktion <a href=\"https:\/\/www.adfc-wiesbaden.de\/wiesbaden-tritt-an-stadtradeln-2026\/\">STADTRADELN in Wiesbaden<\/a> finden sich <a href=\"https:\/\/www.adfc-wiesbaden.de\/wiesbaden-tritt-an-stadtradeln-2026\/\">\u2192 hier<\/a>.<\/p>","_links":{"self":[{"href":"https:\/\/www.adfc-wiesbaden.de\/bg\/wp-json\/wp\/v2\/posts\/76573","targetHints":{"allow":["GET"]}}],"collection":[{"href":"https:\/\/www.adfc-wiesbaden.de\/bg\/wp-json\/wp\/v2\/posts"}],"about":[{"href":"https:\/\/www.adfc-wiesbaden.de\/bg\/wp-json\/wp\/v2\/types\/post"}],"author":[{"embeddable":true,"href":"https:\/\/www.adfc-wiesbaden.de\/bg\/wp-json\/wp\/v2\/users\/57"}],"replies":[{"embeddable":true,"href":"https:\/\/www.adfc-wiesbaden.de\/bg\/wp-json\/wp\/v2\/comments?post=76573"}],"version-history":[{"count":15,"href":"https:\/\/www.adfc-wiesbaden.de\/bg\/wp-json\/wp\/v2\/posts\/76573\/revisions"}],"predecessor-version":[{"id":76595,"href":"https:\/\/www.adfc-wiesbaden.de\/bg\/wp-json\/wp\/v2\/posts\/76573\/revisions\/76595"}],"wp:featuredmedia":[{"embeddable":true,"href":"https:\/\/www.adfc-wiesbaden.de\/bg\/wp-json\/wp\/v2\/media\/76468"}],"wp:attachment":[{"href":"https:\/\/www.adfc-wiesbaden.de\/bg\/wp-json\/wp\/v2\/media?parent=76573"}],"wp:term":[{"taxonomy":"category","embeddable":true,"href":"https:\/\/www.adfc-wiesbaden.de\/bg\/wp-json\/wp\/v2\/categories?post=76573"},{"taxonomy":"post_tag","embeddable":true,"href":"https:\/\/www.adfc-wiesbaden.de\/bg\/wp-json\/wp\/v2\/tags?post=76573"}],"curies":[{"name":"wp","href":"https:\/\/api.w.org\/{rel}","templated":true}]}}