{"id":1382,"date":"2023-01-31T18:57:54","date_gmt":"2023-01-31T18:57:54","guid":{"rendered":"https:\/\/kidicalmass.adfc-wiesbaden.de\/?p=1382"},"modified":"2026-04-24T19:53:03","modified_gmt":"2026-04-24T17:53:03","slug":"2023-05-07","status":"publish","type":"post","link":"https:\/\/www.adfc-wiesbaden.de\/en\/2023\/01\/kidical-mass\/2023-05-07\/","title":{"rendered":"Kidical Mass 07 May 2023"},"content":{"rendered":"<h2 class=\"wp-block-heading\">9. Kidical Mass in Wiesbaden<\/h2>\n\n\n\n<p>The second Kidical Mass Wiesbaden 2023 will take place on Sunday, 07.05. at 15:00. We start again at the Dernsches terrain at the level of the ice cream parlor. Where we end up, you can find out in the blog two weeks before.<\/p>\n\n\n\n<h2 class=\"wp-block-heading\">Crafting common signs<\/h2>\n\n\n\n<p>As part of the actions for the 20th anniversary of \u2018Gemeinschaftlich Wohnen e.G.\u2019, we are tinkering in the courtyard of the <a href=\"http:\/\/gemeinschaftlich-wohnen.de\">Residential project Bl\u00fc17<\/a> in the <strong>Bl\u00fccherstra\u00dfe 17<\/strong> on <strong>Friday 5 May<\/strong> from <strong>4:00 p.m. to 6:00 p.m.<\/strong> Signs. The signs adorn our bikes and transport our message. For crafting, all are welcome without prior notice. Materials such as cardboard, colours and cords are available \u2013 you simply bring your creativity and joy.<br>As part of a stopover at the Kidical Mass, cyclists can expect a strengthening surprise from the Bl\u00fc17.<\/p>\n\n\n\n<h2 class=\"wp-block-heading\" id=\"Zubringertouren\">Feeder tours<\/h2>\n\n\n\n<p>There will be feeder tours from different districts. On feeder tours, some families from the same district meet and drive together to the starting point of Dern\u2019sche Gel\u00e4nde. The feeders are not a registered demonstration and are not part of the event. It is driven on cycle paths.<br>If you are interested in a feeder from your quarters, then write to us, <a href=\"\/en\/&\/#109;a&#x69;l&#x74;o&#x3a;k&#x69;d&#x69;c&#x61;&#108;&#x6d;&#97;&#x73;&#115;&#x40;&#97;&#x64;&#102;&#x63;&#45;&#x77;&#105;e&#x73;b&#x61;d&#x65;n&#x2e;d&#x65;\">kidicalmass@adfc-wiesbaden.de<\/a>, an. We help with organizing.<\/p>\n\n\n\n<figure class=\"wp-block-table\"><table><tbody><tr><td>District \/ district<\/td><td>rendezvous<\/td><td>hour<\/td><td>route<\/td><\/tr><tr><td>Biebrich<\/td><td>Flute player fountain<br>on the banks of the Rhine<\/td><td>14:15<\/td><td>5.5 km<\/td><\/tr><tr><td>Poetry district<\/td><td>Leverage school<br>Hebbelplatz \/ Hebbelstra\u00dfe<\/td><td>14:30<\/td><td>1.9 km<\/td><\/tr><tr><td>Kohlheck<\/td><td>Glass containers<br>Dolomite road at the corner of Paul-Gerhardt-Stra\u00dfe<\/td><td>14:15<\/td><td>4,4 km<\/td><\/tr><tr><td>Artist's quarter<\/td><td>Friedrich von Schiller School (new building)<br>Carla-Henius-Stra\u00dfe 3-5<\/td><td>14:20<\/td><td>2.9 km<\/td><\/tr><tr><td>northeast<\/td><td>St. John's Mass School<br>Bicycle stand Johannes-Maa\u00df-Stra\u00dfe \/ gg\u00fc. Cemetery wall<\/td><td>14:30<\/td><td>1.1 km<\/td><\/tr><tr><td>Rheingau district<\/td><td>Glyg<br>Marcobrunnerstra\u00dfe corner of Rauenthalerstra\u00dfe<\/td><td>14:30<\/td><td>1.7 km<\/td><\/tr><tr><td>Westend<\/td><td>Bl\u00fccher school<br>Scharnhorststra\u00dfe Ecle Bl\u00fccherstra\u00dfe<\/td><td>14:30<\/td><td>1.4 km<\/td><\/tr><\/tbody><\/table><\/figure>\n\n\n\n<p id=\"ZubringertourenKarte\">Map of feeder tours<\/p>\n\n\n\n<iframe \nsrc=\"https:\/\/www.google.com\/maps\/d\/embed?mid=1ZAm5gIuXRSSWHlbo949vL5pQXz0aHQs&#038;ehbc=2E312F\" width=\"880\" height=\"660\"><\/iframe>\n\n\n<!-- wp:themify-builder\/canvas \/-->","protected":false},"excerpt":{"rendered":"<p>On Sunday, 7 May 2023, ADFC Wiesbaden will host the second Kidical Mass Wiesbaden 2023. Meeting point is at 15:00 on the Dernsches site.<\/p>","protected":false},"author":52,"featured_media":1598,"comment_status":"closed","ping_status":"closed","sticky":false,"template":"Nachrichten-Seite.php","format":"standard","meta":{"footnotes":""},"categories":[932],"tags":[516,927,772],"class_list":["post-1382","post","type-post","status-publish","format-standard","has-post-thumbnail","hentry","category-kidical-mass","tag-kidical-mass","tag-sommer","tag-wiesbaden","has-post-title","has-post-date","has-post-category","has-post-tag","has-post-comment","has-post-author",""],"builder_content":"","_links":{"self":[{"href":"https:\/\/www.adfc-wiesbaden.de\/en\/wp-json\/wp\/v2\/posts\/1382","targetHints":{"allow":["GET"]}}],"collection":[{"href":"https:\/\/www.adfc-wiesbaden.de\/en\/wp-json\/wp\/v2\/posts"}],"about":[{"href":"https:\/\/www.adfc-wiesbaden.de\/en\/wp-json\/wp\/v2\/types\/post"}],"author":[{"embeddable":true,"href":"https:\/\/www.adfc-wiesbaden.de\/en\/wp-json\/wp\/v2\/users\/52"}],"replies":[{"embeddable":true,"href":"https:\/\/www.adfc-wiesbaden.de\/en\/wp-json\/wp\/v2\/comments?post=1382"}],"version-history":[{"count":4,"href":"https:\/\/www.adfc-wiesbaden.de\/en\/wp-json\/wp\/v2\/posts\/1382\/revisions"}],"predecessor-version":[{"id":76331,"href":"https:\/\/www.adfc-wiesbaden.de\/en\/wp-json\/wp\/v2\/posts\/1382\/revisions\/76331"}],"wp:featuredmedia":[{"embeddable":true,"href":"https:\/\/www.adfc-wiesbaden.de\/en\/wp-json\/wp\/v2\/media\/1598"}],"wp:attachment":[{"href":"https:\/\/www.adfc-wiesbaden.de\/en\/wp-json\/wp\/v2\/media?parent=1382"}],"wp:term":[{"taxonomy":"category","embeddable":true,"href":"https:\/\/www.adfc-wiesbaden.de\/en\/wp-json\/wp\/v2\/categories?post=1382"},{"taxonomy":"post_tag","embeddable":true,"href":"https:\/\/www.adfc-wiesbaden.de\/en\/wp-json\/wp\/v2\/tags?post=1382"}],"curies":[{"name":"wp","href":"https:\/\/api.w.org\/{rel}","templated":true}]}}