{"id":1387,"date":"2023-01-31T23:04:07","date_gmt":"2023-01-31T23:04:07","guid":{"rendered":"https:\/\/kidicalmass.adfc-wiesbaden.de\/?p=1387"},"modified":"2026-04-24T20:00:50","modified_gmt":"2026-04-24T18:00:50","slug":"2023-09-24","status":"publish","type":"post","link":"https:\/\/www.adfc-wiesbaden.de\/en\/2023\/01\/kidical-mass\/2023-09-24\/","title":{"rendered":"Kidical Mass 24 September 2023"},"content":{"rendered":"<p><\/p>\n\n\n\n<h2 class=\"wp-block-heading\">10. Kidical Mass in Wiesbaden<\/h2>\n\n\n\n<p>The third Kidical Mass Wiesbaden 2023 will take place on 24 September at 3:00 p.m. as part of the worldwide <a href=\"https:\/\/kinderaufsrad.org\/\" target=\"_blank\" rel=\"noreferrer noopener\">Kidical mass action days<\/a> instead. It starts exceptionally at Kranzplatz. That's the end of it this time in the Nerotal facilities. Don't worry, we're not just driving along Taunusstra\u00dfe.<\/p>\n\n\n\n<h2 class=\"wp-block-heading\">Supports our goals<\/h2>\n\n\n\n<p>Our main goals are summarized in a petition that can be signed and shared. The petition can be found here: <a href=\"https:\/\/weact.campact.de\/petitions\/kinder-aufs-rad-fur-ein-lebenswertes-wiesbaden\" target=\"_blank\" rel=\"noreferrer noopener\">https:\/\/weact.campact.de\/petitions\/kinder-aufs-rad-fur-ein-lebenswertes-wiesbaden<\/a><\/p>\n\n\n\n<p>There is a need for constant pressure on politics to change our world. Although the Transport Ministers' Conference of March supports a reform of the StVG and StVO with a focus on child-friendly mobility, nothing has yet been reformed. Therefore, let's all face up together for this great change and ride together.<\/p>\n\n\n\n<h2 class=\"wp-block-heading\" id=\"Zubringertouren\">Feeder tours<\/h2>\n\n\n\n<p>There will be feeder tours from different districts. On feeder tours, some families meet at the primary school in the district and drive together to the starting point. The feeders are not a registered demonstration and are not part of the event. It is driven on cycle paths.<br>From your quarters there is no feeder and you are interested, then write to us, <a href=\"\/en\/&\/#109;&#x61;i&#x6c;&#x74;&#111;&#x3a;k&#105;&#x64;&#105;&#x63;a&#108;&#x6d;a&#x73;s&#64;&#x61;d&#x66;&#x63;&#45;&#x77;i&#101;&#x73;&#98;&#x61;d&#101;&#x6e;&#46;&#x64;e\">kidicalmass@adfc-wiesbaden.de<\/a>, an. We help with organizing.<\/p>\n\n\n\n<p>Planned feeder tours (changes will be added):<\/p>\n\n\n\n<figure class=\"wp-block-table alignleft\"><table><tbody><tr><td>District \/ district<\/td><td class=\"has-text-align-left\" data-align=\"left\">rendezvous<\/td><td>hour<\/td><td>route<\/td><\/tr><tr><td>Biebrich<\/td><td class=\"has-text-align-left\" data-align=\"left\">Flute player fountain<br>on the banks of the Rhine<\/td><td>14:15<\/td><td>6.2 km<\/td><\/tr><tr><td>Poetry district<\/td><td class=\"has-text-align-left\" data-align=\"left\">Leverage school<br>Hebbelplatz \/ Hebbelstra\u00dfe<\/td><td>14:30<\/td><td>2.8 km<\/td><\/tr><tr><td>Kohlheck<\/td><td class=\"has-text-align-left\" data-align=\"left\">Glass containers<br>Dolomite road at the corner of Paul-Gerhardt-Stra\u00dfe<\/td><td>14:15<\/td><td>5,1 km<\/td><\/tr><tr><td>Artist's quarter<\/td><td class=\"has-text-align-left\" data-align=\"left\">Friedrich von Schiller School (new building)<br>Carla-Henius-Stra\u00dfe 3-5<\/td><td>14:20<\/td><td>3.5 km<\/td><\/tr><tr><td>northeast<\/td><td class=\"has-text-align-left\" data-align=\"left\">St. John's Mass School<br>Bicycle stand Johannes-Maa\u00df-Stra\u00dfe \/ gg\u00fc. Cemetery wall<\/td><td>14:30<\/td><td>1.4 km<\/td><\/tr><tr><td>Waldstra\u00dfe<\/td><td class=\"has-text-align-left\" data-align=\"left\">Diesterweg school<br>Baumstra\u00dfe corner of Riedstra\u00dfe<\/td><td>14:15<\/td><td>4.7 km<\/td><\/tr><tr><td>Westend<\/td><td class=\"has-text-align-left\" data-align=\"left\">Bl\u00fccher school<br>Scharnhorststra\u00dfe corner of Bl\u00fccherstra\u00dfe<\/td><td>14:30<\/td><td>2,2 km<\/td><\/tr><\/tbody><\/table><figcaption class=\"wp-element-caption\">Status: 22.09.2023 11:00<\/figcaption><\/figure>\n\n\n\n<h4 class=\"wp-block-heading\" id=\"Zubringertourenkarte\">Map of feeder tours<\/h4>\n\n\n\n<iframe \nsrc=\"https:\/\/www.google.com\/maps\/d\/embed?mid=1Lwihg_fSdtNO-vRCCoI92-00k10VcLY&#038;ehbc=2E312F&#038;\" width=\"640\" height=\"480\"><\/iframe>\n\n\n\n<h2 class=\"wp-block-heading\" id=\"Preise\">Redeem prices for stamps<\/h2>\n\n\n\n<p>Participate in the Kidical Mass 3 times and get a surprise, that's what our&nbsp;<a href=\"https:\/\/www.adfc-wiesbaden.de\/en\/3-x-kidical-mass-1-ueberraschung\/\">Stamp action<\/a>.\u00a0 So bring your stamped flyers from the first and second Kidical Mass 2023, get the next stamp and a little surprise.<br>The last stamp and the prices give after the trip at the yellow <a href=\"https:\/\/www.adfc-wiesbaden.de\/en\/\" target=\"_blank\" rel=\"noreferrer noopener\">ADFC<\/a>-Wheel with the box on the front.<\/p>\n\n\n<!-- wp:themify-builder\/canvas \/-->","protected":false},"excerpt":{"rendered":"<p>On Sunday 24 September 2023, ADFC Wiesbaden will host the third Kidical Mass Wiesbaden 2023. Meeting point is at 15:00 at the Kranzplatz.<\/p>","protected":false},"author":52,"featured_media":1489,"comment_status":"closed","ping_status":"closed","sticky":false,"template":"Nachrichten-Seite.php","format":"standard","meta":{"footnotes":""},"categories":[932],"tags":[928,516,772],"class_list":["post-1387","post","type-post","status-publish","format-standard","has-post-thumbnail","hentry","category-kidical-mass","tag-herbst","tag-kidical-mass","tag-wiesbaden","has-post-title","has-post-date","has-post-category","has-post-tag","has-post-comment","has-post-author",""],"builder_content":"","_links":{"self":[{"href":"https:\/\/www.adfc-wiesbaden.de\/en\/wp-json\/wp\/v2\/posts\/1387","targetHints":{"allow":["GET"]}}],"collection":[{"href":"https:\/\/www.adfc-wiesbaden.de\/en\/wp-json\/wp\/v2\/posts"}],"about":[{"href":"https:\/\/www.adfc-wiesbaden.de\/en\/wp-json\/wp\/v2\/types\/post"}],"author":[{"embeddable":true,"href":"https:\/\/www.adfc-wiesbaden.de\/en\/wp-json\/wp\/v2\/users\/52"}],"replies":[{"embeddable":true,"href":"https:\/\/www.adfc-wiesbaden.de\/en\/wp-json\/wp\/v2\/comments?post=1387"}],"version-history":[{"count":3,"href":"https:\/\/www.adfc-wiesbaden.de\/en\/wp-json\/wp\/v2\/posts\/1387\/revisions"}],"predecessor-version":[{"id":76355,"href":"https:\/\/www.adfc-wiesbaden.de\/en\/wp-json\/wp\/v2\/posts\/1387\/revisions\/76355"}],"wp:featuredmedia":[{"embeddable":true,"href":"https:\/\/www.adfc-wiesbaden.de\/en\/wp-json\/wp\/v2\/media\/1489"}],"wp:attachment":[{"href":"https:\/\/www.adfc-wiesbaden.de\/en\/wp-json\/wp\/v2\/media?parent=1387"}],"wp:term":[{"taxonomy":"category","embeddable":true,"href":"https:\/\/www.adfc-wiesbaden.de\/en\/wp-json\/wp\/v2\/categories?post=1387"},{"taxonomy":"post_tag","embeddable":true,"href":"https:\/\/www.adfc-wiesbaden.de\/en\/wp-json\/wp\/v2\/tags?post=1387"}],"curies":[{"name":"wp","href":"https:\/\/api.w.org\/{rel}","templated":true}]}}