{"id":1541,"date":"2024-01-31T21:21:17","date_gmt":"2024-01-31T21:21:17","guid":{"rendered":"https:\/\/kidicalmass.adfc-wiesbaden.de\/?p=1541"},"modified":"2026-04-24T19:35:44","modified_gmt":"2026-04-24T17:35:44","slug":"22-september-2024","status":"publish","type":"post","link":"https:\/\/www.adfc-wiesbaden.de\/en\/2024\/01\/kidical-mass\/22-september-2024\/","title":{"rendered":"Kidical Mass 22 September 2024"},"content":{"rendered":"<h2 class=\"wp-block-heading\">13. Kidical Mass in Wiesbaden<\/h2>\n\n\n\n<ul class=\"wp-block-list\">\n<li><a href=\"https:\/\/www.adfc-wiesbaden.de\/en\/22-september-2024\/#Malaktion\">Painting action<\/a><\/li>\n\n\n\n<li><a href=\"https:\/\/www.adfc-wiesbaden.de\/en\/22-september-2024\/#Schilder\">Drawing signs<\/a><\/li>\n\n\n\n<li><a href=\"https:\/\/www.adfc-wiesbaden.de\/en\/22-september-2024\/#Preise\">Collect prices for the stamp<\/a><\/li>\n\n\n\n<li><a href=\"https:\/\/www.adfc-wiesbaden.de\/en\/22-september-2024\/#Zubringertouren\">Feeder tours<\/a>\n<ul class=\"wp-block-list\">\n<li><a href=\"https:\/\/www.adfc-wiesbaden.de\/en\/22-september-2024\/#Karte\">Map feeder<\/a><\/li>\n<\/ul>\n<\/li>\n<\/ul>\n\n\n\n<p>The third Kidical Mass Wiesbaden 2023 will take place on 22.09. at 15:00 as part of the worldwide <a href=\"https:\/\/kinderaufsrad.org\/\" target=\"_blank\" rel=\"noreferrer noopener\">Kidical mass action days<\/a> instead. This time the start and end are identical on the Dern\u2019sches terrain. Around the town hall and especially on the castle square, the <a href=\"https:\/\/www.wiesbaden.de\/leben-in-wiesbaden\/gesellschaft\/kinder\/content\/weltkindertag.php\" data-type=\"link\" data-id=\"https:\/\/www.wiesbaden.de\/leben-in-wiesbaden\/gesellschaft\/kinder\/content\/weltkindertag.php\" target=\"_blank\" rel=\"noreferrer noopener\">World Children's Day<\/a> Celebrated from 13:00 to 18:00. The route is 5.8 km long. <br>As always, we are accompanied by police and paramedics. <\/p>\n\n\n\n<h2 class=\"wp-block-heading\" id=\"Malaktion\">Painting action<\/h2>\n\n\n\n<p>We will beautify the asphalt of this otherwise well-frequented Schiersteiner Stra\u00dfe with chalk. Thus, the Kidical Mass remains visible to a wide variety of traffic participants even in the following days. There are no limits to your creativity. We have chalk on site. So that you can paint longer and also with your favorite color, it is best to bring your own chalk.<\/p>\n\n\n\n<h2 class=\"wp-block-heading\" id=\"Schilder\">banners, signs, \u2026<\/h2>\n\n\n\n<p>To show passers-by what it is all about, signs, banners, etc. are useful. Creates these in advance, attaches them to wheels and thereby transports our intentions. You have no idea for signs,&nbsp;<a href=\"https:\/\/kinderaufsrad.org\/wp-content\/uploads\/2022\/05\/Demoschilder_KidicalMass_Selbstausdrucken-1.pdf\" target=\"_blank\" rel=\"noreferrer noopener\">here<\/a>&nbsp;You can download and print forms.<\/p>\n\n\n\n<h2 class=\"wp-block-heading\" id=\"Preise\">Redeem prices for stamps<\/h2>\n\n\n\n<p>For all those who participated in the Kidical Mass three times in 2024 and each time stamped at our&nbsp;<a href=\"https:\/\/www.adfc-wiesbaden.de\/en\/3-x-kidical-mass-1-ueberraschung\/\">Stamp action<\/a> Once again, a little surprise awaits. Bring your stamped flyers from the first and second Kidical Mass, get the last stamp and exchange the flyer for the surprise.<br>The last stamp is after the ride at the yellow&nbsp;<a href=\"https:\/\/www.adfc-wiesbaden.de\/en\/\" target=\"_blank\" rel=\"noreferrer noopener\">ADFC<\/a>-Wheel with the box on the front.<\/p>\n\n\n\n<h2 class=\"wp-block-heading\" id=\"Zubringertouren\">Feeder tours<\/h2>\n\n\n\n<p>Feeder tours are self-organized trips to which families meet at their primary school in the district and then drive together to the starting point. The feeders are not a registered demonstration and are not part of the event. It is driven on cycle paths and low-traffic side roads.<br>From your quarters there is no feeder yet and you are interested, then write to us,&nbsp;<a href=\"\/en\/m&\/#97;&#105;&#x6c;&#x74;&#x6f;:&#107;&#105;&#x64;&#x69;&#x63;al&#109;&#x61;&#x73;&#x73;&#64;a&#100;&#102;&#x63;&#x2d;&#x77;i&#101;&#115;&#x62;&#x61;&#x64;e&#110;&#46;&#x64;&#x65;\">kidicalmass@adfc-wiesbaden.de<\/a>, an. We help with organizing.<\/p>\n\n\n\n<p>Planned feeder tours (changes are constantly updated):<\/p>\n\n\n\n<figure class=\"wp-block-table is-style-stripes\"><table><tbody><tr><td class=\"has-text-align-center\" data-align=\"center\">District \/ district<\/td><td class=\"has-text-align-center\" data-align=\"center\">rendezvous<\/td><td>hour<\/td><td>length<\/td><\/tr><tr><td class=\"has-text-align-center\" data-align=\"center\">Biebrich<\/td><td class=\"has-text-align-center\" data-align=\"center\">Flute player fountain<br>on the banks of the Rhine<\/td><td>14:15<\/td><td>6.2 km<\/td><\/tr><tr><td class=\"has-text-align-center\" data-align=\"center\">Poetry district<\/td><td class=\"has-text-align-center\" data-align=\"center\">Leverage school<br>Hebbelplatz \/ Hebbelstra\u00dfe<\/td><td>14:30<\/td><td>2.8 km<\/td><\/tr><tr><td class=\"has-text-align-center\" data-align=\"center\">Kohlheck<\/td><td class=\"has-text-align-center\" data-align=\"center\">Glass containers<br>Dolomite road at the corner of Paul-Gerhardt-Stra\u00dfe<\/td><td>14:15<\/td><td>5,1 km<\/td><\/tr><tr><td class=\"has-text-align-center\" data-align=\"center\">Artist's quarter<\/td><td class=\"has-text-align-center\" data-align=\"center\">Friedrich von Schiller School (new building)<br>Carla-Henius-Stra\u00dfe 3-5<\/td><td>14:20<\/td><td>3.5 km<\/td><\/tr><tr><td class=\"has-text-align-center\" data-align=\"center\">northeast<\/td><td class=\"has-text-align-center\" data-align=\"center\">St. John's Mass School<br>Bicycle stand Johannes-Maa\u00df-Stra\u00dfe \/ gg\u00fc. Cemetery wall<\/td><td>14:30<\/td><td>1.1 km<\/td><\/tr><tr><td class=\"has-text-align-center\" data-align=\"center\">Westend<\/td><td class=\"has-text-align-center\" data-align=\"center\">Bl\u00fccher school<br>Scharnhorststra\u00dfe corner of Bl\u00fccherstra\u00dfe<\/td><td>14:30<br><\/td><td>2,2 km<\/td><\/tr><\/tbody><\/table><figcaption class=\"wp-element-caption\">Status: 11.09.2024 23:00<\/figcaption><\/figure>\n\n\n\n<h3 class=\"wp-block-heading\" id=\"Karte\">Map of feeder tours<\/h3>\n\n\n\n<iframe loading=\"lazy\" src=\"https:\/\/www.google.com\/maps\/d\/embed?mid=1-0FkY4g8RSGvkHj5LUpACrlCn5V0D5o&#038;ehbc=2E312F\" width=\"640\" height=\"480\"><\/iframe>\n\n\n<!-- wp:themify-builder\/canvas \/-->","protected":false},"excerpt":{"rendered":"<p>The third Kidical Mass Wiesbaden 2023 will take place on 22.09. at 15:00 as part of the worldwide Kidical Mass action days. This time the start and end are identical on the Dern\u2019sches terrain. Around the town hall and especially on the Schlossplatz, the World Children's Day is celebrated from 1:00 p.m. to 6:00 p.m. The route is 5.8 km long.<br \/>\nAs always, we are accompanied by police and paramedics.<\/p>","protected":false},"author":52,"featured_media":70293,"comment_status":"closed","ping_status":"closed","sticky":false,"template":"Nachrichten-Seite.php","format":"standard","meta":{"footnotes":""},"categories":[932],"tags":[928,516,772],"class_list":["post-1541","post","type-post","status-publish","format-standard","has-post-thumbnail","hentry","category-kidical-mass","tag-herbst","tag-kidical-mass","tag-wiesbaden","has-post-title","has-post-date","has-post-category","has-post-tag","has-post-comment","has-post-author",""],"builder_content":"","_links":{"self":[{"href":"https:\/\/www.adfc-wiesbaden.de\/en\/wp-json\/wp\/v2\/posts\/1541","targetHints":{"allow":["GET"]}}],"collection":[{"href":"https:\/\/www.adfc-wiesbaden.de\/en\/wp-json\/wp\/v2\/posts"}],"about":[{"href":"https:\/\/www.adfc-wiesbaden.de\/en\/wp-json\/wp\/v2\/types\/post"}],"author":[{"embeddable":true,"href":"https:\/\/www.adfc-wiesbaden.de\/en\/wp-json\/wp\/v2\/users\/52"}],"replies":[{"embeddable":true,"href":"https:\/\/www.adfc-wiesbaden.de\/en\/wp-json\/wp\/v2\/comments?post=1541"}],"version-history":[{"count":7,"href":"https:\/\/www.adfc-wiesbaden.de\/en\/wp-json\/wp\/v2\/posts\/1541\/revisions"}],"predecessor-version":[{"id":76320,"href":"https:\/\/www.adfc-wiesbaden.de\/en\/wp-json\/wp\/v2\/posts\/1541\/revisions\/76320"}],"wp:featuredmedia":[{"embeddable":true,"href":"https:\/\/www.adfc-wiesbaden.de\/en\/wp-json\/wp\/v2\/media\/70293"}],"wp:attachment":[{"href":"https:\/\/www.adfc-wiesbaden.de\/en\/wp-json\/wp\/v2\/media?parent=1541"}],"wp:term":[{"taxonomy":"category","embeddable":true,"href":"https:\/\/www.adfc-wiesbaden.de\/en\/wp-json\/wp\/v2\/categories?post=1541"},{"taxonomy":"post_tag","embeddable":true,"href":"https:\/\/www.adfc-wiesbaden.de\/en\/wp-json\/wp\/v2\/tags?post=1541"}],"curies":[{"name":"wp","href":"https:\/\/api.w.org\/{rel}","templated":true}]}}