{"id":1654,"date":"2025-09-21T21:58:56","date_gmt":"2025-09-21T19:58:56","guid":{"rendered":"https:\/\/kidicalmass.adfc-wiesbaden.de\/?p=1654"},"modified":"2026-04-17T19:43:31","modified_gmt":"2026-04-17T17:43:31","slug":"2025-09-21","status":"publish","type":"post","link":"https:\/\/www.adfc-wiesbaden.de\/en\/2025\/09\/kidical-mass\/2025-09-21\/","title":{"rendered":"16. Kidical Mass Wiesbaden - September 2025"},"content":{"rendered":"<p><\/p>\n\n<!--themify_builder_content-->\n<div id=\"themify_builder_content-1654\" data-postid=\"1654\" class=\"themify_builder_content themify_builder_content-1654 themify_builder tf_clear\">\n                    <div  data-lazy=\"1\" class=\"module_row themify_builder_row tb_0h7j880 tb_first tf_w\">\n                        <div class=\"row_inner col_align_top tb_col_count_1 tf_box tf_rel\">\n                        <div  data-lazy=\"1\" class=\"module_column tb-column col-full tb_drbz881 first\">\n                    <!-- module image -->\n<div  class=\"module module-image tb_2t7n655 image-top   tf_mw tb_gs2677162d\" data-lazy=\"1\">\n        <div class=\"image-wrap tf_rel tf_mw\">\n            <img loading=\"lazy\" decoding=\"async\" width=\"2048\" height=\"1366\" src=\"https:\/\/www.adfc-wiesbaden.de\/wp-content\/uploads\/2024\/10\/KM-Wiesbaden-2409-Schiersteiner-Strasse.jpeg\" class=\"wp-post-image wp-image-1633\" title=\"Kidical Mass - \u00a9 ADFC Wiesbaden\" alt=\"Kidical Mass - \u00a9 ADFC Wiesbaden\" srcset=\"https:\/\/www.adfc-wiesbaden.de\/wp-content\/uploads\/2024\/10\/KM-Wiesbaden-2409-Schiersteiner-Strasse.jpeg 2048w, https:\/\/www.adfc-wiesbaden.de\/wp-content\/uploads\/2024\/10\/KM-Wiesbaden-2409-Schiersteiner-Strasse-700x467.jpeg 700w, https:\/\/www.adfc-wiesbaden.de\/wp-content\/uploads\/2024\/10\/KM-Wiesbaden-2409-Schiersteiner-Strasse-1400x934.jpeg 1400w, https:\/\/www.adfc-wiesbaden.de\/wp-content\/uploads\/2024\/10\/KM-Wiesbaden-2409-Schiersteiner-Strasse-200x133.jpeg 200w, https:\/\/www.adfc-wiesbaden.de\/wp-content\/uploads\/2024\/10\/KM-Wiesbaden-2409-Schiersteiner-Strasse-768x512.jpeg 768w, https:\/\/www.adfc-wiesbaden.de\/wp-content\/uploads\/2024\/10\/KM-Wiesbaden-2409-Schiersteiner-Strasse-1536x1025.jpeg 1536w\" sizes=\"auto, (max-width: 2048px) 100vw, 2048px\" \/>    \n        <\/div>\n    <!-- \/image-wrap -->\n    \n        <div class=\"image-content\">\n                    <h3 class=\"image-title\">\n                                    Kidical Mass - \u00a9 ADFC Wiesbaden                            <\/h3>\n                    <\/div>\n    <!-- \/image-content -->\n        <\/div>\n<!-- \/module image --><!-- module text -->\n<div  class=\"module module-text tb_8dv0838    tb_gs678604\" data-lazy=\"1\">\n        <div  class=\"tb_text_wrap\">\n        <h1>16. Kidical Mass Wiesbaden - September 2025<\/h1>\n<p>The third Kidical Mass Wiesbaden 2025 will take place on September 21st at 3:00 p.m. as part of the worldwide\u00a0<a href=\"https:\/\/kinderaufsrad.org\/\" target=\"_blank\" rel=\"noreferrer noopener\">Kidical mass action days<\/a>\u00a0instead. It starts again on the Dern\u2019sches site. Around the town hall and especially on the castle square, the\u00a0<a href=\"https:\/\/www.wiesbaden.de\/leben-in-wiesbaden\/gesellschaft-soziales\/kinder\/kinderrechte\/weltkindertag\" target=\"_blank\" rel=\"noreferrer noopener\">World Children's Day<\/a>\u00a0Celebrated from 13:00 to 18:00. We end this time in the green area in the Nerotal, where the ice cream truck will supply us with ice again. As always, we are accompanied by police and paramedics.<\/p>\n<h2>Painting action<\/h2>\n<p>We will beautify the grey asphalt in front of the Landeshaus with chalk. Thus, the Kidical Mass remains visible to a wide variety of traffic participants even in the following days. In the immediate vicinity was on the 1. Ring the popular environmental trail interrupted. There are no limits to your creativity. We have chalk on site. So that you can paint longer and also with your favorite color, it is best to bring your own chalk.<\/p>\n<h2>Redeem prices for stamps<\/h2>\n<p>For all those who participated in the Kidical Mass three times in 2025 and each time stamped at our\u00a0<a href=\"https:\/\/www.adfc-wiesbaden.de\/en\/3-x-kidical-mass-1-ueberraschung\/\">Stamp action<\/a>\u00a0Once again, a little surprise awaits. Bring your stamped flyers from the first and second Kidical Mass, get the last stamp and exchange the flyer for the surprise.<br \/>The last stamp is after the ride at the yellow\u00a0<a href=\"https:\/\/www.adfc-wiesbaden.de\/en\/\" target=\"_blank\" rel=\"noreferrer noopener\">ADFC<\/a>-Wheel with the box on the front.<\/p>\n<h2>Feeder tours<\/h2>\n<h3>Planned feeder tours (changes are constantly updated):<\/h3>\n<figure class=\"wp-block-table is-style-stripes\">\n<table class=\"has-fixed-layout\">\n<tbody>\n<tr>\n<td>District \/ district<\/td>\n<td>rendezvous<\/td>\n<td>hour<\/td>\n<td>distances<\/td>\n<\/tr>\n<tr>\n<td>northeast<\/td>\n<td><strong>St. John's Mass School<\/strong><br \/>Bicycle stand Johannes-Maa\u00df-Stra\u00dfe \/ gg\u00fc. Cemetery wall<\/td>\n<td>14:30<\/td>\n<td>1.5 km<\/td>\n<\/tr>\n<\/tbody>\n<\/table>\n<\/figure>\n<p>Feeder tours are self-organized trips to which families meet at their primary school in the district and then drive together to the starting point. The feeders are not a registered demonstration and are not part of the event. It is driven on cycle paths and low-traffic side roads.<br \/>From your quarters there is no feeder yet and you are interested, then write to us,\u00a0<a href=\"\/en\/&\/#x6d;&#97;i&#x6c;&#x74;&#111;:&#x6b;&#x69;&#100;i&#x63;&#x61;&#108;m&#x61;&#x73;&#115;&#64;&#x61;&#100;&#102;c&#x2d;&#119;i&#x65;&#x73;&#98;a&#x64;&#x65;&#110;&#46;&#x64;&#x65;\">kidicalmass@adfc-wiesbaden.de<\/a>, an. We help with organizing.<\/p>    <\/div>\n<\/div>\n<!-- \/module text --><!-- module image -->\n<div  class=\"module module-image tb_pyx5916 image-top   tf_mw\" data-lazy=\"1\">\n        <div class=\"image-wrap tf_rel tf_mw\">\n            <img loading=\"lazy\" decoding=\"async\" width=\"735\" height=\"1022\" src=\"https:\/\/www.adfc-wiesbaden.de\/wp-content\/uploads\/2025\/01\/2025-09-21_kmwbn_Route_sharepic.jpg\" class=\"wp-post-image wp-image-1802\" title=\"Kidical Mass Wiesbaden Route 21.09.2025\" alt=\"Route of the 16th Kidical Mass in Wiesbaden\" srcset=\"https:\/\/www.adfc-wiesbaden.de\/wp-content\/uploads\/2025\/01\/2025-09-21_kmwbn_Route_sharepic.jpg 735w, https:\/\/www.adfc-wiesbaden.de\/wp-content\/uploads\/2025\/01\/2025-09-21_kmwbn_Route_sharepic-700x973.jpg 700w, https:\/\/www.adfc-wiesbaden.de\/wp-content\/uploads\/2025\/01\/2025-09-21_kmwbn_Route_sharepic-200x278.jpg 200w\" sizes=\"auto, (max-width: 735px) 100vw, 735px\" \/>    \n        <\/div>\n    <!-- \/image-wrap -->\n    \n        <\/div>\n<!-- \/module image --><!-- module plain text -->\n<div  class=\"module module-plain-text tb_u24z839\" data-lazy=\"1\">\n        <div class=\"tb_text_wrap\">\n    <h3>\n\tMap of feeder tours\n<\/h3>\n<iframe loading=\"lazy\" src=\"https:\/\/www.google.com\/maps\/d\/u\/0\/embed?mid=11jAiJcc-X0-dSVvxeJ1K4xzLMTOiGTg&#038;ehbc=2E312F&#038;noprof=1\" width=\"640\" height=\"480\"><\/iframe>    <\/div>\n<\/div>\n<!-- \/module plain text -->        <\/div>\n                        <\/div>\n        <\/div>\n        <\/div>\n<!--\/themify_builder_content-->","protected":false},"excerpt":{"rendered":"<p>The third Kidical Mass Wiesbaden 2025 will take place on September 21st at 3:00 p.m. as part of the worldwide Kidical Mass action days. It starts again on the Dern\u2019sches site. Around the town hall and especially on the Schlossplatz, the World Children's Day is celebrated from 1:00 p.m. to 6:00 p.m. We end this time in the green area in the Nerotal, where the ice cream truck will supply us with ice again. As always, we are accompanied by police and paramedics.<\/p>","protected":false},"author":52,"featured_media":76050,"comment_status":"closed","ping_status":"closed","sticky":false,"template":"Nachrichten-Seite.php","format":"standard","meta":{"footnotes":""},"categories":[932],"tags":[928,516,772],"class_list":["post-1654","post","type-post","status-publish","format-standard","has-post-thumbnail","hentry","category-kidical-mass","tag-herbst","tag-kidical-mass","tag-wiesbaden","has-post-title","has-post-date","has-post-category","has-post-tag","has-post-comment","has-post-author",""],"builder_content":"<img src=\"https:\/\/www.adfc-wiesbaden.de\/wp-content\/uploads\/2024\/10\/KM-Wiesbaden-2409-Schiersteiner-Strasse.jpeg\" title=\"Kidical Mass - &copy; ADFC Wiesbaden\" alt=\"Kidical Mass - &copy; ADFC Wiesbaden\" srcset=\"https:\/\/www.adfc-wiesbaden.de\/wp-content\/uploads\/2024\/10\/KM-Wiesbaden-2409-Schiersteiner-Strasse.jpeg 2048w, https:\/\/www.adfc-wiesbaden.de\/wp-content\/uploads\/2024\/10\/KM-Wiesbaden-2409-Schiersteiner-Strasse-700x467.jpeg 700w, https:\/\/www.adfc-wiesbaden.de\/wp-content\/uploads\/2024\/10\/KM-Wiesbaden-2409-Schiersteiner-Strasse-1400x934.jpeg 1400w, https:\/\/www.adfc-wiesbaden.de\/wp-content\/uploads\/2024\/10\/KM-Wiesbaden-2409-Schiersteiner-Strasse-200x133.jpeg 200w, https:\/\/www.adfc-wiesbaden.de\/wp-content\/uploads\/2024\/10\/KM-Wiesbaden-2409-Schiersteiner-Strasse-768x512.jpeg 768w, https:\/\/www.adfc-wiesbaden.de\/wp-content\/uploads\/2024\/10\/KM-Wiesbaden-2409-Schiersteiner-Strasse-1536x1025.jpeg 1536w\" sizes=\"(max-width: 2048px) 100vw, 2048px\" \/> <h3> Kidical Mass - &copy; ADFC Wiesbaden <\/h3>\n<h1>16. Kidical Mass Wiesbaden - September 2025<\/h1> <p>Die dritte Kidical Mass Wiesbaden 2025 findet am 21.09. um 15:00 Uhr im Rahmen der weltweiten\u00a0<a href=\"https:\/\/kinderaufsrad.org\/\" target=\"_blank\" rel=\"noreferrer noopener\">Kidical-Mass-Aktionstagen<\/a>\u00a0statt. Gestartet wird wieder auf dem Dern\u2019sches Gel\u00e4nde. Rund um das Rathaus und besonders auf dem Schlo\u00dfplatz wird der\u00a0<a href=\"https:\/\/www.wiesbaden.de\/leben-in-wiesbaden\/gesellschaft-soziales\/kinder\/kinderrechte\/weltkindertag\" target=\"_blank\" rel=\"noreferrer noopener\">Weltkindertag<\/a>\u00a0von 13:00 bis 18:00 Uhr gefeiert. Wir enden diesmal in der Gr\u00fcnanlage im Nerotal, wo uns der Eiswagen wieder mit Eis versorgen wird. Begleitet werden wir wie immer durch Polizei und Sanit\u00e4ter.<\/p> <h2>Malaktion<\/h2> <p>Wir werden den grauen Asphalt vor dem Landeshaus mit Kreide versch\u00f6nern. Somit bleibt die Kidical Mass auch noch in den Folgetagen f\u00fcr unterschiedlichste Verkehrsteilnehmende sichtbar. In unmittelbarer N\u00e4he wurde auf dem 1. Ring die beliebte Umweltspur unterbrochen. Eurer Kreativit\u00e4t sind dabei keine Grenzen gesetzt. Wir haben Kreide vor Ort. Damit ihr l\u00e4nger und auch mit eurer Lieblingsfarbe malen k\u00f6nnt, bringt am Besten eurer eigene Kreide mit.<\/p> <h2>Preise f\u00fcr Stempel einl\u00f6sen<\/h2> <p>F\u00fcr alle die 2025 drei Mal an der Kidical Mass teilgenommen und jedes Mal Stempel bei unserer\u00a0<a href=\"https:\/\/www.adfc-wiesbaden.de\/3-x-kidical-mass-1-ueberraschung\/\">Stempelaktion<\/a>\u00a0gesammelt haben, wartet wieder eine kleine \u00dcberraschung. Bringt eure gestempelten Flyer von der ersten und zweiten Kidical Mass mit, holt euch den letzten Stempel und tauscht den Flyer gegen die \u00dcberraschung ein.<br \/>Den letzten Stempel gibt es nach der Fahrt beim gelben\u00a0<a href=\"https:\/\/www.adfc-wiesbaden.de\/\" target=\"_blank\" rel=\"noreferrer noopener\">ADFC<\/a>-Lastenrad mit der Box vorne drauf.<\/p> <h2>Zubringertouren<\/h2> <h3>Geplanten Zubringertouren (\u00c4nderungen werden stetig aktualisiert):<\/h3> <figure> <table> <tbody> <tr> <td>Stadtteil \/ Quartier<\/td> <td>Treffpunkt<\/td> <td>Uhrzeit<\/td> <td>Distanz<\/td> <\/tr> <tr> <td>Nordost<\/td> <td><strong>Johannes-Maa\u00df-Schule<\/strong><br \/>Fahrradst\u00e4nder Johannes-Maa\u00df-Stra\u00dfe \/ gg\u00fc. Friedhofsmauer<\/td> <td>14:30<\/td> <td>1,5 km<\/td> <\/tr> <\/tbody> <\/table> <\/figure> <p>Zubringertouren sind selbstorganisierte Fahrten zu denen sich Familien an ihrer Grundschule im Viertel treffen und dann gemeinsam zum Startpunkt fahren. Die Zubringer sind keine angemeldete Demonstration und sind nicht Teil der Veranstaltung. Es wird auf Radwegen und verkehrsarmen Nebenstra\u00dfen gefahren.<br \/>Aus euren Viertel gibt es noch keinen Zubringer und ihr habt Interesse, dann schreibt uns,\u00a0<a href=\"mailto:kidicalmass@adfc-wiesbaden.de\">kidicalmass@adfc-wiesbaden.de<\/a>, an. Wir helfen beim Organisieren.<\/p>\n<img src=\"https:\/\/www.adfc-wiesbaden.de\/wp-content\/uploads\/2025\/01\/2025-09-21_kmwbn_Route_sharepic.jpg\" title=\"Kidical Mass Wiesbaden Route 21.09.2025\" alt=\"Route der 16. Kidical Mass Wiesbaden\" srcset=\"https:\/\/www.adfc-wiesbaden.de\/wp-content\/uploads\/2025\/01\/2025-09-21_kmwbn_Route_sharepic.jpg 735w, https:\/\/www.adfc-wiesbaden.de\/wp-content\/uploads\/2025\/01\/2025-09-21_kmwbn_Route_sharepic-700x973.jpg 700w, https:\/\/www.adfc-wiesbaden.de\/wp-content\/uploads\/2025\/01\/2025-09-21_kmwbn_Route_sharepic-200x278.jpg 200w\" sizes=\"(max-width: 735px) 100vw, 735px\" \/>\n<h3> Karte der Zubringertouren <\/h3> <iframe loading=\"lazy\" src=\"https:\/\/www.google.com\/maps\/d\/u\/0\/embed?mid=11jAiJcc-X0-dSVvxeJ1K4xzLMTOiGTg&ehbc=2E312F&noprof=1\" width=\"640\" height=\"480\"><\/iframe>","_links":{"self":[{"href":"https:\/\/www.adfc-wiesbaden.de\/en\/wp-json\/wp\/v2\/posts\/1654","targetHints":{"allow":["GET"]}}],"collection":[{"href":"https:\/\/www.adfc-wiesbaden.de\/en\/wp-json\/wp\/v2\/posts"}],"about":[{"href":"https:\/\/www.adfc-wiesbaden.de\/en\/wp-json\/wp\/v2\/types\/post"}],"author":[{"embeddable":true,"href":"https:\/\/www.adfc-wiesbaden.de\/en\/wp-json\/wp\/v2\/users\/52"}],"replies":[{"embeddable":true,"href":"https:\/\/www.adfc-wiesbaden.de\/en\/wp-json\/wp\/v2\/comments?post=1654"}],"version-history":[{"count":32,"href":"https:\/\/www.adfc-wiesbaden.de\/en\/wp-json\/wp\/v2\/posts\/1654\/revisions"}],"predecessor-version":[{"id":76052,"href":"https:\/\/www.adfc-wiesbaden.de\/en\/wp-json\/wp\/v2\/posts\/1654\/revisions\/76052"}],"wp:featuredmedia":[{"embeddable":true,"href":"https:\/\/www.adfc-wiesbaden.de\/en\/wp-json\/wp\/v2\/media\/76050"}],"wp:attachment":[{"href":"https:\/\/www.adfc-wiesbaden.de\/en\/wp-json\/wp\/v2\/media?parent=1654"}],"wp:term":[{"taxonomy":"category","embeddable":true,"href":"https:\/\/www.adfc-wiesbaden.de\/en\/wp-json\/wp\/v2\/categories?post=1654"},{"taxonomy":"post_tag","embeddable":true,"href":"https:\/\/www.adfc-wiesbaden.de\/en\/wp-json\/wp\/v2\/tags?post=1654"}],"curies":[{"name":"wp","href":"https:\/\/api.w.org\/{rel}","templated":true}]}}