{"id":1380,"date":"2023-01-31T18:55:23","date_gmt":"2023-01-31T18:55:23","guid":{"rendered":"https:\/\/kidicalmass.adfc-wiesbaden.de\/?p=1380"},"modified":"2026-04-24T19:53:41","modified_gmt":"2026-04-24T17:53:41","slug":"2023-03-19","status":"publish","type":"post","link":"https:\/\/www.adfc-wiesbaden.de\/es\/2023\/01\/kidical-mass\/2023-03-19\/","title":{"rendered":"Misa infantil 19 de marzo de 2023"},"content":{"rendered":"<h2 class=\"wp-block-heading\">8. Misa infantil en Wiesbaden<\/h2>\n\n\n\n<p>La primera misa infantil de Wiesbaden 2023 tendr\u00e1 lugar el domingo 19.03. a las 15:00. Volvamos al terreno de Dernsches. Al nivel de la helader\u00eda. Despu\u00e9s de unos buenos 5 km y 50 metros de altitud, la bicicleta infantil Corso termina en el Valle de Wellritz.<\/p>\n\n\n\n<h2 class=\"wp-block-heading\" id=\"Zubringertouren\">Tours de alimentadores<\/h2>\n\n\n\n<p>Habr\u00e1 visitas guiadas desde diferentes distritos. En las visitas guiadas, algunas familias del mismo distrito se re\u00fanen y conducen juntas hasta el punto de partida de Dern\u2019sche Gel\u00e4nde. Los alimentadores no son una demostraci\u00f3n registrada. Se conduce por carriles bici.<br>Si usted est\u00e1 interesado en un alimentador de sus cuartos, entonces escr\u00edbanos, <a href=\"\/es\/&\/#109;&#97;&#x69;l&#116;&#x6f;&#x3a;k&#105;&#x64;&#x69;c&#97;&#x6c;&#x6d;a&#115;&#x73;&#x40;a&#100;&#x66;&#x63;-&#119;&#x69;e&#115;&#98;&#x61;d&#101;&#x6e;&#x2e;d&#101;\">kidicalmass@adfc-wiesbaden.de<\/a>, y, ayudamos con la organizaci\u00f3n.<\/p>\n\n\n\n<figure class=\"wp-block-table\"><table><tbody><tr><td>Distrito\/distrito<\/td><td>encuentro<\/td><td>hora<\/td><\/tr><tr><td>Biebrich<\/td><td>Fuente del jugador de flauta<br>a orillas del Rin<\/td><td>14:15<\/td><\/tr><tr><td>Kohlheck<\/td><td>Contenedores de vidrio<br>Carretera de Dolomita en la esquina de Paul-Gerhardt-Stra\u00dfe<\/td><td>14:15<\/td><\/tr><tr><td>Barrio del artista<\/td><td>Edificio nuevo Friedrich-von-Schiller-Schule<br>Carla-Henius-Stra\u00dfe 3-5<\/td><td>14:20<\/td><\/tr><tr><td>Distrito de Rheingau<\/td><td>Glyg<br>Esquina Marcobrunnerstra\u00dfe de Rauenthalerstra\u00dfe<\/td><td>14:30<\/td><\/tr><tr><td>Westend<\/td><td>En el banco del parque<br>esquina Goebenstra\u00dfe Scharnhorststra\u00dfe<\/td><td>14:30<\/td><\/tr><\/tbody><\/table><\/figure>\n\n\n<!-- wp:themify-builder\/canvas \/-->","protected":false},"excerpt":{"rendered":"<p>El domingo 19 de marzo de 2023, ADFC Wiesbaden acoger\u00e1 la primera misa infantil de Wiesbaden 2023. El punto de encuentro es a las 15:00 en el sitio de Dernsches.<\/p>","protected":false},"author":52,"featured_media":76050,"comment_status":"closed","ping_status":"closed","sticky":false,"template":"Nachrichten-Seite.php","format":"standard","meta":{"footnotes":""},"categories":[932],"tags":[925,516,772],"class_list":["post-1380","post","type-post","status-publish","format-standard","has-post-thumbnail","hentry","category-kidical-mass","tag-fruehling","tag-kidical-mass","tag-wiesbaden","has-post-title","has-post-date","has-post-category","has-post-tag","has-post-comment","has-post-author",""],"builder_content":"","_links":{"self":[{"href":"https:\/\/www.adfc-wiesbaden.de\/es\/wp-json\/wp\/v2\/posts\/1380","targetHints":{"allow":["GET"]}}],"collection":[{"href":"https:\/\/www.adfc-wiesbaden.de\/es\/wp-json\/wp\/v2\/posts"}],"about":[{"href":"https:\/\/www.adfc-wiesbaden.de\/es\/wp-json\/wp\/v2\/types\/post"}],"author":[{"embeddable":true,"href":"https:\/\/www.adfc-wiesbaden.de\/es\/wp-json\/wp\/v2\/users\/52"}],"replies":[{"embeddable":true,"href":"https:\/\/www.adfc-wiesbaden.de\/es\/wp-json\/wp\/v2\/comments?post=1380"}],"version-history":[{"count":5,"href":"https:\/\/www.adfc-wiesbaden.de\/es\/wp-json\/wp\/v2\/posts\/1380\/revisions"}],"predecessor-version":[{"id":76335,"href":"https:\/\/www.adfc-wiesbaden.de\/es\/wp-json\/wp\/v2\/posts\/1380\/revisions\/76335"}],"wp:featuredmedia":[{"embeddable":true,"href":"https:\/\/www.adfc-wiesbaden.de\/es\/wp-json\/wp\/v2\/media\/76050"}],"wp:attachment":[{"href":"https:\/\/www.adfc-wiesbaden.de\/es\/wp-json\/wp\/v2\/media?parent=1380"}],"wp:term":[{"taxonomy":"category","embeddable":true,"href":"https:\/\/www.adfc-wiesbaden.de\/es\/wp-json\/wp\/v2\/categories?post=1380"},{"taxonomy":"post_tag","embeddable":true,"href":"https:\/\/www.adfc-wiesbaden.de\/es\/wp-json\/wp\/v2\/tags?post=1380"}],"curies":[{"name":"wp","href":"https:\/\/api.w.org\/{rel}","templated":true}]}}