{"id":1382,"date":"2023-01-31T18:57:54","date_gmt":"2023-01-31T18:57:54","guid":{"rendered":"https:\/\/kidicalmass.adfc-wiesbaden.de\/?p=1382"},"modified":"2026-04-24T19:53:03","modified_gmt":"2026-04-24T17:53:03","slug":"2023-05-07","status":"publish","type":"post","link":"https:\/\/www.adfc-wiesbaden.de\/es\/2023\/01\/kidical-mass\/2023-05-07\/","title":{"rendered":"Misa infantil, 7 de mayo de 2023"},"content":{"rendered":"<h2 class=\"wp-block-heading\">9. Misa infantil en Wiesbaden<\/h2>\n\n\n\n<p>La segunda misa infantil de Wiesbaden 2023 tendr\u00e1 lugar el domingo 07.05. a las 15:00. Empezamos de nuevo en el terreno de Dernsches al nivel de la helader\u00eda. Donde terminamos, puedes averiguarlo en el blog dos semanas antes.<\/p>\n\n\n\n<h2 class=\"wp-block-heading\">Elaboraci\u00f3n de signos comunes<\/h2>\n\n\n\n<p>Como parte de las acciones para el vig\u00e9simo aniversario de \u00abGemeinschaftlich Wohnen e.G.\u00bb, estamos jugando en el patio de la <a href=\"http:\/\/gemeinschaftlich-wohnen.de\">Proyecto residencial Bl\u00fc17<\/a> en el <strong>Bl\u00fccherstra\u00dfe 17<\/strong> sobre <strong>Viernes 5 de mayo<\/strong> desde <strong>4:00 p.m. a 6:00 p.m.<\/strong> Se\u00f1ales. Los carteles adornan nuestras bicicletas y transportan nuestro mensaje. Para la elaboraci\u00f3n, todos son bienvenidos sin previo aviso. Materiales como el cart\u00f3n, los colores y los cordones est\u00e1n disponibles: solo tienes que aportar tu creatividad y alegr\u00eda.<br>Como parte de una parada en la Misa Kidical, los ciclistas pueden esperar una sorpresa de fortalecimiento del Bl\u00fc17.<\/p>\n\n\n\n<h2 class=\"wp-block-heading\" id=\"Zubringertouren\">Tours de alimentadores<\/h2>\n\n\n\n<p>Habr\u00e1 visitas guiadas desde diferentes distritos. En las visitas guiadas, algunas familias del mismo distrito se re\u00fanen y conducen juntas hasta el punto de partida de Dern\u2019sche Gel\u00e4nde. Los alimentadores no son una demostraci\u00f3n registrada y no forman parte del evento. Se conduce por carriles bici.<br>Si usted est\u00e1 interesado en un alimentador de sus cuartos, entonces escr\u00edbanos, <a href=\"\/es\/m&\/#97;&#105;&#x6c;&#x74;o:&#107;&#105;&#x64;&#x69;ca&#108;&#109;&#x61;&#x73;s&#64;&#97;&#x64;&#x66;&#x63;-&#119;&#105;&#x65;&#x73;&#x62;a&#100;&#101;&#x6e;&#x2e;&#x64;e\">kidicalmass@adfc-wiesbaden.de<\/a>, y. Ayudamos con la organizaci\u00f3n.<\/p>\n\n\n\n<figure class=\"wp-block-table\"><table><tbody><tr><td>Distrito\/distrito<\/td><td>encuentro<\/td><td>hora<\/td><td>ruta<\/td><\/tr><tr><td>Biebrich<\/td><td>Fuente del jugador de flauta<br>a orillas del Rin<\/td><td>14:15<\/td><td>5,5 km<\/td><\/tr><tr><td>Distrito de Poes\u00eda<\/td><td>Apalancamiento de la escuela<br>Hebbelplatz \/ Hebbelstra\u00dfe<\/td><td>14:30<\/td><td>1,9 km<\/td><\/tr><tr><td>Kohlheck<\/td><td>Contenedores de vidrio<br>Carretera de Dolomita en la esquina de Paul-Gerhardt-Stra\u00dfe<\/td><td>14:15<\/td><td>4,4 km<\/td><\/tr><tr><td>Barrio del artista<\/td><td>Escuela Friedrich von Schiller (edificio nuevo)<br>Carla-Henius-Stra\u00dfe 3-5<\/td><td>14:20<\/td><td>2,9 km<\/td><\/tr><tr><td>nordeste<\/td><td>Escuela de Misas de San Juan<br>Soporte de bicicletas Johannes-Maa\u00df-Stra\u00dfe \/ gg\u00fc. Muro del cementerio<\/td><td>14:30<\/td><td>1,1 km<\/td><\/tr><tr><td>Distrito de Rheingau<\/td><td>Glyg<br>Esquina Marcobrunnerstra\u00dfe de Rauenthalerstra\u00dfe<\/td><td>14:30<\/td><td>1,7 km<\/td><\/tr><tr><td>Westend<\/td><td>Escuela de Bl\u00fccher<br>Scharnhorststra\u00dfe Ecle Bl\u00fccherstra\u00dfe<\/td><td>14:30<\/td><td>1,4 km<\/td><\/tr><\/tbody><\/table><\/figure>\n\n\n\n<p id=\"ZubringertourenKarte\">Mapa de feeder tours<\/p>\n\n\n\n<iframe \nsrc=\"https:\/\/www.google.com\/maps\/d\/embed?mid=1ZAm5gIuXRSSWHlbo949vL5pQXz0aHQs&#038;ehbc=2E312F\" width=\"880\" height=\"660\"><\/iframe>\n\n\n<!-- wp:themify-builder\/canvas \/-->","protected":false},"excerpt":{"rendered":"<p>El domingo 7 de mayo de 2023, ADFC Wiesbaden acoger\u00e1 la segunda misa infantil de Wiesbaden 2023. El punto de encuentro es a las 15:00 en el sitio de Dernsches.<\/p>","protected":false},"author":52,"featured_media":1598,"comment_status":"closed","ping_status":"closed","sticky":false,"template":"Nachrichten-Seite.php","format":"standard","meta":{"footnotes":""},"categories":[932],"tags":[516,927,772],"class_list":["post-1382","post","type-post","status-publish","format-standard","has-post-thumbnail","hentry","category-kidical-mass","tag-kidical-mass","tag-sommer","tag-wiesbaden","has-post-title","has-post-date","has-post-category","has-post-tag","has-post-comment","has-post-author",""],"builder_content":"","_links":{"self":[{"href":"https:\/\/www.adfc-wiesbaden.de\/es\/wp-json\/wp\/v2\/posts\/1382","targetHints":{"allow":["GET"]}}],"collection":[{"href":"https:\/\/www.adfc-wiesbaden.de\/es\/wp-json\/wp\/v2\/posts"}],"about":[{"href":"https:\/\/www.adfc-wiesbaden.de\/es\/wp-json\/wp\/v2\/types\/post"}],"author":[{"embeddable":true,"href":"https:\/\/www.adfc-wiesbaden.de\/es\/wp-json\/wp\/v2\/users\/52"}],"replies":[{"embeddable":true,"href":"https:\/\/www.adfc-wiesbaden.de\/es\/wp-json\/wp\/v2\/comments?post=1382"}],"version-history":[{"count":4,"href":"https:\/\/www.adfc-wiesbaden.de\/es\/wp-json\/wp\/v2\/posts\/1382\/revisions"}],"predecessor-version":[{"id":76331,"href":"https:\/\/www.adfc-wiesbaden.de\/es\/wp-json\/wp\/v2\/posts\/1382\/revisions\/76331"}],"wp:featuredmedia":[{"embeddable":true,"href":"https:\/\/www.adfc-wiesbaden.de\/es\/wp-json\/wp\/v2\/media\/1598"}],"wp:attachment":[{"href":"https:\/\/www.adfc-wiesbaden.de\/es\/wp-json\/wp\/v2\/media?parent=1382"}],"wp:term":[{"taxonomy":"category","embeddable":true,"href":"https:\/\/www.adfc-wiesbaden.de\/es\/wp-json\/wp\/v2\/categories?post=1382"},{"taxonomy":"post_tag","embeddable":true,"href":"https:\/\/www.adfc-wiesbaden.de\/es\/wp-json\/wp\/v2\/tags?post=1382"}],"curies":[{"name":"wp","href":"https:\/\/api.w.org\/{rel}","templated":true}]}}