{"id":1387,"date":"2023-01-31T23:04:07","date_gmt":"2023-01-31T23:04:07","guid":{"rendered":"https:\/\/kidicalmass.adfc-wiesbaden.de\/?p=1387"},"modified":"2026-04-24T20:00:50","modified_gmt":"2026-04-24T18:00:50","slug":"2023-09-24","status":"publish","type":"post","link":"https:\/\/www.adfc-wiesbaden.de\/es\/2023\/01\/kidical-mass\/2023-09-24\/","title":{"rendered":"Misa infantil 24 de septiembre de 2023"},"content":{"rendered":"<p><\/p>\n\n\n\n<h2 class=\"wp-block-heading\">10. Misa infantil en Wiesbaden<\/h2>\n\n\n\n<p>La tercera misa infantil de Wiesbaden 2023 tendr\u00e1 lugar el 24 de septiembre a las 3:00 p.m. como parte del <a href=\"https:\/\/kinderaufsrad.org\/\" target=\"_blank\" rel=\"noreferrer noopener\">D\u00edas de acci\u00f3n masiva infantil<\/a> en su lugar. Comienza excepcionalmente en Kranzplatz. Ese es el final de esta vez en las instalaciones de Nerotal. No te preocupes, no solo estamos conduciendo por Taunusstra\u00dfe.<\/p>\n\n\n\n<h2 class=\"wp-block-heading\">Apoya nuestros objetivos<\/h2>\n\n\n\n<p>Nuestros objetivos principales se resumen en una petici\u00f3n que puede ser firmada y compartida. La petici\u00f3n puede consultarse aqu\u00ed: <a href=\"https:\/\/weact.campact.de\/petitions\/kinder-aufs-rad-fur-ein-lebenswertes-wiesbaden\" target=\"_blank\" rel=\"noreferrer noopener\">https:\/\/weact.campact.de\/petitions\/kinder-aufs-rad-fur-ein-lebenswertes-wiesbaden<\/a><\/p>\n\n\n\n<p>Hay una necesidad de presi\u00f3n constante sobre la pol\u00edtica para cambiar nuestro mundo. Aunque la Conferencia de Ministros de Transporte de marzo apoya una reforma de la StVG y la StVO centrada en la movilidad adaptada a los ni\u00f1os, todav\u00eda no se ha reformado nada. Por lo tanto, vamos a enfrentarnos todos juntos para este gran cambio y montar juntos.<\/p>\n\n\n\n<h2 class=\"wp-block-heading\" id=\"Zubringertouren\">Tours de alimentadores<\/h2>\n\n\n\n<p>Habr\u00e1 visitas guiadas desde diferentes distritos. En los recorridos de alimentaci\u00f3n, algunas familias se re\u00fanen en la escuela primaria del distrito y conducen juntas hasta el punto de partida. Los alimentadores no son una demostraci\u00f3n registrada y no forman parte del evento. Se conduce por carriles bici.<br>Desde sus cuartos no hay alimentador y usted est\u00e1 interesado, entonces escr\u00edbanos, <a href=\"\/es\/&\/#x6d;&#97;i&#x6c;&#116;o&#x3a;&#107;i&#x64;&#105;c&#x61;&#108;m&#x61;&#115;s&#x40;&#97;d&#x66;&#99;-&#x77;&#105;e&#x73;&#98;a&#x64;&#101;n&#x2e;&#100;e\">kidicalmass@adfc-wiesbaden.de<\/a>, y. Ayudamos con la organizaci\u00f3n.<\/p>\n\n\n\n<p>Visitas guiadas planificadas (se a\u00f1adir\u00e1n cambios):<\/p>\n\n\n\n<figure class=\"wp-block-table alignleft\"><table><tbody><tr><td>Distrito\/distrito<\/td><td class=\"has-text-align-left\" data-align=\"left\">encuentro<\/td><td>hora<\/td><td>ruta<\/td><\/tr><tr><td>Biebrich<\/td><td class=\"has-text-align-left\" data-align=\"left\">Fuente del jugador de flauta<br>a orillas del Rin<\/td><td>14:15<\/td><td>6,2 km<\/td><\/tr><tr><td>Distrito de Poes\u00eda<\/td><td class=\"has-text-align-left\" data-align=\"left\">Apalancamiento de la escuela<br>Hebbelplatz \/ Hebbelstra\u00dfe<\/td><td>14:30<\/td><td>2,8 km<\/td><\/tr><tr><td>Kohlheck<\/td><td class=\"has-text-align-left\" data-align=\"left\">Contenedores de vidrio<br>Carretera de Dolomita en la esquina de Paul-Gerhardt-Stra\u00dfe<\/td><td>14:15<\/td><td>5,1 km<\/td><\/tr><tr><td>Barrio del artista<\/td><td class=\"has-text-align-left\" data-align=\"left\">Escuela Friedrich von Schiller (edificio nuevo)<br>Carla-Henius-Stra\u00dfe 3-5<\/td><td>14:20<\/td><td>3,5 km<\/td><\/tr><tr><td>nordeste<\/td><td class=\"has-text-align-left\" data-align=\"left\">Escuela de Misas de San Juan<br>Soporte de bicicletas Johannes-Maa\u00df-Stra\u00dfe \/ gg\u00fc. Muro del cementerio<\/td><td>14:30<\/td><td>1,4 km<\/td><\/tr><tr><td>Waldstra\u00dfe<\/td><td class=\"has-text-align-left\" data-align=\"left\">Escuela de Diesterweg<br>Esquina Baumstra\u00dfe de Riedstra\u00dfe<\/td><td>14:15<\/td><td>4,7 km<\/td><\/tr><tr><td>Westend<\/td><td class=\"has-text-align-left\" data-align=\"left\">Escuela de Bl\u00fccher<br>Scharnhorststra\u00dfe esquina de Bl\u00fccherstra\u00dfe<\/td><td>14:30<\/td><td>2,2 km<\/td><\/tr><\/tbody><\/table><figcaption class=\"wp-element-caption\">Situaci\u00f3n: 22.09.2023 11:00<\/figcaption><\/figure>\n\n\n\n<h4 class=\"wp-block-heading\" id=\"Zubringertourenkarte\">Mapa de feeder tours<\/h4>\n\n\n\n<iframe \nsrc=\"https:\/\/www.google.com\/maps\/d\/embed?mid=1Lwihg_fSdtNO-vRCCoI92-00k10VcLY&#038;ehbc=2E312F&#038;\" width=\"640\" height=\"480\"><\/iframe>\n\n\n\n<h2 class=\"wp-block-heading\" id=\"Preise\">Canjear los precios de los sellos<\/h2>\n\n\n\n<p>Participar en la misa infantil 3 veces y obtener una sorpresa, eso es lo que nuestro&nbsp;<a href=\"https:\/\/www.adfc-wiesbaden.de\/es\/3-x-kidical-mass-1-ueberraschung\/\">Acci\u00f3n del sello<\/a>.\u00a0 As\u00ed que traiga sus volantes estampados de la primera y segunda Misa Kidical 2023, obtenga el pr\u00f3ximo sello y una peque\u00f1a sorpresa.<br>El \u00faltimo sello y los precios dan despu\u00e9s del viaje en el amarillo <a href=\"https:\/\/www.adfc-wiesbaden.de\/es\/\" target=\"_blank\" rel=\"noreferrer noopener\">ADFC<\/a>Rueda con la caja en la parte delantera.<\/p>\n\n\n<!-- wp:themify-builder\/canvas \/-->","protected":false},"excerpt":{"rendered":"<p>El domingo 24 de septiembre de 2023, ADFC Wiesbaden acoger\u00e1 la tercera misa infantil de Wiesbaden 2023. El punto de encuentro es a las 15:00 en la Kranzplatz.<\/p>","protected":false},"author":52,"featured_media":1489,"comment_status":"closed","ping_status":"closed","sticky":false,"template":"Nachrichten-Seite.php","format":"standard","meta":{"footnotes":""},"categories":[932],"tags":[928,516,772],"class_list":["post-1387","post","type-post","status-publish","format-standard","has-post-thumbnail","hentry","category-kidical-mass","tag-herbst","tag-kidical-mass","tag-wiesbaden","has-post-title","has-post-date","has-post-category","has-post-tag","has-post-comment","has-post-author",""],"builder_content":"","_links":{"self":[{"href":"https:\/\/www.adfc-wiesbaden.de\/es\/wp-json\/wp\/v2\/posts\/1387","targetHints":{"allow":["GET"]}}],"collection":[{"href":"https:\/\/www.adfc-wiesbaden.de\/es\/wp-json\/wp\/v2\/posts"}],"about":[{"href":"https:\/\/www.adfc-wiesbaden.de\/es\/wp-json\/wp\/v2\/types\/post"}],"author":[{"embeddable":true,"href":"https:\/\/www.adfc-wiesbaden.de\/es\/wp-json\/wp\/v2\/users\/52"}],"replies":[{"embeddable":true,"href":"https:\/\/www.adfc-wiesbaden.de\/es\/wp-json\/wp\/v2\/comments?post=1387"}],"version-history":[{"count":3,"href":"https:\/\/www.adfc-wiesbaden.de\/es\/wp-json\/wp\/v2\/posts\/1387\/revisions"}],"predecessor-version":[{"id":76355,"href":"https:\/\/www.adfc-wiesbaden.de\/es\/wp-json\/wp\/v2\/posts\/1387\/revisions\/76355"}],"wp:featuredmedia":[{"embeddable":true,"href":"https:\/\/www.adfc-wiesbaden.de\/es\/wp-json\/wp\/v2\/media\/1489"}],"wp:attachment":[{"href":"https:\/\/www.adfc-wiesbaden.de\/es\/wp-json\/wp\/v2\/media?parent=1387"}],"wp:term":[{"taxonomy":"category","embeddable":true,"href":"https:\/\/www.adfc-wiesbaden.de\/es\/wp-json\/wp\/v2\/categories?post=1387"},{"taxonomy":"post_tag","embeddable":true,"href":"https:\/\/www.adfc-wiesbaden.de\/es\/wp-json\/wp\/v2\/tags?post=1387"}],"curies":[{"name":"wp","href":"https:\/\/api.w.org\/{rel}","templated":true}]}}