{"id":1533,"date":"2024-01-31T21:01:00","date_gmt":"2024-01-31T21:01:00","guid":{"rendered":"https:\/\/kidicalmass.adfc-wiesbaden.de\/?p=1533"},"modified":"2026-04-24T19:38:13","modified_gmt":"2026-04-24T17:38:13","slug":"05-mai-2024","status":"publish","type":"post","link":"https:\/\/www.adfc-wiesbaden.de\/es\/2024\/01\/kidical-mass\/05-mai-2024\/","title":{"rendered":"Misa infantil, 5 de mayo de 2024"},"content":{"rendered":"<h2 class=\"wp-block-heading\">11. Misa infantil en Wiesbaden<\/h2>\n\n\n\n<p>La primera misa infantil de Wiesbaden 2024 tendr\u00e1 lugar el domingo 05.05. a las 15:00. Empezamos de nuevo en Dern\u2019sches Gel\u00e4nde, frente a la helader\u00eda.<\/p>\n\n\n\n<h2 class=\"wp-block-heading\">Tours de alimentadores<\/h2>\n\n\n\n<p>Los recorridos de alimentaci\u00f3n son viajes autoorganizados a los que las familias se re\u00fanen en su escuela primaria en el distrito y luego conducen juntas hasta el punto de partida. Los alimentadores no son una demostraci\u00f3n registrada y no forman parte del evento. Se conduce por carriles bici y carreteras secundarias de bajo tr\u00e1fico.<br>Desde sus cuartos no hay alimentador todav\u00eda y usted est\u00e1 interesado, entonces escr\u00edbanos, <a href=\"\/es\/&\/#x6d;&#x61;&#x69;&#x6c;&#x74;&#x6f;&#x3a;&#x6b;&#105;&#100;&#105;&#99;&#97;&#108;&#109;ass&#64;&#x61;&#x64;&#x66;&#x63;&#x2d;&#x77;&#x69;&#x65;&#x73;&#98;&#97;&#100;&#101;&#110;&#46;&#100;e\">kidicalmass@adfc-wiesbaden.de<\/a>, y. Ayudamos con la organizaci\u00f3n.<\/p>\n\n\n\n<p>Visitas guiadas planificadas (los cambios se actualizan constantemente):<\/p>\n\n\n\n<figure class=\"wp-block-table\"><table><tbody><tr><td>Distrito\/distrito<\/td><td>encuentro<\/td><td>hora<\/td><td>ruta<\/td><\/tr><tr><td>Biebrich<\/td><td>Fuente del jugador de flauta<br>a orillas del Rin<\/td><td>14:15<\/td><td>6,2 km<\/td><\/tr><tr><td>Distrito de Poes\u00eda<\/td><td>Apalancamiento de la escuela<br>Hebbelplatz \/ Hebbelstra\u00dfe<\/td><td>14:30<\/td><td>2,8 km<\/td><\/tr><tr><td>Kohlheck<\/td><td>Contenedores de vidrio<br>Carretera de Dolomita en la esquina de Paul-Gerhardt-Stra\u00dfe<\/td><td>14:15<\/td><td>5,1 km<\/td><\/tr><tr><td>Barrio del artista<\/td><td>Escuela Friedrich von Schiller (edificio nuevo)<br>Carla-Henius-Stra\u00dfe 3-5<\/td><td>14:20<\/td><td>3,5 km<\/td><\/tr><tr><td>nordeste<\/td><td>Escuela de Misas de San Juan<br>Soporte de bicicletas Johannes-Maa\u00df-Stra\u00dfe \/ gg\u00fc. Muro del cementerio<\/td><td>14:30<\/td><td>1,4 km<\/td><\/tr><tr><td>Waldstra\u00dfe<\/td><td>Escuela de Diesterweg<br>Esquina Baumstra\u00dfe de Riedstra\u00dfe<\/td><td>14:10<\/td><td>4,7 km<\/td><\/tr><tr><td>Weidenborn<\/td><td>Escuela de bol\u00edgrafos Adalbert<br>Aparcamiento Brunhildenstra\u00dfe<\/td><td>14:20<\/td><td>3,3 km<\/td><\/tr><tr><td>Westend<\/td><td>Escuela de Bl\u00fccher<br>Scharnhorststra\u00dfe esquina de Bl\u00fccherstra\u00dfe<\/td><td>14:30<\/td><td>2,2 km<\/td><\/tr><\/tbody><\/table><figcaption class=\"wp-element-caption\">Situaci\u00f3n: 24.04.2024 23:00<\/figcaption><\/figure>\n\n\n\n<h3 class=\"wp-block-heading\">Mapa de feeder tours<\/h3>\n\n\n\n<iframe loading=\"lazy\" src=\"https:\/\/www.google.com\/maps\/d\/embed?mid=1-d5DeR3l1TwlzzARae6CBmsSfVuxy-c&#038;ehbc=2E312F&#038;noprof=1\" width=\"640\" height=\"480\"><\/iframe>\n\n\n<!-- wp:themify-builder\/canvas \/-->","protected":false},"excerpt":{"rendered":"<p>La primera misa infantil de Wiesbaden 2024 tendr\u00e1 lugar el domingo 05.05. a las 15:00. Empezamos de nuevo en Dern\u2019sches Gel\u00e4nde, frente a la helader\u00eda.<\/p>","protected":false},"author":52,"featured_media":69167,"comment_status":"closed","ping_status":"closed","sticky":false,"template":"Nachrichten-Seite.php","format":"standard","meta":{"footnotes":""},"categories":[932],"tags":[925,516,772],"class_list":["post-1533","post","type-post","status-publish","format-standard","has-post-thumbnail","hentry","category-kidical-mass","tag-fruehling","tag-kidical-mass","tag-wiesbaden","has-post-title","has-post-date","has-post-category","has-post-tag","has-post-comment","has-post-author",""],"builder_content":"","_links":{"self":[{"href":"https:\/\/www.adfc-wiesbaden.de\/es\/wp-json\/wp\/v2\/posts\/1533","targetHints":{"allow":["GET"]}}],"collection":[{"href":"https:\/\/www.adfc-wiesbaden.de\/es\/wp-json\/wp\/v2\/posts"}],"about":[{"href":"https:\/\/www.adfc-wiesbaden.de\/es\/wp-json\/wp\/v2\/types\/post"}],"author":[{"embeddable":true,"href":"https:\/\/www.adfc-wiesbaden.de\/es\/wp-json\/wp\/v2\/users\/52"}],"replies":[{"embeddable":true,"href":"https:\/\/www.adfc-wiesbaden.de\/es\/wp-json\/wp\/v2\/comments?post=1533"}],"version-history":[{"count":3,"href":"https:\/\/www.adfc-wiesbaden.de\/es\/wp-json\/wp\/v2\/posts\/1533\/revisions"}],"predecessor-version":[{"id":76324,"href":"https:\/\/www.adfc-wiesbaden.de\/es\/wp-json\/wp\/v2\/posts\/1533\/revisions\/76324"}],"wp:featuredmedia":[{"embeddable":true,"href":"https:\/\/www.adfc-wiesbaden.de\/es\/wp-json\/wp\/v2\/media\/69167"}],"wp:attachment":[{"href":"https:\/\/www.adfc-wiesbaden.de\/es\/wp-json\/wp\/v2\/media?parent=1533"}],"wp:term":[{"taxonomy":"category","embeddable":true,"href":"https:\/\/www.adfc-wiesbaden.de\/es\/wp-json\/wp\/v2\/categories?post=1533"},{"taxonomy":"post_tag","embeddable":true,"href":"https:\/\/www.adfc-wiesbaden.de\/es\/wp-json\/wp\/v2\/tags?post=1533"}],"curies":[{"name":"wp","href":"https:\/\/api.w.org\/{rel}","templated":true}]}}