{"id":1537,"date":"2024-01-31T21:11:04","date_gmt":"2024-01-31T21:11:04","guid":{"rendered":"https:\/\/kidicalmass.adfc-wiesbaden.de\/?p=1537"},"modified":"2026-04-24T19:33:35","modified_gmt":"2026-04-24T17:33:35","slug":"07-juli-2024","status":"publish","type":"post","link":"https:\/\/www.adfc-wiesbaden.de\/es\/2024\/01\/kidical-mass\/07-juli-2024\/","title":{"rendered":"Misa infantil del 7 de julio de 2024"},"content":{"rendered":"<h2 class=\"wp-block-heading\">12. Misa infantil en Wiesbaden<\/h2>\n\n\n\n<p>La segunda misa infantil de Wiesbaden 2024 tendr\u00e1 lugar el domingo 07.07. a las 15:00. Comenzamos de nuevo en el sitio de Dern\u2019sches al nivel de la helader\u00eda. Esta vez terminamos despu\u00e9s de 5,9 km en las instalaciones del spa en el \u00abpatio de juegos en el parque del spa\u00bb. Esto se encuentra a la altura del ba\u00f1o termal Aukammtal.<br>El gran prado ofrece espacio para jugar y hacer picnic. El cami\u00f3n de hielo trae enfriamiento en forma esf\u00e9rica.<\/p>\n\n\n\n<h2 class=\"wp-block-heading\">Tours de alimentadores<\/h2>\n\n\n\n<p>Los recorridos de alimentaci\u00f3n son viajes autoorganizados a los que las familias se re\u00fanen en su escuela primaria en el distrito y luego conducen juntas hasta el punto de partida. Los alimentadores no son una demostraci\u00f3n registrada y no forman parte del evento. Se conduce por carriles bici y carreteras secundarias de bajo tr\u00e1fico.<br>Desde sus cuartos no hay alimentador todav\u00eda y usted est\u00e1 interesado, entonces escr\u00edbanos, <a href=\"\/es\/mail&\/#116;&#111;&#58;&#107;&#105;&#x64;&#x69;&#x63;&#x61;&#x6c;&#x6d;&#x61;ss&#64;a&#100;&#102;&#99;&#45;&#119;&#x69;&#x65;&#x73;&#x62;&#x61;&#x64;&#x65;&#x6e;&#46;de\">kidicalmass@adfc-wiesbaden.de<\/a>, y. Ayudamos con la organizaci\u00f3n.<\/p>\n\n\n\n<p>Visitas guiadas planificadas (los cambios se actualizan constantemente):<\/p>\n\n\n\n<figure class=\"wp-block-table\"><table><tbody><tr><td>Distrito\/distrito<\/td><td>encuentro<\/td><td>hora<\/td><td>ruta<\/td><\/tr><tr><td>Biebrich<\/td><td>Fuente del jugador de flauta<br>a orillas del Rin<\/td><td>14:15<\/td><td>6,2 km<\/td><\/tr><tr><td>Distrito de Poes\u00eda<\/td><td>Apalancamiento de la escuela<br>Hebbelplatz \/ Hebbelstra\u00dfe<\/td><td>14:30<\/td><td>2,8 km<\/td><\/tr><tr><td>Barrio del artista<\/td><td>Escuela Friedrich von Schiller (edificio nuevo)<br>Carla-Henius-Stra\u00dfe 3-5<\/td><td>14:20<\/td><td>3,5 km<\/td><\/tr><tr><td>nordeste<\/td><td>Escuela de Misas de San Juan<br>Soporte de bicicletas Johannes-Maa\u00df-Stra\u00dfe \/ gg\u00fc. Muro del cementerio<\/td><td>14:30<\/td><td>1,4 km<\/td><\/tr><tr><td>Waldstra\u00dfe<\/td><td>Escuela de Diesterweg<br>Esquina Baumstra\u00dfe de Riedstra\u00dfe<\/td><td>14:10<\/td><td>4,7 km<\/td><\/tr><\/tbody><\/table><figcaption class=\"wp-element-caption\">Situaci\u00f3n: 07.07.2024 09:00<\/figcaption><\/figure>\n\n\n\n<h2 class=\"wp-block-heading\">Mapa de feeder tours<\/h2>\n\n\n\n<iframe loading=\"lazy\" src=\"https:\/\/www.google.com\/maps\/d\/embed?mid=1ojvvYFV0uWRTgaXDzoIocDh9_v64AtQ&#038;ehbc=2E312F\" width=\"640\" height=\"480\"><\/iframe>\n\n\n\n<p><\/p>\n\n\n<!-- wp:themify-builder\/canvas \/-->","protected":false},"excerpt":{"rendered":"<p>La segunda misa infantil de Wiesbaden 2024 tendr\u00e1 lugar el domingo 07.07. a las 15:00. Comenzamos de nuevo en el sitio de Dern\u2019sches al nivel de la helader\u00eda. Esta vez terminamos despu\u00e9s de 5,9 km en las instalaciones del spa en el \u00abpatio de juegos en el parque del spa\u00bb. Esto se encuentra a la altura del ba\u00f1o termal Aukammtal.<br \/>\nEl gran prado ofrece espacio para jugar y hacer picnic. El cami\u00f3n de hielo trae enfriamiento en forma esf\u00e9rica.<\/p>","protected":false},"author":52,"featured_media":70276,"comment_status":"closed","ping_status":"closed","sticky":false,"template":"Nachrichten-Seite.php","format":"standard","meta":{"footnotes":""},"categories":[932],"tags":[516,927,772],"class_list":["post-1537","post","type-post","status-publish","format-standard","has-post-thumbnail","hentry","category-kidical-mass","tag-kidical-mass","tag-sommer","tag-wiesbaden","has-post-title","has-post-date","has-post-category","has-post-tag","has-post-comment","has-post-author",""],"builder_content":"","_links":{"self":[{"href":"https:\/\/www.adfc-wiesbaden.de\/es\/wp-json\/wp\/v2\/posts\/1537","targetHints":{"allow":["GET"]}}],"collection":[{"href":"https:\/\/www.adfc-wiesbaden.de\/es\/wp-json\/wp\/v2\/posts"}],"about":[{"href":"https:\/\/www.adfc-wiesbaden.de\/es\/wp-json\/wp\/v2\/types\/post"}],"author":[{"embeddable":true,"href":"https:\/\/www.adfc-wiesbaden.de\/es\/wp-json\/wp\/v2\/users\/52"}],"replies":[{"embeddable":true,"href":"https:\/\/www.adfc-wiesbaden.de\/es\/wp-json\/wp\/v2\/comments?post=1537"}],"version-history":[{"count":5,"href":"https:\/\/www.adfc-wiesbaden.de\/es\/wp-json\/wp\/v2\/posts\/1537\/revisions"}],"predecessor-version":[{"id":76316,"href":"https:\/\/www.adfc-wiesbaden.de\/es\/wp-json\/wp\/v2\/posts\/1537\/revisions\/76316"}],"wp:featuredmedia":[{"embeddable":true,"href":"https:\/\/www.adfc-wiesbaden.de\/es\/wp-json\/wp\/v2\/media\/70276"}],"wp:attachment":[{"href":"https:\/\/www.adfc-wiesbaden.de\/es\/wp-json\/wp\/v2\/media?parent=1537"}],"wp:term":[{"taxonomy":"category","embeddable":true,"href":"https:\/\/www.adfc-wiesbaden.de\/es\/wp-json\/wp\/v2\/categories?post=1537"},{"taxonomy":"post_tag","embeddable":true,"href":"https:\/\/www.adfc-wiesbaden.de\/es\/wp-json\/wp\/v2\/tags?post=1537"}],"curies":[{"name":"wp","href":"https:\/\/api.w.org\/{rel}","templated":true}]}}