{"id":1541,"date":"2024-01-31T21:21:17","date_gmt":"2024-01-31T21:21:17","guid":{"rendered":"https:\/\/kidicalmass.adfc-wiesbaden.de\/?p=1541"},"modified":"2026-04-24T19:35:44","modified_gmt":"2026-04-24T17:35:44","slug":"22-september-2024","status":"publish","type":"post","link":"https:\/\/www.adfc-wiesbaden.de\/es\/2024\/01\/kidical-mass\/22-september-2024\/","title":{"rendered":"Misa infantil 22 de septiembre de 2024"},"content":{"rendered":"<h2 class=\"wp-block-heading\">13. Misa infantil en Wiesbaden<\/h2>\n\n\n\n<ul class=\"wp-block-list\">\n<li><a href=\"https:\/\/www.adfc-wiesbaden.de\/es\/22-september-2024\/#Malaktion\">Acci\u00f3n de pintura<\/a><\/li>\n\n\n\n<li><a href=\"https:\/\/www.adfc-wiesbaden.de\/es\/22-september-2024\/#Schilder\">Se\u00f1ales de dibujo<\/a><\/li>\n\n\n\n<li><a href=\"https:\/\/www.adfc-wiesbaden.de\/es\/22-september-2024\/#Preise\">Recoger precios para el sello<\/a><\/li>\n\n\n\n<li><a href=\"https:\/\/www.adfc-wiesbaden.de\/es\/22-september-2024\/#Zubringertouren\">Tours de alimentadores<\/a>\n<ul class=\"wp-block-list\">\n<li><a href=\"https:\/\/www.adfc-wiesbaden.de\/es\/22-september-2024\/#Karte\">Alimentador de mapas<\/a><\/li>\n<\/ul>\n<\/li>\n<\/ul>\n\n\n\n<p>La tercera misa infantil de Wiesbaden 2023 tendr\u00e1 lugar el 22.09. a las 15:00 como parte del mundo <a href=\"https:\/\/kinderaufsrad.org\/\" target=\"_blank\" rel=\"noreferrer noopener\">D\u00edas de acci\u00f3n masiva infantil<\/a> en su lugar. Esta vez, el inicio y el final son id\u00e9nticos en el terreno de Dern\u2019sches. Alrededor del ayuntamiento y especialmente en la plaza del castillo, el <a href=\"https:\/\/www.wiesbaden.de\/leben-in-wiesbaden\/gesellschaft\/kinder\/content\/weltkindertag.php\" data-type=\"link\" data-id=\"https:\/\/www.wiesbaden.de\/leben-in-wiesbaden\/gesellschaft\/kinder\/content\/weltkindertag.php\" target=\"_blank\" rel=\"noreferrer noopener\">D\u00eda Mundial de la Infancia<\/a> Celebrado de 13:00 a 18:00. La ruta es de 5,8 km de largo. <br>Como siempre, estamos acompa\u00f1ados por polic\u00edas y param\u00e9dicos. <\/p>\n\n\n\n<h2 class=\"wp-block-heading\" id=\"Malaktion\">Acci\u00f3n de pintura<\/h2>\n\n\n\n<p>Vamos a embellecer el asfalto de este Schiersteiner Stra\u00dfe bien frecuentado con tiza. Por lo tanto, la Misa Kidical permanece visible para una amplia variedad de participantes del tr\u00e1fico, incluso en los d\u00edas siguientes. No hay l\u00edmites para tu creatividad. Tenemos tiza en el sitio. Para que puedas pintar m\u00e1s tiempo y tambi\u00e9n con tu color favorito, lo mejor es traer tu propia tiza.<\/p>\n\n\n\n<h2 class=\"wp-block-heading\" id=\"Schilder\">r\u00f3tulos, carteles, \u2026<\/h2>\n\n\n\n<p>Para mostrar a los transe\u00fantes de qu\u00e9 se trata, los letreros, pancartas, etc. son \u00fatiles. Crea estos de antemano, los une a las ruedas y por lo tanto transporta nuestras intenciones. No tienes ni idea de las se\u00f1ales,&nbsp;<a href=\"https:\/\/kinderaufsrad.org\/wp-content\/uploads\/2022\/05\/Demoschilder_KidicalMass_Selbstausdrucken-1.pdf\" target=\"_blank\" rel=\"noreferrer noopener\">aqu\u00ed<\/a>&nbsp;Puede descargar e imprimir formularios.<\/p>\n\n\n\n<h2 class=\"wp-block-heading\" id=\"Preise\">Canjear los precios de los sellos<\/h2>\n\n\n\n<p>Para todos aquellos que participaron en la Misa Kidical tres veces en 2024 y cada vez estampada en nuestro&nbsp;<a href=\"https:\/\/www.adfc-wiesbaden.de\/es\/3-x-kidical-mass-1-ueberraschung\/\">Acci\u00f3n del sello<\/a> Una vez m\u00e1s, nos espera una peque\u00f1a sorpresa. Traiga sus volantes estampados de la primera y segunda Misa Kidical, obtenga el \u00faltimo sello e intercambie el volante por la sorpresa.<br>El \u00faltimo sello es despu\u00e9s del paseo en el amarillo&nbsp;<a href=\"https:\/\/www.adfc-wiesbaden.de\/es\/\" target=\"_blank\" rel=\"noreferrer noopener\">ADFC<\/a>Rueda con la caja en la parte delantera.<\/p>\n\n\n\n<h2 class=\"wp-block-heading\" id=\"Zubringertouren\">Tours de alimentadores<\/h2>\n\n\n\n<p>Los recorridos de alimentaci\u00f3n son viajes autoorganizados a los que las familias se re\u00fanen en su escuela primaria en el distrito y luego conducen juntas hasta el punto de partida. Los alimentadores no son una demostraci\u00f3n registrada y no forman parte del evento. Se conduce por carriles bici y carreteras secundarias de bajo tr\u00e1fico.<br>Desde sus cuartos no hay alimentador todav\u00eda y usted est\u00e1 interesado, entonces escr\u00edbanos,&nbsp;<a href=\"\/es\/&\/#x6d;&#x61;&#105;lt&#x6f;&#x3a;&#107;&#105;d&#x69;&#x63;&#97;&#108;m&#x61;&#x73;&#x73;&#64;ad&#x66;&#x63;&#45;&#119;i&#x65;&#x73;&#98;&#97;d&#x65;&#x6e;&#46;&#100;e\">kidicalmass@adfc-wiesbaden.de<\/a>, y. Ayudamos con la organizaci\u00f3n.<\/p>\n\n\n\n<p>Visitas guiadas planificadas (los cambios se actualizan constantemente):<\/p>\n\n\n\n<figure class=\"wp-block-table is-style-stripes\"><table><tbody><tr><td class=\"has-text-align-center\" data-align=\"center\">Distrito\/distrito<\/td><td class=\"has-text-align-center\" data-align=\"center\">encuentro<\/td><td>hora<\/td><td>longitud<\/td><\/tr><tr><td class=\"has-text-align-center\" data-align=\"center\">Biebrich<\/td><td class=\"has-text-align-center\" data-align=\"center\">Fuente del jugador de flauta<br>a orillas del Rin<\/td><td>14:15<\/td><td>6,2 km<\/td><\/tr><tr><td class=\"has-text-align-center\" data-align=\"center\">Distrito de Poes\u00eda<\/td><td class=\"has-text-align-center\" data-align=\"center\">Apalancamiento de la escuela<br>Hebbelplatz \/ Hebbelstra\u00dfe<\/td><td>14:30<\/td><td>2,8 km<\/td><\/tr><tr><td class=\"has-text-align-center\" data-align=\"center\">Kohlheck<\/td><td class=\"has-text-align-center\" data-align=\"center\">Contenedores de vidrio<br>Carretera de Dolomita en la esquina de Paul-Gerhardt-Stra\u00dfe<\/td><td>14:15<\/td><td>5,1 km<\/td><\/tr><tr><td class=\"has-text-align-center\" data-align=\"center\">Barrio del artista<\/td><td class=\"has-text-align-center\" data-align=\"center\">Escuela Friedrich von Schiller (edificio nuevo)<br>Carla-Henius-Stra\u00dfe 3-5<\/td><td>14:20<\/td><td>3,5 km<\/td><\/tr><tr><td class=\"has-text-align-center\" data-align=\"center\">nordeste<\/td><td class=\"has-text-align-center\" data-align=\"center\">Escuela de Misas de San Juan<br>Soporte de bicicletas Johannes-Maa\u00df-Stra\u00dfe \/ gg\u00fc. Muro del cementerio<\/td><td>14:30<\/td><td>1,1 km<\/td><\/tr><tr><td class=\"has-text-align-center\" data-align=\"center\">Westend<\/td><td class=\"has-text-align-center\" data-align=\"center\">Escuela de Bl\u00fccher<br>Scharnhorststra\u00dfe esquina de Bl\u00fccherstra\u00dfe<\/td><td>14:30<br><\/td><td>2,2 km<\/td><\/tr><\/tbody><\/table><figcaption class=\"wp-element-caption\">Situaci\u00f3n: 11.09.2024 23:00<\/figcaption><\/figure>\n\n\n\n<h3 class=\"wp-block-heading\" id=\"Karte\">Mapa de feeder tours<\/h3>\n\n\n\n<iframe loading=\"lazy\" src=\"https:\/\/www.google.com\/maps\/d\/embed?mid=1-0FkY4g8RSGvkHj5LUpACrlCn5V0D5o&#038;ehbc=2E312F\" width=\"640\" height=\"480\"><\/iframe>\n\n\n<!-- wp:themify-builder\/canvas \/-->","protected":false},"excerpt":{"rendered":"<p>La tercera Misa Kidical de Wiesbaden 2023 tendr\u00e1 lugar el 22.09. a las 15:00 como parte de los d\u00edas de acci\u00f3n de la Misa Kidical en todo el mundo. Esta vez, el inicio y el final son id\u00e9nticos en el terreno de Dern\u2019sches. Alrededor del ayuntamiento y especialmente en la Schlossplatz, el D\u00eda Mundial de la Infancia se celebra de 1:00 p.m. a 6:00 p.m. La ruta es de 5,8 km de largo.<br \/>\nComo siempre, estamos acompa\u00f1ados por polic\u00edas y param\u00e9dicos.<\/p>","protected":false},"author":52,"featured_media":70293,"comment_status":"closed","ping_status":"closed","sticky":false,"template":"Nachrichten-Seite.php","format":"standard","meta":{"footnotes":""},"categories":[932],"tags":[928,516,772],"class_list":["post-1541","post","type-post","status-publish","format-standard","has-post-thumbnail","hentry","category-kidical-mass","tag-herbst","tag-kidical-mass","tag-wiesbaden","has-post-title","has-post-date","has-post-category","has-post-tag","has-post-comment","has-post-author",""],"builder_content":"","_links":{"self":[{"href":"https:\/\/www.adfc-wiesbaden.de\/es\/wp-json\/wp\/v2\/posts\/1541","targetHints":{"allow":["GET"]}}],"collection":[{"href":"https:\/\/www.adfc-wiesbaden.de\/es\/wp-json\/wp\/v2\/posts"}],"about":[{"href":"https:\/\/www.adfc-wiesbaden.de\/es\/wp-json\/wp\/v2\/types\/post"}],"author":[{"embeddable":true,"href":"https:\/\/www.adfc-wiesbaden.de\/es\/wp-json\/wp\/v2\/users\/52"}],"replies":[{"embeddable":true,"href":"https:\/\/www.adfc-wiesbaden.de\/es\/wp-json\/wp\/v2\/comments?post=1541"}],"version-history":[{"count":7,"href":"https:\/\/www.adfc-wiesbaden.de\/es\/wp-json\/wp\/v2\/posts\/1541\/revisions"}],"predecessor-version":[{"id":76320,"href":"https:\/\/www.adfc-wiesbaden.de\/es\/wp-json\/wp\/v2\/posts\/1541\/revisions\/76320"}],"wp:featuredmedia":[{"embeddable":true,"href":"https:\/\/www.adfc-wiesbaden.de\/es\/wp-json\/wp\/v2\/media\/70293"}],"wp:attachment":[{"href":"https:\/\/www.adfc-wiesbaden.de\/es\/wp-json\/wp\/v2\/media?parent=1541"}],"wp:term":[{"taxonomy":"category","embeddable":true,"href":"https:\/\/www.adfc-wiesbaden.de\/es\/wp-json\/wp\/v2\/categories?post=1541"},{"taxonomy":"post_tag","embeddable":true,"href":"https:\/\/www.adfc-wiesbaden.de\/es\/wp-json\/wp\/v2\/tags?post=1541"}],"curies":[{"name":"wp","href":"https:\/\/api.w.org\/{rel}","templated":true}]}}