{"id":1654,"date":"2025-09-21T21:58:56","date_gmt":"2025-09-21T19:58:56","guid":{"rendered":"https:\/\/kidicalmass.adfc-wiesbaden.de\/?p=1654"},"modified":"2026-04-17T19:43:31","modified_gmt":"2026-04-17T17:43:31","slug":"2025-09-21","status":"publish","type":"post","link":"https:\/\/www.adfc-wiesbaden.de\/es\/2025\/09\/kidical-mass\/2025-09-21\/","title":{"rendered":"16. Misa infantil de Wiesbaden - Septiembre de 2025"},"content":{"rendered":"<p><\/p>\n\n<!--themify_builder_content-->\n<div id=\"themify_builder_content-1654\" data-postid=\"1654\" class=\"themify_builder_content themify_builder_content-1654 themify_builder tf_clear\">\n                    <div  data-lazy=\"1\" class=\"module_row themify_builder_row tb_0h7j880 tb_first tf_w\">\n                        <div class=\"row_inner col_align_top tb_col_count_1 tf_box tf_rel\">\n                        <div  data-lazy=\"1\" class=\"module_column tb-column col-full tb_drbz881 first\">\n                    <!-- module image -->\n<div  class=\"module module-image tb_2t7n655 image-top   tf_mw tb_gs2677162d\" data-lazy=\"1\">\n        <div class=\"image-wrap tf_rel tf_mw\">\n            <img loading=\"lazy\" decoding=\"async\" width=\"2048\" height=\"1366\" src=\"https:\/\/www.adfc-wiesbaden.de\/wp-content\/uploads\/2024\/10\/KM-Wiesbaden-2409-Schiersteiner-Strasse.jpeg\" class=\"wp-post-image wp-image-1633\" title=\"Misa infantil - \u00a9 ADFC Wiesbaden\" alt=\"Misa infantil - \u00a9 ADFC Wiesbaden\" srcset=\"https:\/\/www.adfc-wiesbaden.de\/wp-content\/uploads\/2024\/10\/KM-Wiesbaden-2409-Schiersteiner-Strasse.jpeg 2048w, https:\/\/www.adfc-wiesbaden.de\/wp-content\/uploads\/2024\/10\/KM-Wiesbaden-2409-Schiersteiner-Strasse-700x467.jpeg 700w, https:\/\/www.adfc-wiesbaden.de\/wp-content\/uploads\/2024\/10\/KM-Wiesbaden-2409-Schiersteiner-Strasse-1400x934.jpeg 1400w, https:\/\/www.adfc-wiesbaden.de\/wp-content\/uploads\/2024\/10\/KM-Wiesbaden-2409-Schiersteiner-Strasse-200x133.jpeg 200w, https:\/\/www.adfc-wiesbaden.de\/wp-content\/uploads\/2024\/10\/KM-Wiesbaden-2409-Schiersteiner-Strasse-768x512.jpeg 768w, https:\/\/www.adfc-wiesbaden.de\/wp-content\/uploads\/2024\/10\/KM-Wiesbaden-2409-Schiersteiner-Strasse-1536x1025.jpeg 1536w\" sizes=\"auto, (max-width: 2048px) 100vw, 2048px\" \/>    \n        <\/div>\n    <!-- \/image-wrap -->\n    \n        <div class=\"image-content\">\n                    <h3 class=\"image-title\">\n                                    Misa infantil - \u00a9 ADFC Wiesbaden                            <\/h3>\n                    <\/div>\n    <!-- \/image-content -->\n        <\/div>\n<!-- \/module image --><!-- module text -->\n<div  class=\"module module-text tb_8dv0838    tb_gs678604\" data-lazy=\"1\">\n        <div  class=\"tb_text_wrap\">\n        <h1>16. Misa infantil de Wiesbaden - Septiembre de 2025<\/h1>\n<p>La tercera misa infantil Wiesbaden 2025 se llevar\u00e1 a cabo el 21 de septiembre a las 3:00 p.m. como parte del mundo\u00a0<a href=\"https:\/\/kinderaufsrad.org\/\" target=\"_blank\" rel=\"noreferrer noopener\">D\u00edas de acci\u00f3n masiva infantil<\/a>\u00a0en su lugar. Comienza de nuevo en el emplazamiento de Dern\u2019sches. Alrededor del ayuntamiento y especialmente en la plaza del castillo, el\u00a0<a href=\"https:\/\/www.wiesbaden.de\/leben-in-wiesbaden\/gesellschaft-soziales\/kinder\/kinderrechte\/weltkindertag\" target=\"_blank\" rel=\"noreferrer noopener\">D\u00eda Mundial de la Infancia<\/a>\u00a0Celebrado de 13:00 a 18:00. Terminamos esta vez en el \u00e1rea verde en el Nerotal, donde el cami\u00f3n de helados nos suministrar\u00e1 hielo nuevamente. Como siempre, estamos acompa\u00f1ados por polic\u00edas y param\u00e9dicos.<\/p>\n<h2>Acci\u00f3n de pintura<\/h2>\n<p>Embelleceremos el asfalto gris frente al Landeshaus con tiza. Por lo tanto, la Misa Kidical permanece visible para una amplia variedad de participantes del tr\u00e1fico, incluso en los d\u00edas siguientes. En las inmediaciones estaba en la 1. Toca el popular sendero ambiental interrumpido. No hay l\u00edmites para tu creatividad. Tenemos tiza en el sitio. Para que puedas pintar m\u00e1s tiempo y tambi\u00e9n con tu color favorito, lo mejor es traer tu propia tiza.<\/p>\n<h2>Canjear los precios de los sellos<\/h2>\n<p>Para todos aquellos que participaron en la Misa Kidical tres veces en 2025 y cada vez estampada en nuestro\u00a0<a href=\"https:\/\/www.adfc-wiesbaden.de\/es\/3-x-kidical-mass-1-ueberraschung\/\">Acci\u00f3n del sello<\/a>\u00a0Una vez m\u00e1s, nos espera una peque\u00f1a sorpresa. Traiga sus volantes estampados de la primera y segunda Misa Kidical, obtenga el \u00faltimo sello e intercambie el volante por la sorpresa.<br \/>El \u00faltimo sello es despu\u00e9s del paseo en el amarillo\u00a0<a href=\"https:\/\/www.adfc-wiesbaden.de\/es\/\" target=\"_blank\" rel=\"noreferrer noopener\">ADFC<\/a>Rueda con la caja en la parte delantera.<\/p>\n<h2>Tours de alimentadores<\/h2>\n<h3>Visitas guiadas planificadas (los cambios se actualizan constantemente):<\/h3>\n<figure class=\"wp-block-table is-style-stripes\">\n<table class=\"has-fixed-layout\">\n<tbody>\n<tr>\n<td>Distrito\/distrito<\/td>\n<td>encuentro<\/td>\n<td>hora<\/td>\n<td>distancias<\/td>\n<\/tr>\n<tr>\n<td>nordeste<\/td>\n<td><strong>Escuela de Misas de San Juan<\/strong><br \/>Soporte de bicicletas Johannes-Maa\u00df-Stra\u00dfe \/ gg\u00fc. Muro del cementerio<\/td>\n<td>14:30<\/td>\n<td>1,5 km<\/td>\n<\/tr>\n<\/tbody>\n<\/table>\n<\/figure>\n<p>Los recorridos de alimentaci\u00f3n son viajes autoorganizados a los que las familias se re\u00fanen en su escuela primaria en el distrito y luego conducen juntas hasta el punto de partida. Los alimentadores no son una demostraci\u00f3n registrada y no forman parte del evento. Se conduce por carriles bici y carreteras secundarias de bajo tr\u00e1fico.<br \/>Desde sus cuartos no hay alimentador todav\u00eda y usted est\u00e1 interesado, entonces escr\u00edbanos,\u00a0<a href=\"\/es\/&\/#x6d;&#97;&#x69;&#x6c;t&#x6f;&#58;k&#x69;&#100;i&#x63;&#97;&#x6c;&#x6d;a&#x73;&#115;&#64;&#x61;&#100;f&#x63;&#45;&#x77;&#x69;&#101;&#x73;&#x62;a&#x64;&#101;n&#x2e;&#100;e\">kidicalmass@adfc-wiesbaden.de<\/a>, y. Ayudamos con la organizaci\u00f3n.<\/p>    <\/div>\n<\/div>\n<!-- \/module text --><!-- module image -->\n<div  class=\"module module-image tb_pyx5916 image-top   tf_mw\" data-lazy=\"1\">\n        <div class=\"image-wrap tf_rel tf_mw\">\n            <img loading=\"lazy\" decoding=\"async\" width=\"735\" height=\"1022\" src=\"https:\/\/www.adfc-wiesbaden.de\/wp-content\/uploads\/2025\/01\/2025-09-21_kmwbn_Route_sharepic.jpg\" class=\"wp-post-image wp-image-1802\" title=\"Misa infantil Ruta de Wiesbaden 21.09.2025\" alt=\"Ruta del 16 Misa infantil en Wiesbaden\" srcset=\"https:\/\/www.adfc-wiesbaden.de\/wp-content\/uploads\/2025\/01\/2025-09-21_kmwbn_Route_sharepic.jpg 735w, https:\/\/www.adfc-wiesbaden.de\/wp-content\/uploads\/2025\/01\/2025-09-21_kmwbn_Route_sharepic-700x973.jpg 700w, https:\/\/www.adfc-wiesbaden.de\/wp-content\/uploads\/2025\/01\/2025-09-21_kmwbn_Route_sharepic-200x278.jpg 200w\" sizes=\"auto, (max-width: 735px) 100vw, 735px\" \/>    \n        <\/div>\n    <!-- \/image-wrap -->\n    \n        <\/div>\n<!-- \/module image --><!-- module plain text -->\n<div  class=\"module module-plain-text tb_u24z839\" data-lazy=\"1\">\n        <div class=\"tb_text_wrap\">\n    <h3>\n\tMapa de feeder tours\n<\/h3>\n<iframe loading=\"lazy\" src=\"https:\/\/www.google.com\/maps\/d\/u\/0\/embed?mid=11jAiJcc-X0-dSVvxeJ1K4xzLMTOiGTg&#038;ehbc=2E312F&#038;noprof=1\" width=\"640\" height=\"480\"><\/iframe>    <\/div>\n<\/div>\n<!-- \/module plain text -->        <\/div>\n                        <\/div>\n        <\/div>\n        <\/div>\n<!--\/themify_builder_content-->","protected":false},"excerpt":{"rendered":"<p>La tercera Misa Kidical Wiesbaden 2025 tendr\u00e1 lugar el 21 de septiembre a las 3:00 p.m. como parte de los d\u00edas de acci\u00f3n de la Misa Kidical en todo el mundo. Comienza de nuevo en el emplazamiento de Dern\u2019sches. Alrededor del ayuntamiento y especialmente en la Schlossplatz, el D\u00eda Mundial de la Infancia se celebra de 1:00 p.m. a 6:00 p.m. Terminamos esta vez en el \u00e1rea verde en el Nerotal, donde el cami\u00f3n de helados nos suministrar\u00e1 hielo nuevamente. Como siempre, estamos acompa\u00f1ados por polic\u00edas y param\u00e9dicos.<\/p>","protected":false},"author":52,"featured_media":76050,"comment_status":"closed","ping_status":"closed","sticky":false,"template":"Nachrichten-Seite.php","format":"standard","meta":{"footnotes":""},"categories":[932],"tags":[928,516,772],"class_list":["post-1654","post","type-post","status-publish","format-standard","has-post-thumbnail","hentry","category-kidical-mass","tag-herbst","tag-kidical-mass","tag-wiesbaden","has-post-title","has-post-date","has-post-category","has-post-tag","has-post-comment","has-post-author",""],"builder_content":"<img src=\"https:\/\/www.adfc-wiesbaden.de\/wp-content\/uploads\/2024\/10\/KM-Wiesbaden-2409-Schiersteiner-Strasse.jpeg\" title=\"Kidical Mass - &copy; ADFC Wiesbaden\" alt=\"Kidical Mass - &copy; ADFC Wiesbaden\" srcset=\"https:\/\/www.adfc-wiesbaden.de\/wp-content\/uploads\/2024\/10\/KM-Wiesbaden-2409-Schiersteiner-Strasse.jpeg 2048w, https:\/\/www.adfc-wiesbaden.de\/wp-content\/uploads\/2024\/10\/KM-Wiesbaden-2409-Schiersteiner-Strasse-700x467.jpeg 700w, https:\/\/www.adfc-wiesbaden.de\/wp-content\/uploads\/2024\/10\/KM-Wiesbaden-2409-Schiersteiner-Strasse-1400x934.jpeg 1400w, https:\/\/www.adfc-wiesbaden.de\/wp-content\/uploads\/2024\/10\/KM-Wiesbaden-2409-Schiersteiner-Strasse-200x133.jpeg 200w, https:\/\/www.adfc-wiesbaden.de\/wp-content\/uploads\/2024\/10\/KM-Wiesbaden-2409-Schiersteiner-Strasse-768x512.jpeg 768w, https:\/\/www.adfc-wiesbaden.de\/wp-content\/uploads\/2024\/10\/KM-Wiesbaden-2409-Schiersteiner-Strasse-1536x1025.jpeg 1536w\" sizes=\"(max-width: 2048px) 100vw, 2048px\" \/> <h3> Kidical Mass - &copy; ADFC Wiesbaden <\/h3>\n<h1>16. Kidical Mass Wiesbaden - September 2025<\/h1> <p>Die dritte Kidical Mass Wiesbaden 2025 findet am 21.09. um 15:00 Uhr im Rahmen der weltweiten\u00a0<a href=\"https:\/\/kinderaufsrad.org\/\" target=\"_blank\" rel=\"noreferrer noopener\">Kidical-Mass-Aktionstagen<\/a>\u00a0statt. Gestartet wird wieder auf dem Dern\u2019sches Gel\u00e4nde. Rund um das Rathaus und besonders auf dem Schlo\u00dfplatz wird der\u00a0<a href=\"https:\/\/www.wiesbaden.de\/leben-in-wiesbaden\/gesellschaft-soziales\/kinder\/kinderrechte\/weltkindertag\" target=\"_blank\" rel=\"noreferrer noopener\">Weltkindertag<\/a>\u00a0von 13:00 bis 18:00 Uhr gefeiert. Wir enden diesmal in der Gr\u00fcnanlage im Nerotal, wo uns der Eiswagen wieder mit Eis versorgen wird. Begleitet werden wir wie immer durch Polizei und Sanit\u00e4ter.<\/p> <h2>Malaktion<\/h2> <p>Wir werden den grauen Asphalt vor dem Landeshaus mit Kreide versch\u00f6nern. Somit bleibt die Kidical Mass auch noch in den Folgetagen f\u00fcr unterschiedlichste Verkehrsteilnehmende sichtbar. In unmittelbarer N\u00e4he wurde auf dem 1. Ring die beliebte Umweltspur unterbrochen. Eurer Kreativit\u00e4t sind dabei keine Grenzen gesetzt. Wir haben Kreide vor Ort. Damit ihr l\u00e4nger und auch mit eurer Lieblingsfarbe malen k\u00f6nnt, bringt am Besten eurer eigene Kreide mit.<\/p> <h2>Preise f\u00fcr Stempel einl\u00f6sen<\/h2> <p>F\u00fcr alle die 2025 drei Mal an der Kidical Mass teilgenommen und jedes Mal Stempel bei unserer\u00a0<a href=\"https:\/\/www.adfc-wiesbaden.de\/3-x-kidical-mass-1-ueberraschung\/\">Stempelaktion<\/a>\u00a0gesammelt haben, wartet wieder eine kleine \u00dcberraschung. Bringt eure gestempelten Flyer von der ersten und zweiten Kidical Mass mit, holt euch den letzten Stempel und tauscht den Flyer gegen die \u00dcberraschung ein.<br \/>Den letzten Stempel gibt es nach der Fahrt beim gelben\u00a0<a href=\"https:\/\/www.adfc-wiesbaden.de\/\" target=\"_blank\" rel=\"noreferrer noopener\">ADFC<\/a>-Lastenrad mit der Box vorne drauf.<\/p> <h2>Zubringertouren<\/h2> <h3>Geplanten Zubringertouren (\u00c4nderungen werden stetig aktualisiert):<\/h3> <figure> <table> <tbody> <tr> <td>Stadtteil \/ Quartier<\/td> <td>Treffpunkt<\/td> <td>Uhrzeit<\/td> <td>Distanz<\/td> <\/tr> <tr> <td>Nordost<\/td> <td><strong>Johannes-Maa\u00df-Schule<\/strong><br \/>Fahrradst\u00e4nder Johannes-Maa\u00df-Stra\u00dfe \/ gg\u00fc. Friedhofsmauer<\/td> <td>14:30<\/td> <td>1,5 km<\/td> <\/tr> <\/tbody> <\/table> <\/figure> <p>Zubringertouren sind selbstorganisierte Fahrten zu denen sich Familien an ihrer Grundschule im Viertel treffen und dann gemeinsam zum Startpunkt fahren. Die Zubringer sind keine angemeldete Demonstration und sind nicht Teil der Veranstaltung. Es wird auf Radwegen und verkehrsarmen Nebenstra\u00dfen gefahren.<br \/>Aus euren Viertel gibt es noch keinen Zubringer und ihr habt Interesse, dann schreibt uns,\u00a0<a href=\"mailto:kidicalmass@adfc-wiesbaden.de\">kidicalmass@adfc-wiesbaden.de<\/a>, an. Wir helfen beim Organisieren.<\/p>\n<img src=\"https:\/\/www.adfc-wiesbaden.de\/wp-content\/uploads\/2025\/01\/2025-09-21_kmwbn_Route_sharepic.jpg\" title=\"Kidical Mass Wiesbaden Route 21.09.2025\" alt=\"Route der 16. Kidical Mass Wiesbaden\" srcset=\"https:\/\/www.adfc-wiesbaden.de\/wp-content\/uploads\/2025\/01\/2025-09-21_kmwbn_Route_sharepic.jpg 735w, https:\/\/www.adfc-wiesbaden.de\/wp-content\/uploads\/2025\/01\/2025-09-21_kmwbn_Route_sharepic-700x973.jpg 700w, https:\/\/www.adfc-wiesbaden.de\/wp-content\/uploads\/2025\/01\/2025-09-21_kmwbn_Route_sharepic-200x278.jpg 200w\" sizes=\"(max-width: 735px) 100vw, 735px\" \/>\n<h3> Karte der Zubringertouren <\/h3> <iframe loading=\"lazy\" src=\"https:\/\/www.google.com\/maps\/d\/u\/0\/embed?mid=11jAiJcc-X0-dSVvxeJ1K4xzLMTOiGTg&ehbc=2E312F&noprof=1\" width=\"640\" height=\"480\"><\/iframe>","_links":{"self":[{"href":"https:\/\/www.adfc-wiesbaden.de\/es\/wp-json\/wp\/v2\/posts\/1654","targetHints":{"allow":["GET"]}}],"collection":[{"href":"https:\/\/www.adfc-wiesbaden.de\/es\/wp-json\/wp\/v2\/posts"}],"about":[{"href":"https:\/\/www.adfc-wiesbaden.de\/es\/wp-json\/wp\/v2\/types\/post"}],"author":[{"embeddable":true,"href":"https:\/\/www.adfc-wiesbaden.de\/es\/wp-json\/wp\/v2\/users\/52"}],"replies":[{"embeddable":true,"href":"https:\/\/www.adfc-wiesbaden.de\/es\/wp-json\/wp\/v2\/comments?post=1654"}],"version-history":[{"count":32,"href":"https:\/\/www.adfc-wiesbaden.de\/es\/wp-json\/wp\/v2\/posts\/1654\/revisions"}],"predecessor-version":[{"id":76052,"href":"https:\/\/www.adfc-wiesbaden.de\/es\/wp-json\/wp\/v2\/posts\/1654\/revisions\/76052"}],"wp:featuredmedia":[{"embeddable":true,"href":"https:\/\/www.adfc-wiesbaden.de\/es\/wp-json\/wp\/v2\/media\/76050"}],"wp:attachment":[{"href":"https:\/\/www.adfc-wiesbaden.de\/es\/wp-json\/wp\/v2\/media?parent=1654"}],"wp:term":[{"taxonomy":"category","embeddable":true,"href":"https:\/\/www.adfc-wiesbaden.de\/es\/wp-json\/wp\/v2\/categories?post=1654"},{"taxonomy":"post_tag","embeddable":true,"href":"https:\/\/www.adfc-wiesbaden.de\/es\/wp-json\/wp\/v2\/tags?post=1654"}],"curies":[{"name":"wp","href":"https:\/\/api.w.org\/{rel}","templated":true}]}}