{"id":30,"date":"2022-01-05T21:13:03","date_gmt":"2022-01-05T21:13:03","guid":{"rendered":"https:\/\/kidicalmass.adfc-wiesbaden.de\/?p=30"},"modified":"2026-04-24T19:59:47","modified_gmt":"2026-04-24T17:59:47","slug":"2022-03-20","status":"publish","type":"post","link":"https:\/\/www.adfc-wiesbaden.de\/es\/2022\/01\/kidical-mass\/2022-03-20\/","title":{"rendered":"Misa infantil 20 de marzo de 2022"},"content":{"rendered":"<h2 class=\"wp-block-heading\">Misa infantil 20 de marzo de 2022<\/h2>\n\n\n\n<p>El domingo te invitamos por quinta vez a la bicicleta Corso especialmente para ni\u00f1os, la Misa Kidical.<br>Con ella, demostramos para un Wiesbaden apto para ni\u00f1os y bicicletas. La experiencia de las \u00faltimas demostraciones demuestra que a los ni\u00f1os les encanta recorrer finalmente la ciudad en bicicleta sin verse amenazados por los coches.<br>La Misa Infantil est\u00e1 dise\u00f1ada para ser amigable con los ni\u00f1os. Conducimos a un ritmo lento alrededor de 9 km\/h y nos aseguramos de que todos vengan. Los ni\u00f1os en el asiento para ni\u00f1os, en la bicicleta de carga o en el remolque de la bicicleta tambi\u00e9n son bienvenidos.<\/p>\n\n\n\n<p>Terminamos en la zona verde D\u00fcrerpark en el parque infantil Walkm\u00fchlenanlage.<\/p>\n\n\n<!-- wp:themify-builder\/canvas \/-->","protected":false},"excerpt":{"rendered":"<p>El domingo te invitamos por quinta vez a la bicicleta Corso especialmente para ni\u00f1os, la Misa Kidical.<br \/>\nCon ella, demostramos para un Wiesbaden apto para ni\u00f1os y bicicletas. La experiencia de las \u00faltimas demostraciones demuestra que a los ni\u00f1os les encanta recorrer finalmente la ciudad en bicicleta sin verse amenazados por los coches.<br \/>\nLa Misa Infantil est\u00e1 dise\u00f1ada para ser amigable con los ni\u00f1os. Conducimos a un ritmo lento alrededor de 9 km\/h y nos aseguramos de que todos vengan. Los ni\u00f1os en el asiento para ni\u00f1os, en la bicicleta de carga o en el remolque de la bicicleta tambi\u00e9n son bienvenidos.<\/p>","protected":false},"author":52,"featured_media":1176,"comment_status":"closed","ping_status":"closed","sticky":false,"template":"Nachrichten-Seite.php","format":"standard","meta":{"footnotes":""},"categories":[932],"tags":[925,516],"class_list":["post-30","post","type-post","status-publish","format-standard","has-post-thumbnail","hentry","category-kidical-mass","tag-fruehling","tag-kidical-mass","has-post-title","has-post-date","has-post-category","has-post-tag","has-post-comment","has-post-author",""],"builder_content":"","_links":{"self":[{"href":"https:\/\/www.adfc-wiesbaden.de\/es\/wp-json\/wp\/v2\/posts\/30","targetHints":{"allow":["GET"]}}],"collection":[{"href":"https:\/\/www.adfc-wiesbaden.de\/es\/wp-json\/wp\/v2\/posts"}],"about":[{"href":"https:\/\/www.adfc-wiesbaden.de\/es\/wp-json\/wp\/v2\/types\/post"}],"author":[{"embeddable":true,"href":"https:\/\/www.adfc-wiesbaden.de\/es\/wp-json\/wp\/v2\/users\/52"}],"replies":[{"embeddable":true,"href":"https:\/\/www.adfc-wiesbaden.de\/es\/wp-json\/wp\/v2\/comments?post=30"}],"version-history":[{"count":5,"href":"https:\/\/www.adfc-wiesbaden.de\/es\/wp-json\/wp\/v2\/posts\/30\/revisions"}],"predecessor-version":[{"id":76352,"href":"https:\/\/www.adfc-wiesbaden.de\/es\/wp-json\/wp\/v2\/posts\/30\/revisions\/76352"}],"wp:featuredmedia":[{"embeddable":true,"href":"https:\/\/www.adfc-wiesbaden.de\/es\/wp-json\/wp\/v2\/media\/1176"}],"wp:attachment":[{"href":"https:\/\/www.adfc-wiesbaden.de\/es\/wp-json\/wp\/v2\/media?parent=30"}],"wp:term":[{"taxonomy":"category","embeddable":true,"href":"https:\/\/www.adfc-wiesbaden.de\/es\/wp-json\/wp\/v2\/categories?post=30"},{"taxonomy":"post_tag","embeddable":true,"href":"https:\/\/www.adfc-wiesbaden.de\/es\/wp-json\/wp\/v2\/tags?post=30"}],"curies":[{"name":"wp","href":"https:\/\/api.w.org\/{rel}","templated":true}]}}