{"id":32,"date":"2022-01-06T21:13:23","date_gmt":"2022-01-06T21:13:23","guid":{"rendered":"https:\/\/kidicalmass.adfc-wiesbaden.de\/?p=32"},"modified":"2026-04-24T19:58:34","modified_gmt":"2026-04-24T17:58:34","slug":"2022-05-15","status":"publish","type":"post","link":"https:\/\/www.adfc-wiesbaden.de\/es\/2022\/01\/kidical-mass\/2022-05-15\/","title":{"rendered":"Misa infantil 15 de mayo de 2022"},"content":{"rendered":"<p><\/p>\n\n\n<\/p>\n<h3>ADFC Kidical Mass pertenece a la calle<\/h3>\n<p>El domingo 15 de mayo de 2022, el <a href=\"https:\/\/www.adfc-wiesbaden.de\/es\/Startseite\/\">ADFC Wiesbaden<\/a> la segunda misa infantil de Wiesbaden 2022. Esto tiene lugar como parte del fin de semana mundial de la Misa Kidical. El punto de encuentro es a las 15:00 en el sitio de Dernsches. En el Children's Bicycle Corso, los usuarios m\u00e1s j\u00f3venes de la carretera y sus padres pueden andar en bicicleta de forma c\u00f3moda y segura por las calles de Wiesbaden durante aproximadamente una hora. El destino es el parque infantil Homburger Stra\u00dfe.<br \/>Conducimos a un ritmo lento alrededor de 9 km\/h y nos aseguramos de que todos vengan. Los ni\u00f1os en el asiento para ni\u00f1os, en la bicicleta de carga o en el remolque de la bicicleta tambi\u00e9n son bienvenidos.<\/p>\n<p>\n\n\n<p><\/p>\n<p><\/p>\n\n\n<\/p>\n<h4>Asegure el siguiente sello<\/h4>\n<p style=\"margin-bottom: 1.5em;\">Participar en la misa infantil 3 veces y obtener una sorpresa, eso es lo que nuestro <a href=\"https:\/\/www.adfc-wiesbaden.de\/es\/3-x-kidical-mass-1-ueberraschung\/\">Acci\u00f3n del sello<\/a>.\u00a0 As\u00ed que traiga sus volantes estampados de la primera Misa Kidical 2022 y obtenga el pr\u00f3ximo sello.<\/p>\n<h4>Fin de semana de acci\u00f3n a nivel nacional<\/h4>\n<p style=\"margin-bottom: 1.5em;\">Este fin de semana, se celebrar\u00e1n misas infantiles en alrededor de 180 ciudades de Alemania. Decenas de miles de ni\u00f1os, j\u00f3venes y familias estar\u00e1n sobre ruedas. Piden una reforma de la ley de tr\u00e1fico. La vulnerabilidad de los ni\u00f1os debe encontrarse all\u00ed.<br \/>Ahora el <a href=\"https:\/\/weact.campact.de\/petitions\/uns-gehort-die-strasse-wir-brauchen-ein-kinderfreundliches-strassenverkehrsrecht\">Petici\u00f3n en l\u00ednea<\/a> Dibujo.<\/p>\n<p>\n\n\n<p><\/p>\n<p>P.D.: Nuestra edici\u00f3n de verano comienza una semana antes de la <a href=\"https:\/\/www.wiesbaden.de\/leben-in-wiesbaden\/verkehr\/fahrrad\/stadtradeln.php\">Ciclismo urbano Wiesbaden 2022<\/a>.<\/p>\n\n<!-- wp:themify-builder\/canvas \/-->","protected":false},"excerpt":{"rendered":"<p>El domingo 15 de mayo de 2022, el ADFC Wiesbaden acoger\u00e1 la segunda misa infantil de Wiesbaden 2022. El punto de encuentro es a las 15.00 horas en el emplazamiento de Dern\u2019sches.<\/p>","protected":false},"author":52,"featured_media":1255,"comment_status":"closed","ping_status":"closed","sticky":false,"template":"Nachrichten-Seite.php","format":"standard","meta":{"footnotes":""},"categories":[932],"tags":[516,927,772],"class_list":["post-32","post","type-post","status-publish","format-standard","has-post-thumbnail","hentry","category-kidical-mass","tag-kidical-mass","tag-sommer","tag-wiesbaden","has-post-title","has-post-date","has-post-category","has-post-tag","has-post-comment","has-post-author",""],"builder_content":"","_links":{"self":[{"href":"https:\/\/www.adfc-wiesbaden.de\/es\/wp-json\/wp\/v2\/posts\/32","targetHints":{"allow":["GET"]}}],"collection":[{"href":"https:\/\/www.adfc-wiesbaden.de\/es\/wp-json\/wp\/v2\/posts"}],"about":[{"href":"https:\/\/www.adfc-wiesbaden.de\/es\/wp-json\/wp\/v2\/types\/post"}],"author":[{"embeddable":true,"href":"https:\/\/www.adfc-wiesbaden.de\/es\/wp-json\/wp\/v2\/users\/52"}],"replies":[{"embeddable":true,"href":"https:\/\/www.adfc-wiesbaden.de\/es\/wp-json\/wp\/v2\/comments?post=32"}],"version-history":[{"count":3,"href":"https:\/\/www.adfc-wiesbaden.de\/es\/wp-json\/wp\/v2\/posts\/32\/revisions"}],"predecessor-version":[{"id":76347,"href":"https:\/\/www.adfc-wiesbaden.de\/es\/wp-json\/wp\/v2\/posts\/32\/revisions\/76347"}],"wp:featuredmedia":[{"embeddable":true,"href":"https:\/\/www.adfc-wiesbaden.de\/es\/wp-json\/wp\/v2\/media\/1255"}],"wp:attachment":[{"href":"https:\/\/www.adfc-wiesbaden.de\/es\/wp-json\/wp\/v2\/media?parent=32"}],"wp:term":[{"taxonomy":"category","embeddable":true,"href":"https:\/\/www.adfc-wiesbaden.de\/es\/wp-json\/wp\/v2\/categories?post=32"},{"taxonomy":"post_tag","embeddable":true,"href":"https:\/\/www.adfc-wiesbaden.de\/es\/wp-json\/wp\/v2\/tags?post=32"}],"curies":[{"name":"wp","href":"https:\/\/api.w.org\/{rel}","templated":true}]}}