{"id":39,"date":"2022-01-07T18:54:25","date_gmt":"2022-01-07T18:54:25","guid":{"rendered":"https:\/\/kidicalmass.adfc-wiesbaden.de\/?p=39"},"modified":"2026-04-24T19:57:35","modified_gmt":"2026-04-24T17:57:35","slug":"2022-09-25","status":"publish","type":"post","link":"https:\/\/www.adfc-wiesbaden.de\/es\/2022\/01\/kidical-mass\/2022-09-25\/","title":{"rendered":"Misa infantil 25 de septiembre de 2022"},"content":{"rendered":"<h1 class=\"wp-block-heading\" id=\"7.-Kidical-Mass-Wiesbaden\">7. Misa infantil en Wiesbaden<\/h1>\n\n\n\n<ul class=\"wp-block-list\">\n<li><a href=\"https:\/\/www.adfc-wiesbaden.de\/es\/2022-09-25\/#Preise\">Canjear los precios de los sellos<\/a><\/li>\n\n\n\n<li><a href=\"https:\/\/www.adfc-wiesbaden.de\/es\/2022-09-25\/#Malaktion\">Acci\u00f3n de pintura<\/a><\/li>\n\n\n\n<li><a href=\"https:\/\/www.adfc-wiesbaden.de\/es\/2022-09-25\/#Schilder\">r\u00f3tulos, carteles, \u2026<\/a><\/li>\n\n\n\n<li><a href=\"https:\/\/www.adfc-wiesbaden.de\/es\/2022-09-25\/#Zubringertouren\">Tours de alimentadores<\/a><\/li>\n<\/ul>\n\n\n\n<p>La tercera misa infantil de Wiesbaden 2022 tendr\u00e1 lugar el 25.09. a las 15:00 como parte del mundo <a href=\"https:\/\/kinderaufsrad.org\/\" data-type=\"URL\" data-id=\"https:\/\/kinderaufsrad.org\/\" target=\"_blank\" rel=\"noreferrer noopener\">Fin de semana de misa infantil<\/a> en su lugar. Comienza excepcionalmente en Kranzplatz. La edici\u00f3n de oto\u00f1o adorna el festival de la ciudad. El centro de la ciudad atrae con <a href=\"https:\/\/www.wiesbaden.de\/leben-in-wiesbaden\/freizeit\/feste\/verkaufsoffener-sonntag.php\" target=\"_blank\" rel=\"noreferrer noopener\">Abierto para la venta el domingo<\/a>, el mercado de oto\u00f1o en la zona peatonal, el festival de la ciudad en el Dern\u2019sche Gel\u00e4nde y el <a href=\"https:\/\/www.wiesbaden.de\/leben-in-wiesbaden\/freizeit\/feste\/erntedankfest.php\" target=\"_blank\" rel=\"noreferrer noopener\">D\u00eda de Acci\u00f3n de Gracias<\/a> en el intestino caliente. Este \u00faltimo es nuestro consejo para fortalecerte despu\u00e9s de la bicicleta infantil Corso con productos regionales. <\/p>\n\n\n\n<h2 class=\"wp-block-heading\" id=\"Preise\">Canjear los precios de los sellos<\/h2>\n\n\n\n<p>Participar en la misa infantil 3 veces y obtener una sorpresa, eso es lo que nuestro&nbsp;<a href=\"https:\/\/www.adfc-wiesbaden.de\/es\/3-x-kidical-mass-1-ueberraschung\/\">Acci\u00f3n del sello<\/a>.\u00a0 As\u00ed que traiga sus volantes estampados de la primera y segunda Misa Kidical 2022, obtenga el pr\u00f3ximo sello y una peque\u00f1a sorpresa.<br>El \u00faltimo sello y los precios dan despu\u00e9s del viaje en el amarillo <a href=\"https:\/\/www.adfc-wiesbaden.de\/es\/\" target=\"_blank\" rel=\"noreferrer noopener\">ADFC<\/a>Rueda con la caja en la parte delantera.<\/p>\n\n\n\n<h2 class=\"wp-block-heading\" id=\"Malaktion\">Acci\u00f3n de pintura<\/h2>\n\n\n\n<p>Tomamos un descanso frente al Landesmuseum en Friedrich-Ebert-Allee. Vamos a embellecer el asfalto de este camino por lo dem\u00e1s bien frecuentado con tiza. Por lo tanto, la Misa Kidical permanece visible para una amplia variedad de participantes del tr\u00e1fico, incluso en los d\u00edas siguientes. No hay l\u00edmites para tu creatividad. Tenemos tiza en el sitio. Para que puedas pintar m\u00e1s tiempo y con tu color favorito, trae tu propia tiza.<\/p>\n\n\n\n<h2 class=\"wp-block-heading\" id=\"Schilder\">r\u00f3tulos, carteles, \u2026<\/h2>\n\n\n\n<p>Para mostrar a los transe\u00fantes de qu\u00e9 se trata, los letreros, pancartas, etc. son \u00fatiles. Crea estos de antemano, los une a las ruedas y por lo tanto transporta nuestras intenciones. No tienes ni idea de las se\u00f1ales, <a href=\"https:\/\/kinderaufsrad.org\/wp-content\/uploads\/2022\/05\/Demoschilder_KidicalMass_Selbstausdrucken-1.pdf\">aqu\u00ed<\/a> Puede descargar e imprimir formularios. En el \u00faltimo Kinder-Fahrtrad-Korso, este letrero se imprimi\u00f3 con las palabras \u00abSafe speed down, thank you\u00bb.<\/p>\n\n\n\n<div class=\"wp-block-cover aligncenter\" style=\"min-height:700px;aspect-ratio:unset;\"><img loading=\"lazy\" decoding=\"async\" width=\"700\" height=\"467\" class=\"wp-block-cover__image-background wp-image-69750\" alt=\"Un grupo de ciclistas, incluyendo muchos ni\u00f1os.\" src=\"https:\/\/www.adfc-wiesbaden.de\/wp-content\/uploads\/2025\/02\/KidicalMassWiesbaden_6d-700x467.jpg\" data-object-fit=\"cover\" srcset=\"https:\/\/www.adfc-wiesbaden.de\/wp-content\/uploads\/2025\/02\/KidicalMassWiesbaden_6d-700x467.jpg 700w, https:\/\/www.adfc-wiesbaden.de\/wp-content\/uploads\/2025\/02\/KidicalMassWiesbaden_6d-200x133.jpg 200w, https:\/\/www.adfc-wiesbaden.de\/wp-content\/uploads\/2025\/02\/KidicalMassWiesbaden_6d-768x512.jpg 768w, https:\/\/www.adfc-wiesbaden.de\/wp-content\/uploads\/2025\/02\/KidicalMassWiesbaden_6d-300x200.jpg 300w, https:\/\/www.adfc-wiesbaden.de\/wp-content\/uploads\/2025\/02\/KidicalMassWiesbaden_6d.jpg 1024w\" sizes=\"auto, (max-width: 700px) 100vw, 700px\" \/><span aria-hidden=\"true\" class=\"wp-block-cover__background has-background-dim\"><\/span><div class=\"wp-block-cover__inner-container is-layout-flow wp-block-cover-is-layout-flow\">\n<p class=\"has-text-align-center has-large-font-size\"><\/p>\n<\/div><\/div>\n\n\n\n<h2 class=\"wp-block-heading\" id=\"Zubringertouren\">Tours de alimentadores<\/h2>\n\n\n\n<p>Actualmente estamos tratando de organizar recorridos de alimentaci\u00f3n desde diferentes distritos. Los publicaremos aqu\u00ed la pr\u00f3xima semana. Si usted est\u00e1 interesado, por favor escr\u00edbanos: <a href=\"\/es\/&\/#x6d;&#x61;&#x69;&#108;&#116;o:&#x6b;&#x69;&#x64;&#x69;&#99;&#97;lm&#x61;&#x73;&#x73;&#64;&#97;&#100;fc&#x2d;&#x77;&#x69;&#101;&#115;ba&#x64;&#x65;&#x6e;&#x2e;&#100;&#101;\">kidicalmass@adfc-wiesbaden.de<\/a><\/p>\n\n\n<!-- wp:themify-builder\/canvas \/-->","protected":false},"excerpt":{"rendered":"<p>El domingo 25 de septiembre de 2022, ADFC Wiesbaden acoger\u00e1 la tercera misa infantil de Wiesbaden 2022. El punto de encuentro es a las 15:00 en la Kranzplatz.<\/p>","protected":false},"author":52,"featured_media":1370,"comment_status":"closed","ping_status":"closed","sticky":false,"template":"Nachrichten-Seite.php","format":"standard","meta":{"footnotes":""},"categories":[932],"tags":[928,516,772],"class_list":["post-39","post","type-post","status-publish","format-standard","has-post-thumbnail","hentry","category-kidical-mass","tag-herbst","tag-kidical-mass","tag-wiesbaden","has-post-title","has-post-date","has-post-category","has-post-tag","has-post-comment","has-post-author",""],"builder_content":"","_links":{"self":[{"href":"https:\/\/www.adfc-wiesbaden.de\/es\/wp-json\/wp\/v2\/posts\/39","targetHints":{"allow":["GET"]}}],"collection":[{"href":"https:\/\/www.adfc-wiesbaden.de\/es\/wp-json\/wp\/v2\/posts"}],"about":[{"href":"https:\/\/www.adfc-wiesbaden.de\/es\/wp-json\/wp\/v2\/types\/post"}],"author":[{"embeddable":true,"href":"https:\/\/www.adfc-wiesbaden.de\/es\/wp-json\/wp\/v2\/users\/52"}],"replies":[{"embeddable":true,"href":"https:\/\/www.adfc-wiesbaden.de\/es\/wp-json\/wp\/v2\/comments?post=39"}],"version-history":[{"count":7,"href":"https:\/\/www.adfc-wiesbaden.de\/es\/wp-json\/wp\/v2\/posts\/39\/revisions"}],"predecessor-version":[{"id":76346,"href":"https:\/\/www.adfc-wiesbaden.de\/es\/wp-json\/wp\/v2\/posts\/39\/revisions\/76346"}],"wp:featuredmedia":[{"embeddable":true,"href":"https:\/\/www.adfc-wiesbaden.de\/es\/wp-json\/wp\/v2\/media\/1370"}],"wp:attachment":[{"href":"https:\/\/www.adfc-wiesbaden.de\/es\/wp-json\/wp\/v2\/media?parent=39"}],"wp:term":[{"taxonomy":"category","embeddable":true,"href":"https:\/\/www.adfc-wiesbaden.de\/es\/wp-json\/wp\/v2\/categories?post=39"},{"taxonomy":"post_tag","embeddable":true,"href":"https:\/\/www.adfc-wiesbaden.de\/es\/wp-json\/wp\/v2\/tags?post=39"}],"curies":[{"name":"wp","href":"https:\/\/api.w.org\/{rel}","templated":true}]}}