{"id":76573,"date":"2026-04-26T00:48:12","date_gmt":"2026-04-25T22:48:12","guid":{"rendered":"https:\/\/www.adfc-wiesbaden.de\/2026\/04\/unkategorisiert\/adfc-fahrradboerse-am-2-mai-copy\/"},"modified":"2026-04-26T01:19:18","modified_gmt":"2026-04-25T23:19:18","slug":"film-cycling-cities-in-wiesbaden","status":"publish","type":"post","link":"https:\/\/www.adfc-wiesbaden.de\/es\/2026\/04\/politik-verkehr\/film-cycling-cities-in-wiesbaden\/","title":{"rendered":"\"Ciudades ciclistas\" se celebra en Wiesbaden el 12 de junio"},"content":{"rendered":"<!--themify_builder_content-->\n<div id=\"themify_builder_content-76573\" data-postid=\"76573\" class=\"themify_builder_content themify_builder_content-76573 themify_builder tf_clear\">\n                    <div  data-lazy=\"1\" class=\"module_row themify_builder_row tb_g5l6181 tb_first tf_w\">\n                        <div class=\"row_inner col_align_top tb_col_count_1 tf_box tf_rel\">\n                        <div  data-lazy=\"1\" class=\"module_column tb-column col-full tb_0cxq888 first\">\n                    <!-- module image -->\n<div  class=\"module module-image tb_5dc3300 image-top   tf_mw tb_gs2677162d\" data-lazy=\"1\">\n        <div class=\"image-wrap tf_rel tf_mw\">\n            <img loading=\"lazy\" decoding=\"async\" width=\"1600\" height=\"1201\" src=\"https:\/\/www.adfc-wiesbaden.de\/wp-content\/uploads\/2026\/04\/cycling-cities-teaserbild.jpg\" class=\"wp-post-image wp-image-76468\" title=\"&quot;Ciudades ciclistas&quot; | \u00a9 Ingwar Perowanowitsch\" alt=\"&quot;Ciudades ciclistas&quot; | \u00a9 Ingwar Perowanowitsch\" srcset=\"https:\/\/www.adfc-wiesbaden.de\/wp-content\/uploads\/2026\/04\/cycling-cities-teaserbild.jpg 1600w, https:\/\/www.adfc-wiesbaden.de\/wp-content\/uploads\/2026\/04\/cycling-cities-teaserbild-700x525.jpg 700w, https:\/\/www.adfc-wiesbaden.de\/wp-content\/uploads\/2026\/04\/cycling-cities-teaserbild-1400x1051.jpg 1400w, https:\/\/www.adfc-wiesbaden.de\/wp-content\/uploads\/2026\/04\/cycling-cities-teaserbild-200x150.jpg 200w, https:\/\/www.adfc-wiesbaden.de\/wp-content\/uploads\/2026\/04\/cycling-cities-teaserbild-768x576.jpg 768w, https:\/\/www.adfc-wiesbaden.de\/wp-content\/uploads\/2026\/04\/cycling-cities-teaserbild-1536x1153.jpg 1536w, https:\/\/www.adfc-wiesbaden.de\/wp-content\/uploads\/2026\/04\/cycling-cities-teaserbild-16x12.jpg 16w, https:\/\/www.adfc-wiesbaden.de\/wp-content\/uploads\/2026\/04\/cycling-cities-teaserbild-1400x1051-400x300.jpg 400w\" sizes=\"auto, (max-width: 1600px) 100vw, 1600px\" \/>    \n        <\/div>\n    <!-- \/image-wrap -->\n    \n        <div class=\"image-content\">\n                    <h3 class=\"image-title\">\n                                    \"Ciudades ciclistas\" | \u00a9 Ingwar Perowanowitsch                            <\/h3>\n                    <\/div>\n    <!-- \/image-content -->\n        <\/div>\n<!-- \/module image --><!-- module text -->\n<div  class=\"module module-text tb_am46888    tb_gs678604\" data-lazy=\"1\">\n        <div  class=\"tb_text_wrap\">\n        <h2>Acto de cine pol\u00edtico: \u00abCiudades ciclistas\u00bb<\/h2>\n<h3>El 12 de junio, pol\u00edticos, aficionados a la bicicleta y partes interesadas se reunir\u00e1n en el Museo de Wiesbaden para inspirarse e intercambiar: Se mostrar\u00e1 el impresionante documental \"Ciudades ciclistas\" de Ingwar Perovanovich. El evento tendr\u00e1 lugar como parte de la campa\u00f1a STADTRADELN 2026.<\/h3>\n<p>Wiesbaden est\u00e1 cambiando. La movilidad, la protecci\u00f3n del clima y el dise\u00f1o de nuestros espacios p\u00fablicos son los temas centrales que nos desaf\u00edan hoy y en el futuro. Pero, \u00bfc\u00f3mo tiene \u00e9xito la transformaci\u00f3n a una ciudad amigable con las bicicletas, que no solo es eficiente, sino sobre todo m\u00e1s habitable para todos los ciudadanos?<br \/>ADFC Wiesbaden, Initiative Group Ideas for Biebrich e.V. y \"Zukunft Schierstein\" le invitan cordialmente a esta noche especial de cine con \"Ciudades ciclistas\".\u00a0Esperamos descubrir nuevas perspectivas para nuestra ciudad esta noche:<\/p>\n<p style=\"padding-left: 40px;\"><strong>Ubicaci\u00f3n:<\/strong> <br \/>Museo de Wiesbaden<br \/>Museo Estatal de Arte y Naturaleza de Hesse<br \/>Friedrich-Ebert-Allee 2<br \/>65185 Wiesbaden<\/p>\n<p style=\"padding-left: 40px;\"><strong>Tiempo:<br \/><\/strong>19.00 \u2013 21.30 horas aproximadamente<\/p>\n<p style=\"padding-left: 40px;\"><strong>Admisi\u00f3n:<\/strong> <br \/>Gratis - te pedimos que te registres <a href=\"\/es\/&\/#109;a&#x69;l&#x74;o&#x3a;b&#x69;c&#x69;b&#x75;&#115;&#x40;&#97;&#x64;&#102;&#x63;&#45;&#x77;&#105;&#x65;&#115;&#x62;&#97;d&#x65;n&#x2e;d&#x65;\" target=\"_blank\" rel=\"noopener\">bicibus@adfc-wiesbaden.de<\/a>\u00a0<br \/><br \/><\/p>\n<h3>Por qu\u00e9 esta pel\u00edcula es importante para Wiesbaden<\/h3>\n<p>Cycling Cities es m\u00e1s que un documental sobre ciudades amigables con el ciclismo. La pel\u00edcula ilumina los 100 a\u00f1os de historia del ciclismo y muestra de manera impresionante que una infraestructura exitosa no es una coincidencia, sino el resultado de decisiones pol\u00edticas valientes.<\/p>\n<h3>Inspiraci\u00f3n &amp; Impulsos para tomadores de decisiones y dise\u00f1adores urbanos<\/h3>\n<p style=\"padding-left: 40px;\"><strong>Comprender las mejores pr\u00e1cticas:<\/strong> Descubra c\u00f3mo las ciudades de todo el mundo han superado los obst\u00e1culos a los que nos enfrentamos hoy en Wiesbaden.<\/p>\n<p style=\"padding-left: 40px;\"><strong>Calidad de vida en foco:<\/strong> Vea c\u00f3mo la planificaci\u00f3n respetuosa con el ciclismo fortalece la econom\u00eda local y mejora enormemente los barrios, como los distritos de Biebrich y Schierstein.<\/p>\n<p style=\"padding-left: 40px;\"><strong>Di\u00e1logo a la altura de los ojos:<\/strong> Aproveche la noche para un intercambio informal con expertos y ciudadanos comprometidos en un ambiente relajado.<\/p>\n<p>Estamos convencidos: Las im\u00e1genes y soluciones de \u00abCiudades ciclistas\u00bb proporcionan un valioso impulso para el trabajo diario en las comisiones, los consejos locales, el parlamento de la ciudad y la administraci\u00f3n. Miremos fuera de la caja (y el manillar) juntos para hacer Wiesbaden apto para el futuro.<\/p>\n<p>Gracias ya en este punto <a href=\"https:\/\/museum-wiesbaden.de\/\" target=\"_blank\" rel=\"noopener\">Museo de Wiesbaden<\/a> \u00a1Por la hospitalidad!<\/p>    <\/div>\n<\/div>\n<!-- \/module text -->        <div  data-lazy=\"1\" class=\"module_subrow themify_builder_sub_row tf_w col_align_top tb_col_count_4 tb_k30f505\">\n                <div  data-lazy=\"1\" class=\"module_column sub_column col4-1 tb_klyu041 first\">\n                    <!-- module image -->\n<div  class=\"module module-image tb_97ht231 image-top   tf_mw tb_gs2677162d\" data-lazy=\"1\">\n        <div class=\"image-wrap tf_rel tf_mw\">\n            <img loading=\"lazy\" decoding=\"async\" width=\"400\" height=\"300\" src=\"https:\/\/www.adfc-wiesbaden.de\/wp-content\/uploads\/2026\/04\/adfc-wiesbaden-rtk-logo_4x3.jpg\" class=\"wp-post-image wp-image-76518\" title=\"adfc-wiesbaden-rtk-logo _4x3\" alt=\"adfc-wiesbaden-rtk-logo _4x3\" srcset=\"https:\/\/www.adfc-wiesbaden.de\/wp-content\/uploads\/2026\/04\/adfc-wiesbaden-rtk-logo_4x3.jpg 400w, https:\/\/www.adfc-wiesbaden.de\/wp-content\/uploads\/2026\/04\/adfc-wiesbaden-rtk-logo_4x3-200x150.jpg 200w, https:\/\/www.adfc-wiesbaden.de\/wp-content\/uploads\/2026\/04\/adfc-wiesbaden-rtk-logo_4x3-16x12.jpg 16w\" sizes=\"auto, (max-width: 400px) 100vw, 400px\" \/>    \n        <\/div>\n    <!-- \/image-wrap -->\n    \n        <\/div>\n<!-- \/module image -->        <\/div>\n                    <div  data-lazy=\"1\" class=\"module_column sub_column col4-1 tb_pryd400\">\n                    <!-- module image -->\n<div  class=\"module module-image tb_t2zk080 image-top   tf_mw tb_gs2677162d\" data-lazy=\"1\">\n        <div class=\"image-wrap tf_rel tf_mw\">\n            <img loading=\"lazy\" decoding=\"async\" width=\"400\" height=\"300\" src=\"https:\/\/www.adfc-wiesbaden.de\/wp-content\/uploads\/2026\/04\/ideen-fuer-biebrich-logo_4x3.jpg\" class=\"wp-post-image wp-image-76515\" title=\"ideen-fuer-biebrich-logo _4x3\" alt=\"ideen-fuer-biebrich-logo _4x3\" srcset=\"https:\/\/www.adfc-wiesbaden.de\/wp-content\/uploads\/2026\/04\/ideen-fuer-biebrich-logo_4x3.jpg 400w, https:\/\/www.adfc-wiesbaden.de\/wp-content\/uploads\/2026\/04\/ideen-fuer-biebrich-logo_4x3-200x150.jpg 200w, https:\/\/www.adfc-wiesbaden.de\/wp-content\/uploads\/2026\/04\/ideen-fuer-biebrich-logo_4x3-16x12.jpg 16w\" sizes=\"auto, (max-width: 400px) 100vw, 400px\" \/>    \n        <\/div>\n    <!-- \/image-wrap -->\n    \n        <\/div>\n<!-- \/module image -->        <\/div>\n                    <div  data-lazy=\"1\" class=\"module_column sub_column col4-1 tb_4mc6294\">\n                    <!-- module image -->\n<div  class=\"module module-image tb_kh54104 image-top   tf_mw tb_gs2677162d\" data-lazy=\"1\">\n        <div class=\"image-wrap tf_rel tf_mw\">\n            <img loading=\"lazy\" decoding=\"async\" width=\"400\" height=\"300\" src=\"https:\/\/www.adfc-wiesbaden.de\/wp-content\/uploads\/2026\/04\/zukunft-schierstein-logo_4x3.jpg\" class=\"wp-post-image wp-image-76516\" title=\"futuro logotipo de Scherstein _4x3\" alt=\"futuro logotipo de Scherstein _4x3\" srcset=\"https:\/\/www.adfc-wiesbaden.de\/wp-content\/uploads\/2026\/04\/zukunft-schierstein-logo_4x3.jpg 400w, https:\/\/www.adfc-wiesbaden.de\/wp-content\/uploads\/2026\/04\/zukunft-schierstein-logo_4x3-200x150.jpg 200w, https:\/\/www.adfc-wiesbaden.de\/wp-content\/uploads\/2026\/04\/zukunft-schierstein-logo_4x3-16x12.jpg 16w\" sizes=\"auto, (max-width: 400px) 100vw, 400px\" \/>    \n        <\/div>\n    <!-- \/image-wrap -->\n    \n        <\/div>\n<!-- \/module image -->        <\/div>\n                    <div  data-lazy=\"1\" class=\"module_column sub_column col4-1 tb_58c1270 last\">\n                    <!-- module image -->\n<div  class=\"module module-image tb_fht4659 image-top   tf_mw tb_gs2677162d\" data-lazy=\"1\">\n        <div class=\"image-wrap tf_rel tf_mw\">\n            <img loading=\"lazy\" decoding=\"async\" width=\"400\" height=\"300\" src=\"https:\/\/www.adfc-wiesbaden.de\/wp-content\/uploads\/2026\/04\/museum-wiesbaden-logo-neu.jpg\" class=\"wp-post-image wp-image-76585\" title=\"museo-wiesbaden-logo-nuevo\" alt=\"museo-wiesbaden-logo-nuevo\" srcset=\"https:\/\/www.adfc-wiesbaden.de\/wp-content\/uploads\/2026\/04\/museum-wiesbaden-logo-neu.jpg 400w, https:\/\/www.adfc-wiesbaden.de\/wp-content\/uploads\/2026\/04\/museum-wiesbaden-logo-neu-200x150.jpg 200w, https:\/\/www.adfc-wiesbaden.de\/wp-content\/uploads\/2026\/04\/museum-wiesbaden-logo-neu-16x12.jpg 16w\" sizes=\"auto, (max-width: 400px) 100vw, 400px\" \/>    \n        <\/div>\n    <!-- \/image-wrap -->\n    \n        <\/div>\n<!-- \/module image -->        <\/div>\n                    <\/div>\n                <div  data-lazy=\"1\" class=\"module_subrow themify_builder_sub_row tf_w col_align_top tb_col_count_1 tb_6hzc759\">\n                <div  data-lazy=\"1\" class=\"module_column sub_column col-full tb_7ggx760 first\">\n                    <!-- module divider -->\n<div  class=\"module tf_mw module-divider tb_zvu4406 solid\" style=\"border-width: 1px;border-color: #ffffff;margin-top: 20px;\" data-lazy=\"1\">\n    <\/div>\n<!-- \/module divider -->\n<!-- module text -->\n<div  class=\"module module-text tb_n970992\" data-lazy=\"1\">\n        <div  class=\"tb_text_wrap\">\n        <p>M\u00e1s informaci\u00f3n sobre el programa marco de la acci\u00f3n <a href=\"https:\/\/www.adfc-wiesbaden.de\/es\/wiesbaden-tritt-an-stadtradeln-2026\/\">STADTRADELN en Wiesbaden<\/a> se encuentran a s\u00ed mismos <a href=\"https:\/\/www.adfc-wiesbaden.de\/es\/wiesbaden-tritt-an-stadtradeln-2026\/\">\u2192 aqu\u00ed<\/a>.<\/p>    <\/div>\n<\/div>\n<!-- \/module text -->        <\/div>\n                    <\/div>\n                <\/div>\n                        <\/div>\n        <\/div>\n        <\/div>\n<!--\/themify_builder_content-->\n\n\n<p><\/p>","protected":false},"excerpt":{"rendered":"<p>El 12 de junio llega a Wiesbaden la pel\u00edcula \u00abCiudades ciclistas\u00bb de Ingwar Perowanowitsch. La pel\u00edcula se proyectar\u00e1 en el Museo de Wiesbaden, \u00a1y todos los pol\u00edticos locales est\u00e1n cordialmente invitados!<\/p>","protected":false},"author":57,"featured_media":76468,"comment_status":"closed","ping_status":"closed","sticky":false,"template":"Nachrichten-Seite.php","format":"standard","meta":{"footnotes":""},"categories":[123,944,804],"tags":[775,816,807],"class_list":["post-76573","post","type-post","status-publish","format-standard","has-post-thumbnail","hentry","category-politik-verkehr","category-stadtradeln","category-veranstaltungen","tag-politik-verkehr","tag-stadtradeln","tag-veranstaltung","has-post-title","has-post-date","has-post-category","has-post-tag","has-post-comment","has-post-author",""],"builder_content":"<img src=\"https:\/\/www.adfc-wiesbaden.de\/wp-content\/uploads\/2026\/04\/cycling-cities-teaserbild.jpg\" title=\"Titelbild &quot;Cycling Cities&quot; | &copy; Ingwar Perowanowitsch\" alt=\"Titelbild &quot;Cycling Cities&quot; | &copy; Ingwar Perowanowitsch\" srcset=\"https:\/\/www.adfc-wiesbaden.de\/wp-content\/uploads\/2026\/04\/cycling-cities-teaserbild.jpg 1600w, https:\/\/www.adfc-wiesbaden.de\/wp-content\/uploads\/2026\/04\/cycling-cities-teaserbild-700x525.jpg 700w, https:\/\/www.adfc-wiesbaden.de\/wp-content\/uploads\/2026\/04\/cycling-cities-teaserbild-1400x1051.jpg 1400w, https:\/\/www.adfc-wiesbaden.de\/wp-content\/uploads\/2026\/04\/cycling-cities-teaserbild-200x150.jpg 200w, https:\/\/www.adfc-wiesbaden.de\/wp-content\/uploads\/2026\/04\/cycling-cities-teaserbild-768x576.jpg 768w, https:\/\/www.adfc-wiesbaden.de\/wp-content\/uploads\/2026\/04\/cycling-cities-teaserbild-1536x1153.jpg 1536w, https:\/\/www.adfc-wiesbaden.de\/wp-content\/uploads\/2026\/04\/cycling-cities-teaserbild-16x12.jpg 16w, https:\/\/www.adfc-wiesbaden.de\/wp-content\/uploads\/2026\/04\/cycling-cities-teaserbild-1400x1051-400x300.jpg 400w\" sizes=\"(max-width: 1600px) 100vw, 1600px\" \/> <h3> Titelbild \"Cycling Cities\" | &copy; Ingwar Perowanowitsch <\/h3>\n<h2>Politischer Film-Event: \u201eCycling Cities\u201c<\/h2> <h3>Am 12. Juni treffen sich Politiker:innen, Fahrradfans und Interessierte im Museum Wiesbaden zu Inspiration und Austausch: Gezeigt wird der beeindruckende Dokumentarfilm \u201eCycling Cities\u201c von Ingwar Perowanowitsch. Die Veranstaltung findet im Rahmen der Aktion STADTRADELN 2026 statt.<\/h3> <p>Wiesbaden befindet sich im Wandel. Mobilit\u00e4t, Klimaschutz und die Gestaltung unserer \u00f6ffentlichen R\u00e4ume sind die zentralen Themen, die uns heute und in Zukunft fordern. Doch wie gelingt die Transformation zur fahrradfreundlichen Stadt, die nicht nur effizient, sondern vor allem lebenswerter f\u00fcr alle B\u00fcrgerinnen und B\u00fcrger ist?<br \/>Der ADFC Wiesbaden, die Initiativgruppe Ideen f\u00fcr Biebrich e.V. und \"Zukunft Schierstein\" laden herzlich zu diesem besonderen Filmabend mit \u201eCycling Cities\u201c ein.\u00a0Wir freuen uns darauf, an diesem Abend neue Perspektiven f\u00fcr unsere Stadt zu entdecken:<\/p> <p style=\"padding-left: 40px;\"><strong>Ort:<\/strong> <br \/>Museum Wiesbaden<br \/>Hessisches Landesmuseum f\u00fcr Kunst und Natur<br \/>Friedrich-Ebert-Allee 2<br \/>65185 Wiesbaden<\/p> <p style=\"padding-left: 40px;\"><strong>Uhrzeit:<br \/><\/strong>19:00 \u2013 ca. 21:30 Uhr<\/p> <p style=\"padding-left: 40px;\"><strong>Eintritt:<\/strong> <br \/>frei - wir bitten um Anmeldung an <a href=\"mailto:bicibus@adfc-wiesbaden.de\" target=\"_blank\" rel=\"noopener\">bicibus@adfc-wiesbaden.de<\/a>\u00a0<br \/><br \/><\/p> <h3>Warum dieser Film f\u00fcr Wiesbaden wichtig ist<\/h3> <p>\u201eCycling Cities\u201c ist mehr als eine Dokumentation \u00fcber fahrradfreundliche St\u00e4dte. Der Film beleuchtet die 100-j\u00e4hrige Geschichte des Radverkehrs und zeigt auf beeindruckende Weise, dass erfolgreiche Infrastruktur kein Zufall ist, sondern das Ergebnis mutiger politischer Weichenstellungen.<\/p> <h3>Inspiration &amp; Impulse f\u00fcr Entscheidungstr\u00e4ger:innen und Stadtgestalter:innen<\/h3> <p style=\"padding-left: 40px;\"><strong>Best Practices verstehen:<\/strong> Erfahren Sie, wie St\u00e4dte weltweit H\u00fcrden \u00fcberwunden haben, vor denen wir in Wiesbaden heute stehen.<\/p> <p style=\"padding-left: 40px;\"><strong>Lebensqualit\u00e4t im Fokus:<\/strong> Sehen Sie, wie eine radgerechte Planung die lokale Wirtschaft st\u00e4rkt und Quartiere \u2013 wie etwa die Stadtteile Biebrich oder Schierstein \u2013 massiv aufwertet.<\/p> <p style=\"padding-left: 40px;\"><strong>Dialog auf Augenh\u00f6he:<\/strong> Nutzen Sie den Abend f\u00fcr den informellen Austausch mit Fachexperten und engagierten B\u00fcrger:innen in entspannter Atmosph\u00e4re.<\/p> <p>Wir sind \u00fcberzeugt: Die Bilder und L\u00f6sungsans\u00e4tze aus \u201eCycling Cities\u201c bieten wertvolle Impulse f\u00fcr die t\u00e4gliche Arbeit in den Aussch\u00fcssen, Ortsbeir\u00e4ten, im Stadtparlament und der Verwaltung. Lassen Sie uns gemeinsam \u00fcber den Tellerrand (und den Lenker) schauen, um Wiesbaden fit f\u00fcr die Zukunft zu machen.<\/p> <p>Danke schon an dieser Stelle ans <a href=\"https:\/\/museum-wiesbaden.de\/\" target=\"_blank\" rel=\"noopener\">Museum Wiesbaden<\/a> f\u00fcr die Gastfreundschaft!<\/p>\n<img src=\"https:\/\/www.adfc-wiesbaden.de\/wp-content\/uploads\/2026\/04\/adfc-wiesbaden-rtk-logo_4x3.jpg\" title=\"adfc-wiesbaden-rtk-logo_4x3\" alt=\"adfc-wiesbaden-rtk-logo_4x3\" srcset=\"https:\/\/www.adfc-wiesbaden.de\/wp-content\/uploads\/2026\/04\/adfc-wiesbaden-rtk-logo_4x3.jpg 400w, https:\/\/www.adfc-wiesbaden.de\/wp-content\/uploads\/2026\/04\/adfc-wiesbaden-rtk-logo_4x3-200x150.jpg 200w, https:\/\/www.adfc-wiesbaden.de\/wp-content\/uploads\/2026\/04\/adfc-wiesbaden-rtk-logo_4x3-16x12.jpg 16w\" sizes=\"(max-width: 400px) 100vw, 400px\" \/>\n<img src=\"https:\/\/www.adfc-wiesbaden.de\/wp-content\/uploads\/2026\/04\/ideen-fuer-biebrich-logo_4x3.jpg\" title=\"ideen-fuer-biebrich-logo_4x3\" alt=\"ideen-fuer-biebrich-logo_4x3\" srcset=\"https:\/\/www.adfc-wiesbaden.de\/wp-content\/uploads\/2026\/04\/ideen-fuer-biebrich-logo_4x3.jpg 400w, https:\/\/www.adfc-wiesbaden.de\/wp-content\/uploads\/2026\/04\/ideen-fuer-biebrich-logo_4x3-200x150.jpg 200w, https:\/\/www.adfc-wiesbaden.de\/wp-content\/uploads\/2026\/04\/ideen-fuer-biebrich-logo_4x3-16x12.jpg 16w\" sizes=\"(max-width: 400px) 100vw, 400px\" \/>\n<img src=\"https:\/\/www.adfc-wiesbaden.de\/wp-content\/uploads\/2026\/04\/zukunft-schierstein-logo_4x3.jpg\" title=\"zukunft-schierstein-logo_4x3\" alt=\"zukunft-schierstein-logo_4x3\" srcset=\"https:\/\/www.adfc-wiesbaden.de\/wp-content\/uploads\/2026\/04\/zukunft-schierstein-logo_4x3.jpg 400w, https:\/\/www.adfc-wiesbaden.de\/wp-content\/uploads\/2026\/04\/zukunft-schierstein-logo_4x3-200x150.jpg 200w, https:\/\/www.adfc-wiesbaden.de\/wp-content\/uploads\/2026\/04\/zukunft-schierstein-logo_4x3-16x12.jpg 16w\" sizes=\"(max-width: 400px) 100vw, 400px\" \/>\n<img src=\"https:\/\/www.adfc-wiesbaden.de\/wp-content\/uploads\/2026\/04\/museum-wiesbaden-logo-neu.jpg\" title=\"museum-wiesbaden-logo-neu\" alt=\"museum-wiesbaden-logo-neu\" srcset=\"https:\/\/www.adfc-wiesbaden.de\/wp-content\/uploads\/2026\/04\/museum-wiesbaden-logo-neu.jpg 400w, https:\/\/www.adfc-wiesbaden.de\/wp-content\/uploads\/2026\/04\/museum-wiesbaden-logo-neu-200x150.jpg 200w, https:\/\/www.adfc-wiesbaden.de\/wp-content\/uploads\/2026\/04\/museum-wiesbaden-logo-neu-16x12.jpg 16w\" sizes=\"(max-width: 400px) 100vw, 400px\" \/>\n\n<p>Mehr zum Rahmenprogramm der Aktion <a href=\"https:\/\/www.adfc-wiesbaden.de\/wiesbaden-tritt-an-stadtradeln-2026\/\">STADTRADELN in Wiesbaden<\/a> finden sich <a href=\"https:\/\/www.adfc-wiesbaden.de\/wiesbaden-tritt-an-stadtradeln-2026\/\">\u2192 hier<\/a>.<\/p>","_links":{"self":[{"href":"https:\/\/www.adfc-wiesbaden.de\/es\/wp-json\/wp\/v2\/posts\/76573","targetHints":{"allow":["GET"]}}],"collection":[{"href":"https:\/\/www.adfc-wiesbaden.de\/es\/wp-json\/wp\/v2\/posts"}],"about":[{"href":"https:\/\/www.adfc-wiesbaden.de\/es\/wp-json\/wp\/v2\/types\/post"}],"author":[{"embeddable":true,"href":"https:\/\/www.adfc-wiesbaden.de\/es\/wp-json\/wp\/v2\/users\/57"}],"replies":[{"embeddable":true,"href":"https:\/\/www.adfc-wiesbaden.de\/es\/wp-json\/wp\/v2\/comments?post=76573"}],"version-history":[{"count":15,"href":"https:\/\/www.adfc-wiesbaden.de\/es\/wp-json\/wp\/v2\/posts\/76573\/revisions"}],"predecessor-version":[{"id":76595,"href":"https:\/\/www.adfc-wiesbaden.de\/es\/wp-json\/wp\/v2\/posts\/76573\/revisions\/76595"}],"wp:featuredmedia":[{"embeddable":true,"href":"https:\/\/www.adfc-wiesbaden.de\/es\/wp-json\/wp\/v2\/media\/76468"}],"wp:attachment":[{"href":"https:\/\/www.adfc-wiesbaden.de\/es\/wp-json\/wp\/v2\/media?parent=76573"}],"wp:term":[{"taxonomy":"category","embeddable":true,"href":"https:\/\/www.adfc-wiesbaden.de\/es\/wp-json\/wp\/v2\/categories?post=76573"},{"taxonomy":"post_tag","embeddable":true,"href":"https:\/\/www.adfc-wiesbaden.de\/es\/wp-json\/wp\/v2\/tags?post=76573"}],"curies":[{"name":"wp","href":"https:\/\/api.w.org\/{rel}","templated":true}]}}