{"id":76619,"date":"2026-04-28T21:48:20","date_gmt":"2026-04-28T19:48:20","guid":{"rendered":"https:\/\/www.adfc-wiesbaden.de\/?p=76619"},"modified":"2026-04-28T21:48:20","modified_gmt":"2026-04-28T19:48:20","slug":"fahrrad-garderobe-bei-der-bubenhaeuser-weinrunde","status":"publish","type":"post","link":"https:\/\/www.adfc-wiesbaden.de\/es\/2026\/04\/verein\/fahrrad-garderobe-bei-der-bubenhaeuser-weinrunde\/","title":{"rendered":"ADFC en Rheingau: Armario de bicicletas en el Bubenh\u00e4user Weinrunde"},"content":{"rendered":"<!--themify_builder_content-->\n<div id=\"themify_builder_content-76619\" data-postid=\"76619\" class=\"themify_builder_content themify_builder_content-76619 themify_builder tf_clear\">\n                    <div  data-lazy=\"1\" class=\"module_row themify_builder_row tb_9ipv077 tb_first tf_w\">\n                        <div class=\"row_inner col_align_top tb_col_count_1 tf_box tf_rel\">\n                        <div  data-lazy=\"1\" class=\"module_column tb-column col-full tb_kd2m021 first\">\n                    <!-- module text -->\n<div  class=\"module module-text tb_svbv442    tb_gs678604\" data-lazy=\"1\">\n        <div  class=\"tb_text_wrap\">\n        <h1>\u00abBubenh\u00e4user Weinrunde\u00bb con armario de bicicletas ADFC por primera vez<\/h1>\n<p><strong>El lunes 25 de mayo, de las 11.00 a las 18.00 horas, ocho viticultores de Rauenthal reparten sus vinos en Bubenh\u00e4user H\u00f6he, en Rauenthal. El ADFC estar\u00e1 presente en el \u00abWine Round\u00bb con un armario de bicicletas y un puesto de informaci\u00f3n.<\/strong><\/p>\n<p>En el armario de bicicletas, voluntarios del ADFC Bicycle Club supervisan las bicicletas aparcadas y te regalan una marca con la que podr\u00e1s recoger tu bicicleta en cualquier momento.<\/p>\n<p>La oferta gratuita est\u00e1 dirigida a todos aquellos que quieran disfrutar de la ronda del vino relajado y sin preocuparse por su bicicleta. As\u00ed que: Solo tienes que ir en bicicleta a la ronda del vino y aparcar tu bicicleta de forma segura con nosotros. A continuaci\u00f3n, disfrute de la ronda del vino sin ninguna \u00abpreocupaci\u00f3n por el estacionamiento\u00bb.<\/p>\n<p>Puede encontrar m\u00e1s informaci\u00f3n sobre la Ronda de Vinos de Bubenh\u00e4user <a href=\"https:\/\/www.rheingau.com\/event\/bubenhaeuser-weinrunde\/event.html\">aqu\u00ed<\/a>.\u00a0<\/p>\n<p>\u00a0<\/p>    <\/div>\n<\/div>\n<!-- \/module text --><!-- module image -->\n<div  class=\"module module-image tb_n0se880 image-top   tf_mw tb_gs2677162d\" data-lazy=\"1\">\n        <div class=\"image-wrap tf_rel tf_mw\">\n            <img loading=\"lazy\" decoding=\"async\" width=\"2000\" height=\"1500\" src=\"https:\/\/www.adfc-wiesbaden.de\/wp-content\/uploads\/2026\/04\/bubenhaeuser-weinrunde-2026_beitragsbild1-Kopie.jpg\" class=\"wp-post-image wp-image-76602\" title=\"| Ronda Vino Bubenh\u00e4user \u00a9 Los viticultores Rauenthal\" alt=\"| Ronda Vino Bubenh\u00e4user \u00a9 Los viticultores Rauenthal\" srcset=\"https:\/\/www.adfc-wiesbaden.de\/wp-content\/uploads\/2026\/04\/bubenhaeuser-weinrunde-2026_beitragsbild1-Kopie.jpg 2000w, https:\/\/www.adfc-wiesbaden.de\/wp-content\/uploads\/2026\/04\/bubenhaeuser-weinrunde-2026_beitragsbild1-Kopie-700x525.jpg 700w, https:\/\/www.adfc-wiesbaden.de\/wp-content\/uploads\/2026\/04\/bubenhaeuser-weinrunde-2026_beitragsbild1-Kopie-1400x1050.jpg 1400w, https:\/\/www.adfc-wiesbaden.de\/wp-content\/uploads\/2026\/04\/bubenhaeuser-weinrunde-2026_beitragsbild1-Kopie-200x150.jpg 200w, https:\/\/www.adfc-wiesbaden.de\/wp-content\/uploads\/2026\/04\/bubenhaeuser-weinrunde-2026_beitragsbild1-Kopie-768x576.jpg 768w, https:\/\/www.adfc-wiesbaden.de\/wp-content\/uploads\/2026\/04\/bubenhaeuser-weinrunde-2026_beitragsbild1-Kopie-1536x1152.jpg 1536w, https:\/\/www.adfc-wiesbaden.de\/wp-content\/uploads\/2026\/04\/bubenhaeuser-weinrunde-2026_beitragsbild1-Kopie-16x12.jpg 16w\" sizes=\"auto, (max-width: 2000px) 100vw, 2000px\" \/>    \n        <\/div>\n    <!-- \/image-wrap -->\n    \n        <div class=\"image-content\">\n                    <h3 class=\"image-title\">\n                                    | Ronda Vino Bubenh\u00e4user \u00a9 Los viticultores Rauenthal                            <\/h3>\n                    <\/div>\n    <!-- \/image-content -->\n        <\/div>\n<!-- \/module image -->        <\/div>\n                        <\/div>\n        <\/div>\n        <\/div>\n<!--\/themify_builder_content-->\n\n\n<p><\/p>","protected":false},"excerpt":{"rendered":"<p>El ADFC Wiesbaden\/Rheingau-Taunus ofrece por primera vez un \u00abarmario para bicicletas\u00bb en el Bubenh\u00e4user Weinrunde el 25 de mayo (lunes de Pentecost\u00e9s). Un servicio gratuito para todos aquellos que quieran disfrutar de la ronda del vino relajado y sin preocuparse por su bicicleta.<\/p>","protected":false},"author":60,"featured_media":76601,"comment_status":"closed","ping_status":"closed","sticky":false,"template":"Nachrichten-Seite.php","format":"standard","meta":{"footnotes":""},"categories":[953,804,118],"tags":[857,807,806],"class_list":["post-76619","post","type-post","status-publish","format-standard","has-post-thumbnail","hentry","category-rheingau","category-veranstaltungen","category-verein","tag-rheingau","tag-veranstaltung","tag-verein","has-post-title","has-post-date","has-post-category","has-post-tag","has-post-comment","has-post-author",""],"builder_content":"<h1>\u201eBubenh\u00e4user Weinrunde\u201c erstmals mit ADFC Fahrrad-Garderobe<\/h1> <p><strong>Am Pfingstmontag, 25. Mai, von 11\u201e bis 18 Uhr, schenken acht Rauenthaler Winzer ihre Weine an der Bubenh\u00e4user H\u00f6he in Rauenthal aus. Der ADFC ist bei der \u201eWeinrunde\u201c mit Fahrrad-Garderobe und Infostand dabei.<\/strong><\/p> <p>Bei der Fahrrad-Garderobe beaufsichtigen ehrenamtliche Helfer:innen des ADFC Fahrrad-Clubs die abgestellten R\u00e4der und geben Euch eine Marke, mit der Ihr Euer Fahrrad jederzeit wieder abholen k\u00f6nnt.<\/p> <p>Das kostenfreie Angebot richtet sich an alle, die die Weinrunde entspannt und ohne Sorge um ihr Rad genie\u00dfen m\u00f6chten. Also: Einfach zur Weinrunde radeln - und das Fahrrad sicher bei uns abstellen. Dann die Weinrunde ganz ohne \u201eParkplatz-Sorgen\u201c genie\u00dfen.<\/p> <p>Mehr Infos zur Bubenh\u00e4user Weinrunde findest Du <a href=\"https:\/\/www.rheingau.com\/event\/bubenhaeuser-weinrunde\/event.html\">hier<\/a>.\u00a0<\/p> <p>\u00a0<\/p>\n<img src=\"https:\/\/www.adfc-wiesbaden.de\/wp-content\/uploads\/2026\/04\/bubenhaeuser-weinrunde-2026_beitragsbild1-Kopie.jpg\" title=\"Bubenh\u00e4user Weinrunde | &copy; Die Rauenthaler Winzer\" alt=\"Bubenh\u00e4user Weinrunde | &copy; Die Rauenthaler Winzer\" srcset=\"https:\/\/www.adfc-wiesbaden.de\/wp-content\/uploads\/2026\/04\/bubenhaeuser-weinrunde-2026_beitragsbild1-Kopie.jpg 2000w, https:\/\/www.adfc-wiesbaden.de\/wp-content\/uploads\/2026\/04\/bubenhaeuser-weinrunde-2026_beitragsbild1-Kopie-700x525.jpg 700w, https:\/\/www.adfc-wiesbaden.de\/wp-content\/uploads\/2026\/04\/bubenhaeuser-weinrunde-2026_beitragsbild1-Kopie-1400x1050.jpg 1400w, https:\/\/www.adfc-wiesbaden.de\/wp-content\/uploads\/2026\/04\/bubenhaeuser-weinrunde-2026_beitragsbild1-Kopie-200x150.jpg 200w, https:\/\/www.adfc-wiesbaden.de\/wp-content\/uploads\/2026\/04\/bubenhaeuser-weinrunde-2026_beitragsbild1-Kopie-768x576.jpg 768w, https:\/\/www.adfc-wiesbaden.de\/wp-content\/uploads\/2026\/04\/bubenhaeuser-weinrunde-2026_beitragsbild1-Kopie-1536x1152.jpg 1536w, https:\/\/www.adfc-wiesbaden.de\/wp-content\/uploads\/2026\/04\/bubenhaeuser-weinrunde-2026_beitragsbild1-Kopie-16x12.jpg 16w\" sizes=\"(max-width: 2000px) 100vw, 2000px\" \/> <h3> Bubenh\u00e4user Weinrunde | &copy; Die Rauenthaler Winzer <\/h3>","_links":{"self":[{"href":"https:\/\/www.adfc-wiesbaden.de\/es\/wp-json\/wp\/v2\/posts\/76619","targetHints":{"allow":["GET"]}}],"collection":[{"href":"https:\/\/www.adfc-wiesbaden.de\/es\/wp-json\/wp\/v2\/posts"}],"about":[{"href":"https:\/\/www.adfc-wiesbaden.de\/es\/wp-json\/wp\/v2\/types\/post"}],"author":[{"embeddable":true,"href":"https:\/\/www.adfc-wiesbaden.de\/es\/wp-json\/wp\/v2\/users\/60"}],"replies":[{"embeddable":true,"href":"https:\/\/www.adfc-wiesbaden.de\/es\/wp-json\/wp\/v2\/comments?post=76619"}],"version-history":[{"count":29,"href":"https:\/\/www.adfc-wiesbaden.de\/es\/wp-json\/wp\/v2\/posts\/76619\/revisions"}],"predecessor-version":[{"id":76649,"href":"https:\/\/www.adfc-wiesbaden.de\/es\/wp-json\/wp\/v2\/posts\/76619\/revisions\/76649"}],"wp:featuredmedia":[{"embeddable":true,"href":"https:\/\/www.adfc-wiesbaden.de\/es\/wp-json\/wp\/v2\/media\/76601"}],"wp:attachment":[{"href":"https:\/\/www.adfc-wiesbaden.de\/es\/wp-json\/wp\/v2\/media?parent=76619"}],"wp:term":[{"taxonomy":"category","embeddable":true,"href":"https:\/\/www.adfc-wiesbaden.de\/es\/wp-json\/wp\/v2\/categories?post=76619"},{"taxonomy":"post_tag","embeddable":true,"href":"https:\/\/www.adfc-wiesbaden.de\/es\/wp-json\/wp\/v2\/tags?post=76619"}],"curies":[{"name":"wp","href":"https:\/\/api.w.org\/{rel}","templated":true}]}}