{"id":78029,"date":"2026-08-31T21:05:12","date_gmt":"2026-08-31T19:05:12","guid":{"rendered":"https:\/\/www.adfc-wiesbaden.de\/?p=78029"},"modified":"2026-08-31T21:05:13","modified_gmt":"2026-08-31T19:05:13","slug":"der-adfc-fragt-nach-wie-fahrradfreundlich-ist-wiesbaden","status":"publish","type":"post","link":"https:\/\/www.adfc-wiesbaden.de\/es\/2026\/08\/politik-verkehr\/der-adfc-fragt-nach-wie-fahrradfreundlich-ist-wiesbaden\/","title":{"rendered":"El ADFC pregunta: \u00bfQu\u00e9 tan amigable es Wiesbaden con los ciclistas?"},"content":{"rendered":"<p class=\"wp-block-paragraph\"><\/p>\n\n<!--themify_builder_content-->\n<div id=\"themify_builder_content-78029\" data-postid=\"78029\" class=\"themify_builder_content themify_builder_content-78029 themify_builder tf_clear\">\n                    <div  data-lazy=\"1\" class=\"module_row themify_builder_row tb_97nk009 tb_first tf_w\">\n                        <div class=\"row_inner col_align_top tb_col_count_1 tf_box tf_rel\">\n                        <div  data-lazy=\"1\" class=\"module_column tb-column col-full tb_5z01093 first\">\n                    <!-- module image -->\n<div  class=\"module module-image tb_eiyg657 image-top   tf_mw tb_gs2677162d\" data-lazy=\"1\">\n        <div class=\"image-wrap tf_rel tf_mw\">\n            <img loading=\"lazy\" decoding=\"async\" width=\"2159\" height=\"1215\" src=\"https:\/\/www.adfc-wiesbaden.de\/wp-content\/uploads\/2026\/08\/FKT26_Kommunen_KeyVisual_desktop.jpg\" class=\"wp-post-image wp-image-78033\" title=\"Prueba clim\u00e1tica de la bicicleta 2026\" alt=\"\u00bfQu\u00e9 tan amigable es tu lugar con las bicicletas? Prueba clim\u00e1tica de bicicleta ADFC 2026\" srcset=\"https:\/\/www.adfc-wiesbaden.de\/wp-content\/uploads\/2026\/08\/FKT26_Kommunen_KeyVisual_desktop.jpg 2159w, https:\/\/www.adfc-wiesbaden.de\/wp-content\/uploads\/2026\/08\/FKT26_Kommunen_KeyVisual_desktop-700x394.jpg 700w, https:\/\/www.adfc-wiesbaden.de\/wp-content\/uploads\/2026\/08\/FKT26_Kommunen_KeyVisual_desktop-1400x788.jpg 1400w, https:\/\/www.adfc-wiesbaden.de\/wp-content\/uploads\/2026\/08\/FKT26_Kommunen_KeyVisual_desktop-200x113.jpg 200w, https:\/\/www.adfc-wiesbaden.de\/wp-content\/uploads\/2026\/08\/FKT26_Kommunen_KeyVisual_desktop-768x432.jpg 768w, https:\/\/www.adfc-wiesbaden.de\/wp-content\/uploads\/2026\/08\/FKT26_Kommunen_KeyVisual_desktop-1536x864.jpg 1536w, https:\/\/www.adfc-wiesbaden.de\/wp-content\/uploads\/2026\/08\/FKT26_Kommunen_KeyVisual_desktop-2048x1153.jpg 2048w, https:\/\/www.adfc-wiesbaden.de\/wp-content\/uploads\/2026\/08\/FKT26_Kommunen_KeyVisual_desktop-18x10.jpg 18w\" sizes=\"auto, (max-width: 2159px) 100vw, 2159px\" \/>    \n        <\/div>\n    <!-- \/image-wrap -->\n    \n        <div class=\"image-content\">\n                    <h3 class=\"image-title\">\n                                    \u00bfQu\u00e9 tan amigable es tu lugar con las bicicletas? 2026 | \u00a9 ADFC Prueba clim\u00e1tica de bicicletas                            <\/h3>\n                    <\/div>\n    <!-- \/image-content -->\n        <\/div>\n<!-- \/module image --><!-- module text -->\n<div  class=\"module module-text tb_s3p7811    tb_gs678604\" data-lazy=\"1\">\n        <div  class=\"tb_text_wrap\">\n        <div class=\"button_container\">\n<div class=\"margin_16-16-8-0 adfc-orange-background\">\n<h1>El ADFC pregunta: \u00bfQu\u00e9 tan amigable es Wiesbaden con los ciclistas?<\/h1>\n<h2>La gran prueba clim\u00e1tica de bicicleta ADFC 2026 comienza hoy. Nuevo: Ni\u00f1os y adolescentes con su propia encuesta<\/h2>\n<p>Wiesbaden, 01.09.2026: Hoy, la gran prueba clim\u00e1tica de ciclismo ADFC (FKT) comienza en 2026. Del 1 de septiembre al 30 de noviembre, los ciclistas de toda Alemania podr\u00e1n evaluar qu\u00e9 tan amigable es la bicicleta aqu\u00ed en Wiesbaden. \u00bfCu\u00e1l es la condici\u00f3n de los carriles bici? \u00bfCu\u00e1nto se est\u00e1 haciendo por el ciclismo? \u00bfEs divertido el ciclismo o es m\u00e1s estresante? Por primera vez, la atenci\u00f3n se centra en los ni\u00f1os y adolescentes con su propia encuesta. El ranking nacional de las ciudades m\u00e1s amigables con las bicicletas y otros resultados de la encuesta se presentar\u00e1n en la primavera de 2027.<\/p>\n<p>El presidente federal de ADFC, Frank Masurat, dice: \u00abEl ciclismo te mantiene en forma, es rentable y bueno para el clima. Tambi\u00e9n es divertido. Por lo tanto, muchas ciudades y municipios est\u00e1n construyendo carriles para bicicletas y estacionamientos para bicicletas. Pero las condiciones var\u00edan considerablemente de un lugar a otro. De esto se trata la duod\u00e9cima encuesta. Prueba clim\u00e1tica de ciclismo ADFC. \u00bfC\u00f3mo se ha desarrollado la facilidad de uso de la bicicleta en el sitio y d\u00f3nde a\u00fan debe mejorarse? Los resultados de la encuesta contribuir\u00e1n a mejorar las condiciones de los ciclistas\u00bb.<\/p>\n<p>Mich\u00e9le Fleckenstein, miembro del Consejo de Administraci\u00f3n de ADFC Wiesbaden\/Rheingau-Taunus, afirma: \u00abCualquiera que circule regularmente en Wiesbaden conoce las nuevas carreteras para bicicletas Mosbacher Stra\u00dfe, Lessingstra\u00dfe o flamante en R\u00fcdesheimer Stra\u00dfe, pero tambi\u00e9n cuando la situaci\u00f3n es confusa, como directamente en la estaci\u00f3n principal o a trav\u00e9s de las numerosas obras de construcci\u00f3n. Queremos hacer visibles estas experiencias con la prueba clim\u00e1tica de bicicleta ADFC. Los resultados nos muestran a nosotros y a los l\u00edderes pol\u00edticos d\u00f3nde est\u00e1 realmente Wiesbaden cuando se trata de ciclismo.<strong> en qu\u00e9 \u00e1mbitos sigue siendo necesario actuar<\/strong>. Por eso hacemos un llamamiento a todos los ciclistas para que participen\u00bb.<\/p>\n<h3>Centrarse en los ni\u00f1os y adolescentes<\/h3>\n<p>Por primera vez, el ADFC tambi\u00e9n est\u00e1 dedicando su propia encuesta a ni\u00f1os y adolescentes como parte de la prueba clim\u00e1tica de bicicleta ADFC. Los j\u00f3venes, en particular, necesitan condiciones especialmente seguras para poder ir en bicicleta de forma independiente: a la escuela, al deporte o al tiempo libre. Por lo tanto, el ADFC quiere saber de ellos qu\u00e9 funciona bien al montar en bicicleta, qu\u00e9 los hace dif\u00edciles y qu\u00e9 necesita cambiar para que les guste subirse a la bicicleta o incluso en absoluto.<\/p>\n<p>\u00abLa oferta de ciclistas seguros y experimentados ha mejorado considerablemente en Wiesbaden en los \u00faltimos a\u00f1os y muchas empresas tienen sus propios programas de movilidad. Los ni\u00f1os y adolescentes rara vez suben a la bicicleta en Wiesbaden, porque las conexiones seguras, que tambi\u00e9n se pueden administrar solos, as\u00ed como las instalaciones de estacionamiento seguro todav\u00eda faltan con demasiada frecuencia. Los ni\u00f1os y j\u00f3venes experimentan el tr\u00e1fico vial de manera diferente a los adultos. Sus respuestas pueden mostrar muy concretamente si a los j\u00f3venes en Wiesbaden les gusta andar en bicicleta y qu\u00e9 necesita cambiar para poder viajar de manera segura e independiente\", dice. Fleckenstein.<\/p>\n<p>Con el fin de llamar la atenci\u00f3n sobre las necesidades de los ni\u00f1os y adolescentes, el ADFC Wiesbaden organiza una misa infantil (Kinder-Bicycle-Korso) el 20 de septiembre.<\/p>\n<h3>Participa ahora<\/h3>\n<p>\u00bfQu\u00e9 tan seguro se siente el ciclismo? \u00bfSon los carriles bici lo suficientemente anchos y en buenas condiciones? \u00bfCon qu\u00e9 frecuencia se usa la bicicleta? La encuesta en l\u00ednea sobre la prueba clim\u00e1tica de ciclismo ADFC consta de 27 preguntas, dura alrededor de diez minutos y dura hasta el 30 de noviembre de 2026. La encuesta se lleva a cabo por duod\u00e9cima vez y muestra c\u00f3mo los ciclistas experimentan su lugar de una manera amigable con el ciclista y donde hay margen de mejora. Cuantas m\u00e1s personas bajo <a href=\"https:\/\/fkt.adfc.de\/befragung\"><strong>https:\/\/fkt.adfc.de\/befragung<\/strong><\/a> Participa, cuanto m\u00e1s significativos sean los resultados. En la \u00faltima ronda, 213.000 personas en toda Alemania participaron en la encuesta. Por lo tanto, el ADFC Wiesbaden pide que la prueba clim\u00e1tica de ciclismo ADFC se recomiende tambi\u00e9n entre amigos y conocidos, en clubes y en el lugar de trabajo.<\/p>\n<h3>Los municipios tambi\u00e9n est\u00e1n en demanda<\/h3>\n<p>El ADFC Cycle Climate Test 2026 incluye tres encuestas: Los ciclistas eval\u00faan la facilidad de uso de la bicicleta en su lugar, los ni\u00f1os y los j\u00f3venes describen sus experiencias y necesidades en la juventud de la FKT, y en el municipio, las ciudades y los municipios de la FKT proporcionan informaci\u00f3n sobre c\u00f3mo ya promueven el ciclismo. Esto hace que la facilidad de uso de la bicicleta en el sitio sea visible desde tres perspectivas diferentes. Los resultados se presentar\u00e1n en la primavera de 2027, incluido el ranking nacional de las ciudades m\u00e1s amigables con la bicicleta.<\/p>\n<h3>Acerca de la prueba clim\u00e1tica de ciclismo ADFC 2026<\/h3>\n<p>El ADFC Cycle Climate Test 2026 est\u00e1 financiado por el Ministerio Federal de Transporte (BMV) con fondos para la implementaci\u00f3n del Plan Nacional de Ciclismo (NRVP).<\/p>\n<h3>Acerca de ADFC Wiesbaden \/ Rheingau-Taunus e.V.<\/h3>\n<p>El ADFC Wiesbaden representa los intereses de los ciclistas en la capital del estado de Hesse y la regi\u00f3n de Rheingau-Taunus. Con m\u00e1s de 2.000 miembros en el lugar, la asociaci\u00f3n est\u00e1 comprometida con una pol\u00edtica amigable con la bicicleta, rutas seguras y una mejor calidad de vida a trav\u00e9s del dise\u00f1o moderno de la movilidad.<\/p>\n<h3>Acerca del ADFC<\/h3>\n<p>Con m\u00e1s de 240.000 miembros, el Allgemeine Deutsche Fahrrad-Club e.V. (ADFC) es la mayor representaci\u00f3n de los intereses de los ciclistas en Alemania y en todo el mundo. Asesora en todos los asuntos relacionados con las bicicletas. Pol\u00edticamente, el ADFC est\u00e1 comprometido con la promoci\u00f3n consistente del ciclismo a nivel regional, nacional e internacional.<\/p>\n<\/div>\n<\/div>    <\/div>\n<\/div>\n<!-- \/module text -->        <\/div>\n                        <\/div>\n        <\/div>\n        <\/div>\n<!--\/themify_builder_content-->\n\n\n<p class=\"wp-block-paragraph\"><\/p>","protected":false},"excerpt":{"rendered":"<p>La gran prueba clim\u00e1tica de bicicleta ADFC 2026 comienza hoy. Nuevo: Ni\u00f1os y adolescentes con su propia encuesta<\/p>","protected":false},"author":50,"featured_media":78032,"comment_status":"closed","ping_status":"closed","sticky":false,"template":"Nachrichten-Seite.php","format":"standard","meta":{"footnotes":""},"categories":[123,522],"tags":[865,775,738],"class_list":["post-78029","post","type-post","status-publish","format-standard","has-post-thumbnail","hentry","category-politik-verkehr","category-pressemitteilung","tag-fkt","tag-politik-verkehr","tag-pressemitteilung","has-post-title","has-post-date","has-post-category","has-post-tag","has-post-comment","has-post-author",""],"builder_content":"<img src=\"https:\/\/www.adfc-wiesbaden.de\/wp-content\/uploads\/2026\/08\/FKT26_Kommunen_KeyVisual_desktop.jpg\" title=\"Fahrradklima Test 2026\" alt=\"Wie fahrradfreundlich ist dein Ort? ADFC Fahrradklima Test 2026\" srcset=\"https:\/\/www.adfc-wiesbaden.de\/wp-content\/uploads\/2026\/08\/FKT26_Kommunen_KeyVisual_desktop.jpg 2159w, https:\/\/www.adfc-wiesbaden.de\/wp-content\/uploads\/2026\/08\/FKT26_Kommunen_KeyVisual_desktop-700x394.jpg 700w, https:\/\/www.adfc-wiesbaden.de\/wp-content\/uploads\/2026\/08\/FKT26_Kommunen_KeyVisual_desktop-1400x788.jpg 1400w, https:\/\/www.adfc-wiesbaden.de\/wp-content\/uploads\/2026\/08\/FKT26_Kommunen_KeyVisual_desktop-200x113.jpg 200w, https:\/\/www.adfc-wiesbaden.de\/wp-content\/uploads\/2026\/08\/FKT26_Kommunen_KeyVisual_desktop-768x432.jpg 768w, https:\/\/www.adfc-wiesbaden.de\/wp-content\/uploads\/2026\/08\/FKT26_Kommunen_KeyVisual_desktop-1536x864.jpg 1536w, https:\/\/www.adfc-wiesbaden.de\/wp-content\/uploads\/2026\/08\/FKT26_Kommunen_KeyVisual_desktop-2048x1153.jpg 2048w, https:\/\/www.adfc-wiesbaden.de\/wp-content\/uploads\/2026\/08\/FKT26_Kommunen_KeyVisual_desktop-18x10.jpg 18w\" sizes=\"(max-width: 2159px) 100vw, 2159px\" \/> <h3> Wie fahrradfreundlich ist dein Ort? ADFC Fahrradklima Test 2026 | &copy; ADFC <\/h3>\n<h1>Der ADFC fragt nach: Wie fahrradfreundlich ist Wiesbaden?<\/h1> <h2>Der gro\u00dfe ADFC-Fahrradklima-Test 2026 startet heute. Neu: Kinder und Jugendliche mit eigener Umfrage<\/h2> <p>Wiesbaden, den 01.09.2026: Heute startet der gro\u00dfe ADFC-Fahrradklima-Test (FKT) 2026. Vom 1. September bis zum 30. November k\u00f6nnen Radfahrer und Radfahrerinnen in ganz Deutschland bewerten, wie fahrradfreundlich es direkt hier vor Ort in Wiesbaden ist. Wie ist der Zustand der Radwege? Wie viel wird f\u00fcrs Radfahren schon getan? Macht Radfahren Spa\u00df oder ist es eher Stress? Zum ersten Mal stehen Kinder und Jugendliche mit einer eigenen Umfrage im Fokus. Das bundesweite Ranking der fahrradfreundlichsten St\u00e4dte und weitere Ergebnisse der Befragung werden im Fr\u00fchjahr 2027 vorgestellt.<\/p> <p>ADFC-Bundesvorsitzender Frank Masurat sagt: \u201eRadfahren h\u00e4lt fit, ist kosteng\u00fcnstig und gut f\u00fcr das Klima \u2013 Spa\u00df macht es obendrein. Viele St\u00e4dte und Gemeinden bauen deswegen Radwege und Fahrradparkh\u00e4user. Doch die Bedingungen unterscheiden sich von Ort zu Ort erheblich. Genau darum geht es bei der Befragung zum 12. ADFC-Fahrradklima-Test. Wie hat sich die Fahrradfreundlichkeit vor Ort entwickelt und wo muss noch nachgebessert werden? Die Ergebnisse der Befragung helfen dabei, die Bedingungen f\u00fcr Radfahrerinnen und Radfahrer zu verbessern.\u201c<\/p> <p>Mich\u00e9le Fleckenstein, Vorstandsmitglied des ADFC Wiesbaden\/Rheingau-Taunus, sagt: \u201eWer regelm\u00e4\u00dfig mit dem Fahrrad in Wiesbaden unterwegs ist, kennt die neuen Fahrradstra\u00dfen Mosbacher Stra\u00dfe, Lessingstra\u00dfe oder brandneu in der R\u00fcdesheimer Stra\u00dfe, aber auch, wo die Situation wie direkt am Hauptbahnhof oder durch die vielen Baustellen un\u00fcbersichtlich ist. Diese Erfahrungen wollen wir mit dem ADFC-Fahrradklima-Test sichtbar machen. Die Ergebnisse zeigen uns und den politisch Verantwortlichen, wo Wiesbaden beim Radverkehr wirklich steht und<strong> in welchen Bereichen noch Handlungsbedarf besteht<\/strong>. Deshalb rufen wir alle Radfahrerinnen und Radfahrer dazu auf, mitzumachen.\u201c<\/p> <h3>Kinder und Jugendliche im Fokus<\/h3> <p>Zum ersten Mal widmet der ADFC auch Kindern und Jugendlichen eine eigene Umfrage im Rahmen des ADFC-Fahrradklima-Tests. Gerade junge Menschen brauchen besonders sichere Bedingungen, um selbstst\u00e4ndig mit dem Rad unterwegs zu sein \u2013 zur Schule, zum Sport oder in der Freizeit. Deshalb m\u00f6chte der ADFC von ihnen selbst wissen, was beim Radfahren gut funktioniert, was ihnen Schwierigkeiten macht und was sich ver\u00e4ndern muss, damit sie gerne oder \u00fcberhaupt auf das Fahrrad steigen.<\/p> <p>\u201eDas Angebot f\u00fcr sichere und erfahrene Radfahrende hat sich in Wiesbaden in den letzten Jahren stark verbessert und viele Unternehmen haben eigene Mobilit\u00e4tsprogramme. Kinder und Jugendliche steigen in Wiesbaden selten aufs Rad, denn sichere Verbindungen, die auch alleine bew\u00e4ltigt werden k\u00f6nnen, sowie sichere Abstellanlagen fehlen noch zu oft. Kinder und Jugendliche erleben den Stra\u00dfenverkehr anders als Erwachsene. Ihre Antworten k\u00f6nnen sehr konkret zeigen, ob junge Menschen in Wiesbaden gerne Rad fahren und was sich \u00e4ndern muss, damit sie sicher und selbstst\u00e4ndig unterwegs sein k\u00f6nnen\u201c, sagt Fleckenstein.<\/p> <p>Um auf die Bed\u00fcrfnisse von Kindern und Jugendlichen aufmerksam zu machen, veranstaltet der ADFC Wiesbaden am 20.09. eine Kidical Mass (Kinder-Fahrrad-Korso).<\/p> <h3>Jetzt teilnehmen<\/h3> <p>Wie sicher f\u00fchlt sich Radfahren an? Sind die Radwege breit genug und in einem guten Zustand? Wie h\u00e4ufig wird das Fahrrad genutzt? Die Online-Befragung zum ADFC-Fahrradklima-Test besteht aus 27 Fragen, dauert rund zehn Minuten und l\u00e4uft bis zum 30. November 2026. Die Befragung findet zum zw\u00f6lften Mal statt und macht deutlich, wie fahrradfreundlich Radfahrerinnen und Radfahrer ihren Ort erleben und wo es Verbesserungsbedarf gibt. Je mehr Menschen unter <a href=\"https:\/\/fkt.adfc.de\/befragung\"><strong>https:\/\/fkt.adfc.de\/befragung<\/strong><\/a> teilnehmen, umso aussagekr\u00e4ftiger sind die Ergebnisse. Beim letzten Durchgang haben 213.000 Menschen in ganz Deutschland an der Befragung teilgenommen. Der ADFC Wiesbaden ruft deshalb dazu auf, den ADFC-Fahrradklima-Test auch im Freundes- und Bekanntenkreis, in Vereinen und am Arbeitsplatz weiterzuempfehlen.<\/p> <h3>Auch die Kommunen sind gefragt<\/h3> <p>Zum ADFC-Fahrradklima-Test 2026 geh\u00f6ren drei Befragungen: Radfahrerinnen und Radfahrer bewerten die Fahrradfreundlichkeit ihres Ortes, Kinder und Jugendliche schildern im FKT-Jugendliche ihre Erfahrungen und Bed\u00fcrfnisse \u2013 und beim FKT-Kommunen geben St\u00e4dte und Gemeinden Auskunft, wie sie den Radverkehr schon f\u00f6rdern. Damit wird die Fahrradfreundlichkeit vor Ort aus drei unterschiedlichen Perspektiven sichtbar. Die Ergebnisse werden im Fr\u00fchjahr 2027 vorgestellt, dazu geh\u00f6rt auch das bundesweite Ranking der fahrradfreundlichsten St\u00e4dte.<\/p> <h3>\u00dcber den ADFC-Fahrradklima-Test 2026<\/h3> <p>Der ADFC-Fahrradklima-Test 2026 wird gef\u00f6rdert durch das Bundesministerium f\u00fcr Verkehr (BMV) aus Mitteln zur Umsetzung des Nationalen Radverkehrsplans (NRVP).<\/p> <h3>\u00dcber den ADFC Wiesbaden \/ Rheingau-Taunus e.V.<\/h3> <p>Der ADFC Wiesbaden ist die Interessenvertretung f\u00fcr Radfahrerinnen und Radfahrer in der hessischen Landeshauptstadt und der Region Rheingau-Taunus. Mit \u00fcber 2.000 Mitgliedern vor Ort setzt sich der Verein f\u00fcr eine fahrradfreundliche Politik, sichere Wege und mehr Lebensqualit\u00e4t durch eine moderne Mobilit\u00e4tsgestaltung ein.<\/p> <h3>\u00dcber den ADFC<\/h3> <p>Der Allgemeine Deutsche Fahrrad-Club e.V. (ADFC) ist mit mehr als 240.000 Mitgliedern die gr\u00f6\u00dfte Interessenvertretung der Radfahrerenden in Deutschland und weltweit. Er ber\u00e4t in allen Fragen rund ums Fahrrad. Politisch engagiert sich der ADFC auf regionaler, nationaler und internationaler Ebene f\u00fcr die konsequente F\u00f6rderung des Radverkehrs.<\/p>","_links":{"self":[{"href":"https:\/\/www.adfc-wiesbaden.de\/es\/wp-json\/wp\/v2\/posts\/78029","targetHints":{"allow":["GET"]}}],"collection":[{"href":"https:\/\/www.adfc-wiesbaden.de\/es\/wp-json\/wp\/v2\/posts"}],"about":[{"href":"https:\/\/www.adfc-wiesbaden.de\/es\/wp-json\/wp\/v2\/types\/post"}],"author":[{"embeddable":true,"href":"https:\/\/www.adfc-wiesbaden.de\/es\/wp-json\/wp\/v2\/users\/50"}],"replies":[{"embeddable":true,"href":"https:\/\/www.adfc-wiesbaden.de\/es\/wp-json\/wp\/v2\/comments?post=78029"}],"version-history":[{"count":20,"href":"https:\/\/www.adfc-wiesbaden.de\/es\/wp-json\/wp\/v2\/posts\/78029\/revisions"}],"predecessor-version":[{"id":78051,"href":"https:\/\/www.adfc-wiesbaden.de\/es\/wp-json\/wp\/v2\/posts\/78029\/revisions\/78051"}],"wp:featuredmedia":[{"embeddable":true,"href":"https:\/\/www.adfc-wiesbaden.de\/es\/wp-json\/wp\/v2\/media\/78032"}],"wp:attachment":[{"href":"https:\/\/www.adfc-wiesbaden.de\/es\/wp-json\/wp\/v2\/media?parent=78029"}],"wp:term":[{"taxonomy":"category","embeddable":true,"href":"https:\/\/www.adfc-wiesbaden.de\/es\/wp-json\/wp\/v2\/categories?post=78029"},{"taxonomy":"post_tag","embeddable":true,"href":"https:\/\/www.adfc-wiesbaden.de\/es\/wp-json\/wp\/v2\/tags?post=78029"}],"curies":[{"name":"wp","href":"https:\/\/api.w.org\/{rel}","templated":true}]}}