{"id":1380,"date":"2023-01-31T18:55:23","date_gmt":"2023-01-31T18:55:23","guid":{"rendered":"https:\/\/kidicalmass.adfc-wiesbaden.de\/?p=1380"},"modified":"2026-04-24T19:53:41","modified_gmt":"2026-04-24T17:53:41","slug":"2023-03-19","status":"publish","type":"post","link":"https:\/\/www.adfc-wiesbaden.de\/fa\/2023\/01\/kidical-mass\/2023-03-19\/","title":{"rendered":"Kidical Mass 19. M\u00e4rz 2023"},"content":{"rendered":"<h2 class=\"wp-block-heading\">8. Kidical Mass Wiesbaden<\/h2>\n\n\n\n<p>Die erste Kidical Mass Wiesbaden 2023 findet am Sonntag, den 19.03. um 15:00 Uhr statt. Los geht es wieder am Dernsches Gel\u00e4nde. Auf H\u00f6he der Eisdiele. Nach gut 5 km und 50 H\u00f6henmeter endet der Kinder-Fahrrad-Korso im Wellritztal.<\/p>\n\n\n\n<h2 class=\"wp-block-heading\" id=\"Zubringertouren\">Zubringertouren<\/h2>\n\n\n\n<p>Aus unterschiedlichen Stadtteilen wird es Zubringertouren geben. Bei Zubringertouren treffen sich einige Familien aus dem selben Quartier und fahren gemeinsam zum Startpunkt Dern&#8217;sche Gel\u00e4nde. Die Zubringer sind keine angemeldete Demonstration. Es wird auf Radwegen gefahren.<br>Falls ihr Interesse an einen Zubringer aus euren Quartier habt, dann schreibt uns, <a href=\"\/fa\/&\/#x6d;&#97;i&#x6c;&#116;&#111;&#x3a;&#x6b;&#105;d&#x69;&#99;a&#x6c;&#x6d;&#97;s&#x73;&#64;a&#x64;&#x66;&#99;-&#x77;&#105;e&#x73;&#x62;&#97;d&#x65;&#110;&#46;&#x64;&#x65;\">k&#105;&#x64;&#x69;&#x63;a&#108;&#109;&#x61;&#x73;s&#64;&#97;&#x64;&#x66;c-&#119;&#x69;&#x65;&#x73;b&#97;&#x64;&#x65;&#x6e;&#46;&#100;&#101;<\/a>,  an, wir helfen beim Organisieren.<\/p>\n\n\n\n<figure class=\"wp-block-table\"><table><tbody><tr><td>Stadtteil \/ Quartier<\/td><td>Treffpunkt<\/td><td>Uhrzeit<\/td><\/tr><tr><td>Biebrich<\/td><td>Fl\u00f6tenspielerbrunnen<br>am Rheinufer<\/td><td>14:15<\/td><\/tr><tr><td>Kohlheck<\/td><td>Glascontainern<br>Dolomitenstra\u00dfe Ecke Paul-Gerhardt-Stra\u00dfe<\/td><td>14:15<\/td><\/tr><tr><td>K\u00fcnstlerviertel<\/td><td>Neubau Friedrich-von-Schiller-Schule<br>Carla-Henius-Stra\u00dfe 3-5<\/td><td>14:20<\/td><\/tr><tr><td>Rheingauviertel<\/td><td>Glyg<br>Marcobrunnerstra\u00dfe Ecke Rauenthalerstra\u00dfe<\/td><td>14:30<\/td><\/tr><tr><td>Westend<\/td><td>An der Parkbank<br>Goebenstra\u00dfe Ecke Scharnhorststra\u00dfe<\/td><td>14:30<\/td><\/tr><\/tbody><\/table><\/figure>\n\n\n<!-- wp:themify-builder\/canvas \/-->","protected":false},"excerpt":{"rendered":"<p>Am Sonntag, 19. M\u00e4rz 2023 veranstaltet der ADFC Wiesbaden die erste Kidical Mass Wiesbaden 2023. Treffpunkt ist um 15:00 Uhr auf dem Dernsches Gel\u00e4nde.<\/p>","protected":false},"author":52,"featured_media":76050,"comment_status":"closed","ping_status":"closed","sticky":false,"template":"Nachrichten-Seite.php","format":"standard","meta":{"footnotes":""},"categories":[932],"tags":[925,516,772],"class_list":["post-1380","post","type-post","status-publish","format-standard","has-post-thumbnail","hentry","category-kidical-mass","tag-fruehling","tag-kidical-mass","tag-wiesbaden","has-post-title","has-post-date","has-post-category","has-post-tag","has-post-comment","has-post-author",""],"builder_content":"","_links":{"self":[{"href":"https:\/\/www.adfc-wiesbaden.de\/fa\/wp-json\/wp\/v2\/posts\/1380","targetHints":{"allow":["GET"]}}],"collection":[{"href":"https:\/\/www.adfc-wiesbaden.de\/fa\/wp-json\/wp\/v2\/posts"}],"about":[{"href":"https:\/\/www.adfc-wiesbaden.de\/fa\/wp-json\/wp\/v2\/types\/post"}],"author":[{"embeddable":true,"href":"https:\/\/www.adfc-wiesbaden.de\/fa\/wp-json\/wp\/v2\/users\/52"}],"replies":[{"embeddable":true,"href":"https:\/\/www.adfc-wiesbaden.de\/fa\/wp-json\/wp\/v2\/comments?post=1380"}],"version-history":[{"count":5,"href":"https:\/\/www.adfc-wiesbaden.de\/fa\/wp-json\/wp\/v2\/posts\/1380\/revisions"}],"predecessor-version":[{"id":76335,"href":"https:\/\/www.adfc-wiesbaden.de\/fa\/wp-json\/wp\/v2\/posts\/1380\/revisions\/76335"}],"wp:featuredmedia":[{"embeddable":true,"href":"https:\/\/www.adfc-wiesbaden.de\/fa\/wp-json\/wp\/v2\/media\/76050"}],"wp:attachment":[{"href":"https:\/\/www.adfc-wiesbaden.de\/fa\/wp-json\/wp\/v2\/media?parent=1380"}],"wp:term":[{"taxonomy":"category","embeddable":true,"href":"https:\/\/www.adfc-wiesbaden.de\/fa\/wp-json\/wp\/v2\/categories?post=1380"},{"taxonomy":"post_tag","embeddable":true,"href":"https:\/\/www.adfc-wiesbaden.de\/fa\/wp-json\/wp\/v2\/tags?post=1380"}],"curies":[{"name":"wp","href":"https:\/\/api.w.org\/{rel}","templated":true}]}}