{"id":1382,"date":"2023-01-31T18:57:54","date_gmt":"2023-01-31T18:57:54","guid":{"rendered":"https:\/\/kidicalmass.adfc-wiesbaden.de\/?p=1382"},"modified":"2026-04-24T19:53:03","modified_gmt":"2026-04-24T17:53:03","slug":"2023-05-07","status":"publish","type":"post","link":"https:\/\/www.adfc-wiesbaden.de\/fa\/2023\/01\/kidical-mass\/2023-05-07\/","title":{"rendered":"Kidical Mass 07. Mai 2023"},"content":{"rendered":"<h2 class=\"wp-block-heading\">9. Kidical Mass Wiesbaden<\/h2>\n\n\n\n<p>Die zweite Kidical Mass Wiesbaden 2023 findet am Sonntag, den 07.05. um 15:00 Uhr statt. Los geht es wieder am Dernsches Gel\u00e4nde auf H\u00f6he der Eisdiele. Wo wir enden, erfahrt ihr im Blog zwei Wochen vorher.<\/p>\n\n\n\n<h2 class=\"wp-block-heading\">Gemeinsames Schilder basteln<\/h2>\n\n\n\n<p>Im Rahmen der Aktionen zum 20 j\u00e4hrigen Jubil\u00e4um &#8222;Gemeinschaftlich Wohnen e.G.&#8220; basteln wir im Hof des <a href=\"http:\/\/gemeinschaftlich-wohnen.de\">Wohnprojektes Bl\u00fc17<\/a> in der <strong>Bl\u00fccherstra\u00dfe 17<\/strong> am <strong>Freitag, 5. Mai<\/strong> von <strong>16:00 bis 18:00 Uhr<\/strong> Schilder. Die Schilder schm\u00fccken unsere Fahrr\u00e4der und transportieren unsere Botschaft. Zum Basteln sind alle ohne Voranmeldung herzlich willkommen. Materialien, wie Pappen, Farben und Schn\u00fcre sind vorhanden &#8211; ihr bringt einfach eure Kreativit\u00e4t und Freude mit.<br>Im Rahmen eines Zwischenstopps bei der Kidical Mass erwartet die Radfahrenden dann eine st\u00e4rkende \u00dcberraschung vom Bl\u00fc17.<\/p>\n\n\n\n<h2 class=\"wp-block-heading\" id=\"Zubringertouren\">Zubringertouren<\/h2>\n\n\n\n<p>Aus unterschiedlichen Stadtteilen wird es Zubringertouren geben. Bei Zubringertouren treffen sich einige Familien aus dem selben Quartier und fahren gemeinsam zum Startpunkt Dern&#8217;sche Gel\u00e4nde. Die Zubringer sind keine angemeldete Demonstration und sind nicht Teil der Veranstaltung. Es wird auf Radwegen gefahren.<br>Falls ihr Interesse an einen Zubringer aus euren Quartier habt, dann schreibt uns, <a href=\"\/fa\/&\/#x6d;&#x61;&#105;l&#x74;&#x6f;&#x3a;&#107;i&#x64;&#x69;&#x63;&#97;l&#x6d;&#x61;&#x73;&#115;&#64;&#x61;&#x64;&#x66;&#99;-&#x77;&#x69;&#x65;&#115;b&#x61;&#x64;&#x65;&#110;&#46;&#x64;&#x65;\">&#x6b;&#x69;&#x64;&#x69;&#x63;&#x61;&#x6c;&#109;&#97;&#115;&#115;&#64;adfc&#x2d;&#x77;&#x69;&#x65;&#x73;&#x62;&#x61;&#x64;&#101;&#110;&#46;&#100;&#101;<\/a>,  an. Wir helfen beim Organisieren.<\/p>\n\n\n\n<figure class=\"wp-block-table\"><table><tbody><tr><td>Stadtteil \/ Quartier<\/td><td>Treffpunkt<\/td><td>Uhrzeit<\/td><td>Strecke<\/td><\/tr><tr><td>Biebrich<\/td><td>Fl\u00f6tenspielerbrunnen<br>am Rheinufer<\/td><td>14:15<\/td><td>5,5 km<\/td><\/tr><tr><td>Dichterviertel<\/td><td>Hebbelschule<br>Hebbelplatz \/ Hebbelstra\u00dfe<\/td><td>14:30<\/td><td>1,9 km<\/td><\/tr><tr><td>Kohlheck<\/td><td>Glascontainern<br>Dolomitenstra\u00dfe Ecke Paul-Gerhardt-Stra\u00dfe<\/td><td>14:15<\/td><td>4,4 km<\/td><\/tr><tr><td>K\u00fcnstlerviertel<\/td><td>Friedrich-von-Schiller-Schule (Neubau)<br>Carla-Henius-Stra\u00dfe 3-5<\/td><td>14:20<\/td><td>2,9 km<\/td><\/tr><tr><td>Nordost<\/td><td>Johannes-Maa\u00df-Schule<br>Fahrradst\u00e4nder Johannes-Maa\u00df-Stra\u00dfe \/ gg\u00fc. Friedhofsmauer<\/td><td>14:30<\/td><td>1,1 km<\/td><\/tr><tr><td>Rheingauviertel<\/td><td>Glyg<br>Marcobrunnerstra\u00dfe Ecke Rauenthalerstra\u00dfe<\/td><td>14:30<\/td><td>1,7 km<\/td><\/tr><tr><td>Westend<\/td><td>Bl\u00fccherschule<br>Scharnhorststra\u00dfe Ecle Bl\u00fccherstra\u00dfe<\/td><td>14:30<\/td><td>1,4 km<\/td><\/tr><\/tbody><\/table><\/figure>\n\n\n\n<p id=\"ZubringertourenKarte\">Karte der Zubringertouren<\/p>\n\n\n\n<iframe \nsrc=\"https:\/\/www.google.com\/maps\/d\/embed?mid=1ZAm5gIuXRSSWHlbo949vL5pQXz0aHQs&#038;ehbc=2E312F\" width=\"880\" height=\"660\"><\/iframe>\n\n\n<!-- wp:themify-builder\/canvas \/-->","protected":false},"excerpt":{"rendered":"<p>Am Sonntag, 07. Mai 2023 veranstaltet der ADFC Wiesbaden die zweite Kidical Mass Wiesbaden 2023. Treffpunkt ist um 15:00 Uhr auf dem Dernsches Gel\u00e4nde.<\/p>","protected":false},"author":52,"featured_media":1598,"comment_status":"closed","ping_status":"closed","sticky":false,"template":"Nachrichten-Seite.php","format":"standard","meta":{"footnotes":""},"categories":[932],"tags":[516,927,772],"class_list":["post-1382","post","type-post","status-publish","format-standard","has-post-thumbnail","hentry","category-kidical-mass","tag-kidical-mass","tag-sommer","tag-wiesbaden","has-post-title","has-post-date","has-post-category","has-post-tag","has-post-comment","has-post-author",""],"builder_content":"","_links":{"self":[{"href":"https:\/\/www.adfc-wiesbaden.de\/fa\/wp-json\/wp\/v2\/posts\/1382","targetHints":{"allow":["GET"]}}],"collection":[{"href":"https:\/\/www.adfc-wiesbaden.de\/fa\/wp-json\/wp\/v2\/posts"}],"about":[{"href":"https:\/\/www.adfc-wiesbaden.de\/fa\/wp-json\/wp\/v2\/types\/post"}],"author":[{"embeddable":true,"href":"https:\/\/www.adfc-wiesbaden.de\/fa\/wp-json\/wp\/v2\/users\/52"}],"replies":[{"embeddable":true,"href":"https:\/\/www.adfc-wiesbaden.de\/fa\/wp-json\/wp\/v2\/comments?post=1382"}],"version-history":[{"count":4,"href":"https:\/\/www.adfc-wiesbaden.de\/fa\/wp-json\/wp\/v2\/posts\/1382\/revisions"}],"predecessor-version":[{"id":76331,"href":"https:\/\/www.adfc-wiesbaden.de\/fa\/wp-json\/wp\/v2\/posts\/1382\/revisions\/76331"}],"wp:featuredmedia":[{"embeddable":true,"href":"https:\/\/www.adfc-wiesbaden.de\/fa\/wp-json\/wp\/v2\/media\/1598"}],"wp:attachment":[{"href":"https:\/\/www.adfc-wiesbaden.de\/fa\/wp-json\/wp\/v2\/media?parent=1382"}],"wp:term":[{"taxonomy":"category","embeddable":true,"href":"https:\/\/www.adfc-wiesbaden.de\/fa\/wp-json\/wp\/v2\/categories?post=1382"},{"taxonomy":"post_tag","embeddable":true,"href":"https:\/\/www.adfc-wiesbaden.de\/fa\/wp-json\/wp\/v2\/tags?post=1382"}],"curies":[{"name":"wp","href":"https:\/\/api.w.org\/{rel}","templated":true}]}}