{"id":1387,"date":"2023-01-31T23:04:07","date_gmt":"2023-01-31T23:04:07","guid":{"rendered":"https:\/\/kidicalmass.adfc-wiesbaden.de\/?p=1387"},"modified":"2026-04-24T20:00:50","modified_gmt":"2026-04-24T18:00:50","slug":"2023-09-24","status":"publish","type":"post","link":"https:\/\/www.adfc-wiesbaden.de\/fa\/2023\/01\/kidical-mass\/2023-09-24\/","title":{"rendered":"Kidical Mass 24. September 2023"},"content":{"rendered":"<p><\/p>\n\n\n\n<h2 class=\"wp-block-heading\">10. Kidical Mass Wiesbaden<\/h2>\n\n\n\n<p>Die dritte Kidical Mass Wiesbaden 2023 findet am 24.09. um 15:00 Uhr im Rahmen der weltweiten <a href=\"https:\/\/kinderaufsrad.org\/\" target=\"_blank\" rel=\"noreferrer noopener\">Kidical-Mass-Aktionstagen<\/a> statt. Sie startet ausnahmsweise am Kranzplatz. Das ist Ende ist diesmal in den Nerotal-Anlagen. Keine Sorge wir fahren nicht nur die Taunusstra\u00dfe entlang.<\/p>\n\n\n\n<h2 class=\"wp-block-heading\">Unterst\u00fctzt unsere Ziele<\/h2>\n\n\n\n<p>Unsere wichtigsten Ziele sind in einer Petition zusammengefasst, die gerne unterschrieben und geteilt werden kann. Die Petition findet ihr hier: <a href=\"https:\/\/weact.campact.de\/petitions\/kinder-aufs-rad-fur-ein-lebenswertes-wiesbaden\" target=\"_blank\" rel=\"noreferrer noopener\">https:\/\/weact.campact.de\/petitions\/kinder-aufs-rad-fur-ein-lebenswertes-wiesbaden<\/a><\/p>\n\n\n\n<p>Es Bedarf stetigen Druck an die Politik damit sich unsere Welt \u00e4ndert. Zwar unterst\u00fctzt die Verkehrsministerkonferenz vom M\u00e4rz eine Reform vom StVG und StVO mit dem Fokus auf eine kinderfreundliche Mobilit\u00e4t, doch reformiert ist noch nichts. Daher lasst uns alle gemeinsam f\u00fcr diese gro\u00dfe Ver\u00e4nderung Gesicht zeigen und zusammen Rad fahren.<\/p>\n\n\n\n<h2 class=\"wp-block-heading\" id=\"Zubringertouren\">Zubringertouren<\/h2>\n\n\n\n<p>Aus unterschiedlichen Stadtteilen wird es Zubringertouren geben. Bei Zubringertouren treffen sich einige Familien an der Grundschule im Viertel und fahren gemeinsam zum Startpunkt. Die Zubringer sind keine angemeldete Demonstration und sind nicht Teil der Veranstaltung. Es wird auf Radwegen gefahren.<br>Aus euren Viertel gibt es kein Zubringer und ihr habt Interesse, dann schreibt uns, <a href=\"\/fa\/&\/#x6d;&#x61;&#105;lt&#x6f;&#x3a;&#107;&#105;d&#x69;&#x63;&#97;&#108;m&#x61;&#x73;&#x73;&#64;ad&#x66;&#x63;&#45;&#119;i&#x65;&#x73;&#98;&#97;d&#x65;&#x6e;&#46;&#100;e\">&#107;&#x69;d&#105;&#x63;a&#108;&#x6d;a&#115;&#x73;&#64;&#97;&#x64;f&#99;&#x2d;w&#105;&#x65;s&#98;&#x61;d&#101;&#x6e;&#46;&#100;&#x65;<\/a>, an. Wir helfen beim Organisieren.<\/p>\n\n\n\n<p>Geplanten Zubringertouren (\u00c4nderungen werden noch eingepflegt):<\/p>\n\n\n\n<figure class=\"wp-block-table alignleft\"><table><tbody><tr><td>Stadtteil \/ Viertel<\/td><td class=\"has-text-align-left\" data-align=\"left\">Treffpunkt<\/td><td>Uhrzeit<\/td><td>Strecke<\/td><\/tr><tr><td>Biebrich<\/td><td class=\"has-text-align-left\" data-align=\"left\">Fl\u00f6tenspielerbrunnen<br>am Rheinufer<\/td><td>14:15<\/td><td>6,2 km<\/td><\/tr><tr><td>Dichterviertel<\/td><td class=\"has-text-align-left\" data-align=\"left\">Hebbelschule<br>Hebbelplatz \/ Hebbelstra\u00dfe<\/td><td>14:30<\/td><td>2,8 km<\/td><\/tr><tr><td>Kohlheck<\/td><td class=\"has-text-align-left\" data-align=\"left\">Glascontainern<br>Dolomitenstra\u00dfe Ecke Paul-Gerhardt-Stra\u00dfe<\/td><td>14:15<\/td><td>5,1 km<\/td><\/tr><tr><td>K\u00fcnstlerviertel<\/td><td class=\"has-text-align-left\" data-align=\"left\">Friedrich-von-Schiller-Schule (Neubau)<br>Carla-Henius-Stra\u00dfe 3-5<\/td><td>14:20<\/td><td>3,5 km<\/td><\/tr><tr><td>Nordost<\/td><td class=\"has-text-align-left\" data-align=\"left\">Johannes-Maa\u00df-Schule<br>Fahrradst\u00e4nder Johannes-Maa\u00df-Stra\u00dfe \/ gg\u00fc. Friedhofsmauer<\/td><td>14:30<\/td><td>1,4 km<\/td><\/tr><tr><td>Waldstra\u00dfe<\/td><td class=\"has-text-align-left\" data-align=\"left\">Diesterwegschule<br>Baumstra\u00dfe Ecke Riedstra\u00dfe<\/td><td>14:15<\/td><td>4,7 km<\/td><\/tr><tr><td>Westend<\/td><td class=\"has-text-align-left\" data-align=\"left\">Bl\u00fccherschule<br>Scharnhorststra\u00dfe Ecke Bl\u00fccherstra\u00dfe<\/td><td>14:30<\/td><td>2,2 km<\/td><\/tr><\/tbody><\/table><figcaption class=\"wp-element-caption\">Stand: 22.09.2023 11:00<\/figcaption><\/figure>\n\n\n\n<h4 class=\"wp-block-heading\" id=\"Zubringertourenkarte\">Karte der Zubringertouren<\/h4>\n\n\n\n<iframe \nsrc=\"https:\/\/www.google.com\/maps\/d\/embed?mid=1Lwihg_fSdtNO-vRCCoI92-00k10VcLY&#038;ehbc=2E312F&#038;\" width=\"640\" height=\"480\"><\/iframe>\n\n\n\n<h2 class=\"wp-block-heading\" id=\"Preise\">Preise f\u00fcr Stempel einl\u00f6sen<\/h2>\n\n\n\n<p>3 Mal an der Kidical Mass teilnehmen und eine \u00dcberraschung erhalten, darum geht es bei unserer&nbsp;<a href=\"https:\/\/www.adfc-wiesbaden.de\/fa\/3-x-kidical-mass-1-ueberraschung\/\">Stempelaktion<\/a>.&nbsp; Bringt also eure gestempelten Flyer von der ersten und zweiten Kidical Mass 2023 mit, holt euch den n\u00e4chsten Stempel und eine kleine \u00dcberraschung.<br>Den letzten Stempel und die Preise gibt nach der Fahrt beim gelben <a href=\"https:\/\/www.adfc-wiesbaden.de\/fa\/\" target=\"_blank\" rel=\"noreferrer noopener\">ADFC<\/a>-Lastenrad mit der Box vorne drauf.<\/p>\n\n\n<!-- wp:themify-builder\/canvas \/-->","protected":false},"excerpt":{"rendered":"<p>Am Sonntag, 24. September 2023 veranstaltet der ADFC Wiesbaden die dritte Kidical Mass Wiesbaden 2023. Treffpunkt ist um 15:00 Uhr auf dem Kranzplatz.<\/p>","protected":false},"author":52,"featured_media":1489,"comment_status":"closed","ping_status":"closed","sticky":false,"template":"Nachrichten-Seite.php","format":"standard","meta":{"footnotes":""},"categories":[932],"tags":[928,516,772],"class_list":["post-1387","post","type-post","status-publish","format-standard","has-post-thumbnail","hentry","category-kidical-mass","tag-herbst","tag-kidical-mass","tag-wiesbaden","has-post-title","has-post-date","has-post-category","has-post-tag","has-post-comment","has-post-author",""],"builder_content":"","_links":{"self":[{"href":"https:\/\/www.adfc-wiesbaden.de\/fa\/wp-json\/wp\/v2\/posts\/1387","targetHints":{"allow":["GET"]}}],"collection":[{"href":"https:\/\/www.adfc-wiesbaden.de\/fa\/wp-json\/wp\/v2\/posts"}],"about":[{"href":"https:\/\/www.adfc-wiesbaden.de\/fa\/wp-json\/wp\/v2\/types\/post"}],"author":[{"embeddable":true,"href":"https:\/\/www.adfc-wiesbaden.de\/fa\/wp-json\/wp\/v2\/users\/52"}],"replies":[{"embeddable":true,"href":"https:\/\/www.adfc-wiesbaden.de\/fa\/wp-json\/wp\/v2\/comments?post=1387"}],"version-history":[{"count":3,"href":"https:\/\/www.adfc-wiesbaden.de\/fa\/wp-json\/wp\/v2\/posts\/1387\/revisions"}],"predecessor-version":[{"id":76355,"href":"https:\/\/www.adfc-wiesbaden.de\/fa\/wp-json\/wp\/v2\/posts\/1387\/revisions\/76355"}],"wp:featuredmedia":[{"embeddable":true,"href":"https:\/\/www.adfc-wiesbaden.de\/fa\/wp-json\/wp\/v2\/media\/1489"}],"wp:attachment":[{"href":"https:\/\/www.adfc-wiesbaden.de\/fa\/wp-json\/wp\/v2\/media?parent=1387"}],"wp:term":[{"taxonomy":"category","embeddable":true,"href":"https:\/\/www.adfc-wiesbaden.de\/fa\/wp-json\/wp\/v2\/categories?post=1387"},{"taxonomy":"post_tag","embeddable":true,"href":"https:\/\/www.adfc-wiesbaden.de\/fa\/wp-json\/wp\/v2\/tags?post=1387"}],"curies":[{"name":"wp","href":"https:\/\/api.w.org\/{rel}","templated":true}]}}