{"id":1533,"date":"2024-01-31T21:01:00","date_gmt":"2024-01-31T21:01:00","guid":{"rendered":"https:\/\/kidicalmass.adfc-wiesbaden.de\/?p=1533"},"modified":"2026-04-24T19:38:13","modified_gmt":"2026-04-24T17:38:13","slug":"05-mai-2024","status":"publish","type":"post","link":"https:\/\/www.adfc-wiesbaden.de\/fa\/2024\/01\/kidical-mass\/05-mai-2024\/","title":{"rendered":"Kidical Mass 05. Mai 2024"},"content":{"rendered":"<h2 class=\"wp-block-heading\">11. Kidical Mass Wiesbaden<\/h2>\n\n\n\n<p>Die erste Kidical Mass Wiesbaden 2024 findet am Sonntag, den 05.05. um 15:00 Uhr statt. Los geht es wieder am Dern&#8217;sches Gel\u00e4nde, gegen\u00fcber der Eisdiele.<\/p>\n\n\n\n<h2 class=\"wp-block-heading\">Zubringertouren<\/h2>\n\n\n\n<p>Zubringertouren sind selbstorganisierte Fahrten zu denen sich Familien an ihrer Grundschule im Viertel treffen und dann gemeinsam zum Startpunkt fahren. Die Zubringer sind keine angemeldete Demonstration und sind nicht Teil der Veranstaltung. Es wird auf Radwegen und verkehrsarmen Nebenstra\u00dfen gefahren.<br>Aus euren Viertel gibt es noch keinen Zubringer und ihr habt Interesse, dann schreibt uns, <a href=\"\/fa\/&\/#109;&#x61;i&#x6c;t&#111;&#x3a;&#107;&#x69;d&#105;&#x63;&#97;&#x6c;m&#x61;&#x73;&#115;&#x40;a&#x64;f&#99;&#x2d;&#119;&#x69;e&#115;&#x62;&#97;&#x64;e&#110;&#x2e;&#100;&#x65;\">&#107;&#x69;&#x64;i&#99;&#x61;l&#109;&#x61;s&#115;&#x40;a&#100;&#x66;&#x63;&#45;&#x77;&#x69;e&#115;&#x62;a&#100;&#x65;n&#46;&#x64;&#x65;<\/a>, an. Wir helfen beim Organisieren.<\/p>\n\n\n\n<p>Geplanten Zubringertouren (\u00c4nderungen werden stetig aktualisiert):<\/p>\n\n\n\n<figure class=\"wp-block-table\"><table><tbody><tr><td>Stadtteil \/ Viertel<\/td><td>Treffpunkt<\/td><td>Uhrzeit<\/td><td>Strecke<\/td><\/tr><tr><td>Biebrich<\/td><td>Fl\u00f6tenspielerbrunnen<br>am Rheinufer<\/td><td>14:15<\/td><td>6,2 km<\/td><\/tr><tr><td>Dichterviertel<\/td><td>Hebbelschule<br>Hebbelplatz \/ Hebbelstra\u00dfe<\/td><td>14:30<\/td><td>2,8 km<\/td><\/tr><tr><td>Kohlheck<\/td><td>Glascontainern<br>Dolomitenstra\u00dfe Ecke Paul-Gerhardt-Stra\u00dfe<\/td><td>14:15<\/td><td>5,1 km<\/td><\/tr><tr><td>K\u00fcnstlerviertel<\/td><td>Friedrich-von-Schiller-Schule (Neubau)<br>Carla-Henius-Stra\u00dfe 3-5<\/td><td>14:20<\/td><td>3,5 km<\/td><\/tr><tr><td>Nordost<\/td><td>Johannes-Maa\u00df-Schule<br>Fahrradst\u00e4nder Johannes-Maa\u00df-Stra\u00dfe \/ gg\u00fc. Friedhofsmauer<\/td><td>14:30<\/td><td>1,4 km<\/td><\/tr><tr><td>Waldstra\u00dfe<\/td><td>Diesterwegschule<br>Baumstra\u00dfe Ecke Riedstra\u00dfe<\/td><td>14:10<\/td><td>4,7 km<\/td><\/tr><tr><td>Weidenborn<\/td><td>Adalbert-Stifter-Schule<br>Parkplatz Brunhildenstra\u00dfe<\/td><td>14:20<\/td><td>3,3 km<\/td><\/tr><tr><td>Westend<\/td><td>Bl\u00fccherschule<br>Scharnhorststra\u00dfe Ecke Bl\u00fccherstra\u00dfe<\/td><td>14:30<\/td><td>2,2 km<\/td><\/tr><\/tbody><\/table><figcaption class=\"wp-element-caption\">Stand: 24.04.2024 23:00<\/figcaption><\/figure>\n\n\n\n<h3 class=\"wp-block-heading\">Karte der Zubringertouren<\/h3>\n\n\n\n<iframe loading=\"lazy\" src=\"https:\/\/www.google.com\/maps\/d\/embed?mid=1-d5DeR3l1TwlzzARae6CBmsSfVuxy-c&#038;ehbc=2E312F&#038;noprof=1\" width=\"640\" height=\"480\"><\/iframe>\n\n\n<!-- wp:themify-builder\/canvas \/-->","protected":false},"excerpt":{"rendered":"<p>Die erste Kidical Mass Wiesbaden 2024 findet am Sonntag, den 05.05. um 15:00 Uhr statt. Los geht es wieder am Dern&#8217;sches Gel\u00e4nde, gegen\u00fcber der Eisdiele.<\/p>","protected":false},"author":52,"featured_media":69167,"comment_status":"closed","ping_status":"closed","sticky":false,"template":"Nachrichten-Seite.php","format":"standard","meta":{"footnotes":""},"categories":[932],"tags":[925,516,772],"class_list":["post-1533","post","type-post","status-publish","format-standard","has-post-thumbnail","hentry","category-kidical-mass","tag-fruehling","tag-kidical-mass","tag-wiesbaden","has-post-title","has-post-date","has-post-category","has-post-tag","has-post-comment","has-post-author",""],"builder_content":"","_links":{"self":[{"href":"https:\/\/www.adfc-wiesbaden.de\/fa\/wp-json\/wp\/v2\/posts\/1533","targetHints":{"allow":["GET"]}}],"collection":[{"href":"https:\/\/www.adfc-wiesbaden.de\/fa\/wp-json\/wp\/v2\/posts"}],"about":[{"href":"https:\/\/www.adfc-wiesbaden.de\/fa\/wp-json\/wp\/v2\/types\/post"}],"author":[{"embeddable":true,"href":"https:\/\/www.adfc-wiesbaden.de\/fa\/wp-json\/wp\/v2\/users\/52"}],"replies":[{"embeddable":true,"href":"https:\/\/www.adfc-wiesbaden.de\/fa\/wp-json\/wp\/v2\/comments?post=1533"}],"version-history":[{"count":3,"href":"https:\/\/www.adfc-wiesbaden.de\/fa\/wp-json\/wp\/v2\/posts\/1533\/revisions"}],"predecessor-version":[{"id":76324,"href":"https:\/\/www.adfc-wiesbaden.de\/fa\/wp-json\/wp\/v2\/posts\/1533\/revisions\/76324"}],"wp:featuredmedia":[{"embeddable":true,"href":"https:\/\/www.adfc-wiesbaden.de\/fa\/wp-json\/wp\/v2\/media\/69167"}],"wp:attachment":[{"href":"https:\/\/www.adfc-wiesbaden.de\/fa\/wp-json\/wp\/v2\/media?parent=1533"}],"wp:term":[{"taxonomy":"category","embeddable":true,"href":"https:\/\/www.adfc-wiesbaden.de\/fa\/wp-json\/wp\/v2\/categories?post=1533"},{"taxonomy":"post_tag","embeddable":true,"href":"https:\/\/www.adfc-wiesbaden.de\/fa\/wp-json\/wp\/v2\/tags?post=1533"}],"curies":[{"name":"wp","href":"https:\/\/api.w.org\/{rel}","templated":true}]}}