{"id":1537,"date":"2024-01-31T21:11:04","date_gmt":"2024-01-31T21:11:04","guid":{"rendered":"https:\/\/kidicalmass.adfc-wiesbaden.de\/?p=1537"},"modified":"2026-04-24T19:33:35","modified_gmt":"2026-04-24T17:33:35","slug":"07-juli-2024","status":"publish","type":"post","link":"https:\/\/www.adfc-wiesbaden.de\/fa\/2024\/01\/kidical-mass\/07-juli-2024\/","title":{"rendered":"Kidical Mass 07. Juli 2024"},"content":{"rendered":"<h2 class=\"wp-block-heading\">12. Kidical Mass Wiesbaden<\/h2>\n\n\n\n<p>Die zweite Kidical Mass Wiesbaden 2024 findet am Sonntag, den 07.07. um 15:00 Uhr statt. Los geht es wieder am Dern&#8217;sches Gel\u00e4nde auf H\u00f6he der Eisdiele. Diesmal enden wir nach 5,9 km in den Kuranlagen beim &#8222;Spielplatz im Kurpark&#8220;. Dieser befindet sich auf der H\u00f6he des Thermalbades Aukammtal.<br>Die gro\u00dfe Wiese bietet Platz zum Spielen und Picknicken. Der Eiswagen bringt Abk\u00fchlung in Kugelform vorbei.<\/p>\n\n\n\n<h2 class=\"wp-block-heading\">Zubringertouren<\/h2>\n\n\n\n<p>Zubringertouren sind selbstorganisierte Fahrten zu denen sich Familien an ihrer Grundschule im Viertel treffen und dann gemeinsam zum Startpunkt fahren. Die Zubringer sind keine angemeldete Demonstration und sind nicht Teil der Veranstaltung. Es wird auf Radwegen und verkehrsarmen Nebenstra\u00dfen gefahren.<br>Aus euren Viertel gibt es noch keinen Zubringer und ihr habt Interesse, dann schreibt uns, <a href=\"\/fa\/&\/#x6d;&#x61;&#105;&#108;to&#x3a;&#x6b;&#x69;&#100;ic&#x61;&#x6c;&#x6d;&#97;&#115;s&#x40;&#x61;&#x64;&#102;&#99;-&#x77;&#x69;&#x65;&#115;&#98;ad&#x65;&#x6e;&#x2e;&#100;e\">&#x6b;&#x69;&#x64;&#x69;&#99;&#97;&#108;ma&#x73;&#x73;&#x40;&#x61;&#x64;&#102;&#99;&#45;wi&#x65;&#x73;&#x62;&#x61;&#x64;&#101;&#110;&#46;de<\/a>, an. Wir helfen beim Organisieren.<\/p>\n\n\n\n<p>Geplanten Zubringertouren (\u00c4nderungen werden stetig aktualisiert):<\/p>\n\n\n\n<figure class=\"wp-block-table\"><table><tbody><tr><td>Stadtteil \/ Viertel<\/td><td>Treffpunkt<\/td><td>Uhrzeit<\/td><td>Strecke<\/td><\/tr><tr><td>Biebrich<\/td><td>Fl\u00f6tenspielerbrunnen<br>am Rheinufer<\/td><td>14:15<\/td><td>6,2 km<\/td><\/tr><tr><td>Dichterviertel<\/td><td>Hebbelschule<br>Hebbelplatz \/ Hebbelstra\u00dfe<\/td><td>14:30<\/td><td>2,8 km<\/td><\/tr><tr><td>K\u00fcnstlerviertel<\/td><td>Friedrich-von-Schiller-Schule (Neubau)<br>Carla-Henius-Stra\u00dfe 3-5<\/td><td>14:20<\/td><td>3,5 km<\/td><\/tr><tr><td>Nordost<\/td><td>Johannes-Maa\u00df-Schule<br>Fahrradst\u00e4nder Johannes-Maa\u00df-Stra\u00dfe \/ gg\u00fc. Friedhofsmauer<\/td><td>14:30<\/td><td>1,4 km<\/td><\/tr><tr><td>Waldstra\u00dfe<\/td><td>Diesterwegschule<br>Baumstra\u00dfe Ecke Riedstra\u00dfe<\/td><td>14:10<\/td><td>4,7 km<\/td><\/tr><\/tbody><\/table><figcaption class=\"wp-element-caption\">Stand: 07.07.2024 09:00<\/figcaption><\/figure>\n\n\n\n<h2 class=\"wp-block-heading\">Karte der Zubringertouren<\/h2>\n\n\n\n<iframe loading=\"lazy\" src=\"https:\/\/www.google.com\/maps\/d\/embed?mid=1ojvvYFV0uWRTgaXDzoIocDh9_v64AtQ&#038;ehbc=2E312F\" width=\"640\" height=\"480\"><\/iframe>\n\n\n\n<p><\/p>\n\n\n<!-- wp:themify-builder\/canvas \/-->","protected":false},"excerpt":{"rendered":"<p>Die zweite Kidical Mass Wiesbaden 2024 findet am Sonntag, den 07.07. um 15:00 Uhr statt. Los geht es wieder am Dern&#8217;sches Gel\u00e4nde auf H\u00f6he der Eisdiele. Diesmal enden wir nach 5,9 km in den Kuranlagen beim &#8222;Spielplatz im Kurpark&#8220;. Dieser befindet sich auf der H\u00f6he des Thermalbades Aukammtal.<br \/>\nDie gro\u00dfe Wiese bietet Platz zum Spielen und Picknicken. Der Eiswagen bringt Abk\u00fchlung in Kugelform vorbei.<\/p>","protected":false},"author":52,"featured_media":70276,"comment_status":"closed","ping_status":"closed","sticky":false,"template":"Nachrichten-Seite.php","format":"standard","meta":{"footnotes":""},"categories":[932],"tags":[516,927,772],"class_list":["post-1537","post","type-post","status-publish","format-standard","has-post-thumbnail","hentry","category-kidical-mass","tag-kidical-mass","tag-sommer","tag-wiesbaden","has-post-title","has-post-date","has-post-category","has-post-tag","has-post-comment","has-post-author",""],"builder_content":"","_links":{"self":[{"href":"https:\/\/www.adfc-wiesbaden.de\/fa\/wp-json\/wp\/v2\/posts\/1537","targetHints":{"allow":["GET"]}}],"collection":[{"href":"https:\/\/www.adfc-wiesbaden.de\/fa\/wp-json\/wp\/v2\/posts"}],"about":[{"href":"https:\/\/www.adfc-wiesbaden.de\/fa\/wp-json\/wp\/v2\/types\/post"}],"author":[{"embeddable":true,"href":"https:\/\/www.adfc-wiesbaden.de\/fa\/wp-json\/wp\/v2\/users\/52"}],"replies":[{"embeddable":true,"href":"https:\/\/www.adfc-wiesbaden.de\/fa\/wp-json\/wp\/v2\/comments?post=1537"}],"version-history":[{"count":5,"href":"https:\/\/www.adfc-wiesbaden.de\/fa\/wp-json\/wp\/v2\/posts\/1537\/revisions"}],"predecessor-version":[{"id":76316,"href":"https:\/\/www.adfc-wiesbaden.de\/fa\/wp-json\/wp\/v2\/posts\/1537\/revisions\/76316"}],"wp:featuredmedia":[{"embeddable":true,"href":"https:\/\/www.adfc-wiesbaden.de\/fa\/wp-json\/wp\/v2\/media\/70276"}],"wp:attachment":[{"href":"https:\/\/www.adfc-wiesbaden.de\/fa\/wp-json\/wp\/v2\/media?parent=1537"}],"wp:term":[{"taxonomy":"category","embeddable":true,"href":"https:\/\/www.adfc-wiesbaden.de\/fa\/wp-json\/wp\/v2\/categories?post=1537"},{"taxonomy":"post_tag","embeddable":true,"href":"https:\/\/www.adfc-wiesbaden.de\/fa\/wp-json\/wp\/v2\/tags?post=1537"}],"curies":[{"name":"wp","href":"https:\/\/api.w.org\/{rel}","templated":true}]}}