{"id":1541,"date":"2024-01-31T21:21:17","date_gmt":"2024-01-31T21:21:17","guid":{"rendered":"https:\/\/kidicalmass.adfc-wiesbaden.de\/?p=1541"},"modified":"2026-04-24T19:35:44","modified_gmt":"2026-04-24T17:35:44","slug":"22-september-2024","status":"publish","type":"post","link":"https:\/\/www.adfc-wiesbaden.de\/fa\/2024\/01\/kidical-mass\/22-september-2024\/","title":{"rendered":"Kidical Mass 22. September 2024"},"content":{"rendered":"<h2 class=\"wp-block-heading\">13. Kidical Mass Wiesbaden<\/h2>\n\n\n\n<ul class=\"wp-block-list\">\n<li><a href=\"https:\/\/www.adfc-wiesbaden.de\/fa\/22-september-2024\/#Malaktion\">Malaktion<\/a><\/li>\n\n\n\n<li><a href=\"https:\/\/www.adfc-wiesbaden.de\/fa\/22-september-2024\/#Schilder\">Schilder malen<\/a><\/li>\n\n\n\n<li><a href=\"https:\/\/www.adfc-wiesbaden.de\/fa\/22-september-2024\/#Preise\">Preise f\u00fcrs Stempel sammeln<\/a><\/li>\n\n\n\n<li><a href=\"https:\/\/www.adfc-wiesbaden.de\/fa\/22-september-2024\/#Zubringertouren\">Zubringertouren<\/a>\n<ul class=\"wp-block-list\">\n<li><a href=\"https:\/\/www.adfc-wiesbaden.de\/fa\/22-september-2024\/#Karte\">Karte Zubringer<\/a><\/li>\n<\/ul>\n<\/li>\n<\/ul>\n\n\n\n<p>Die dritte Kidical Mass Wiesbaden 2023 findet am 22.09. um 15:00 Uhr im Rahmen der weltweiten <a href=\"https:\/\/kinderaufsrad.org\/\" target=\"_blank\" rel=\"noreferrer noopener\">Kidical-Mass-Aktionstagen<\/a> statt. Start und Ende sind diesmal identisch auf den Dern&#8217;sches Gel\u00e4nde. Rund um das Rathaus und besonders auf dem Schlo\u00dfplatz wird der <a href=\"https:\/\/www.wiesbaden.de\/leben-in-wiesbaden\/gesellschaft\/kinder\/content\/weltkindertag.php\" data-type=\"link\" data-id=\"https:\/\/www.wiesbaden.de\/leben-in-wiesbaden\/gesellschaft\/kinder\/content\/weltkindertag.php\" target=\"_blank\" rel=\"noreferrer noopener\">Weltkindertag<\/a> von 13:00 bis 18:00 Uhr gefeiert. Die Route ist 5,8 km lang. <br>Begleitet werden wir wie immer durch Polizei und Sanit\u00e4ter. <\/p>\n\n\n\n<h2 class=\"wp-block-heading\" id=\"Malaktion\">Malaktion<\/h2>\n\n\n\n<p>Wir werden den Asphalt dieser sonst gut frequentierten Schiersteiner Stra\u00dfe mit Kreide versch\u00f6nern. Somit bleibt die Kidical Mass auch noch in den Folgetagen f\u00fcr unterschiedlichste Verkehrsteilnehmende sichtbar. Eurer Kreativit\u00e4t sind dabei keine Grenzen gesetzt. Wir haben Kreide vor Ort. Damit ihr l\u00e4nger und auch mit eurer Lieblingsfarbe malen k\u00f6nnt, bringt am Besten eurer eigene Kreide mit.<\/p>\n\n\n\n<h2 class=\"wp-block-heading\" id=\"Schilder\">Transparente, Schilder,\u2026<\/h2>\n\n\n\n<p>Um Passanten zu zeigen worum es geht, sind, Schilder, Transparente etc. n\u00fctzlich. Erstellt diese im Vorfeld, befestigt diese an R\u00e4der und transportiert dadurch unsere Absichten. Ihr habt keine Idee f\u00fcr Schilder,&nbsp;<a href=\"https:\/\/kinderaufsrad.org\/wp-content\/uploads\/2022\/05\/Demoschilder_KidicalMass_Selbstausdrucken-1.pdf\" target=\"_blank\" rel=\"noreferrer noopener\">hier<\/a>&nbsp;k\u00f6nnt ihr Vordrucke runterladen und ausdrucken.<\/p>\n\n\n\n<h2 class=\"wp-block-heading\" id=\"Preise\">Preise f\u00fcr Stempel einl\u00f6sen<\/h2>\n\n\n\n<p>F\u00fcr alle die 2024 drei Mal an der Kidical Mass teilgenommen und jedes Mal Stempel bei unserer&nbsp;<a href=\"https:\/\/www.adfc-wiesbaden.de\/fa\/3-x-kidical-mass-1-ueberraschung\/\">Stempelaktion<\/a> gesammelt haben, wartet wieder eine kleine \u00dcberraschung. Bringt eure gestempelten Flyer von der ersten und zweiten Kidical Mass mit, holt euch den letzten Stempel und tauscht den Flyer gegen die \u00dcberraschung ein.<br>Den letzten Stempel gibt es nach der Fahrt beim gelben&nbsp;<a href=\"https:\/\/www.adfc-wiesbaden.de\/fa\/\" target=\"_blank\" rel=\"noreferrer noopener\">ADFC<\/a>-Lastenrad mit der Box vorne drauf.<\/p>\n\n\n\n<h2 class=\"wp-block-heading\" id=\"Zubringertouren\">Zubringertouren<\/h2>\n\n\n\n<p>Zubringertouren sind selbstorganisierte Fahrten zu denen sich Familien an ihrer Grundschule im Viertel treffen und dann gemeinsam zum Startpunkt fahren. Die Zubringer sind keine angemeldete Demonstration und sind nicht Teil der Veranstaltung. Es wird auf Radwegen und verkehrsarmen Nebenstra\u00dfen gefahren.<br>Aus euren Viertel gibt es noch keinen Zubringer und ihr habt Interesse, dann schreibt uns,&nbsp;<a href=\"\/fa\/&\/#109;&#x61;&#x69;l&#116;&#x6f;:&#107;&#x69;&#x64;&#105;&#x63;&#x61;l&#109;&#x61;s&#115;&#x40;&#x61;&#100;&#x66;&#x63;-&#119;&#x69;e&#115;&#x62;&#x61;&#100;&#x65;&#x6e;&#46;&#100;&#x65;\">&#x6b;&#x69;&#100;&#105;&#99;a&#x6c;&#x6d;&#x61;&#115;&#115;&#64;a&#x64;&#x66;&#x63;&#45;&#119;i&#x65;&#x73;&#x62;&#97;&#100;&#101;n&#x2e;&#x64;&#x65;<\/a>, an. Wir helfen beim Organisieren.<\/p>\n\n\n\n<p>Geplanten Zubringertouren (\u00c4nderungen werden stetig aktualisiert):<\/p>\n\n\n\n<figure class=\"wp-block-table is-style-stripes\"><table><tbody><tr><td class=\"has-text-align-center\" data-align=\"center\">Stadtteil \/ Viertel<\/td><td class=\"has-text-align-center\" data-align=\"center\">Treffpunkt<\/td><td>Uhrzeit<\/td><td>L\u00e4nge<\/td><\/tr><tr><td class=\"has-text-align-center\" data-align=\"center\">Biebrich<\/td><td class=\"has-text-align-center\" data-align=\"center\">Fl\u00f6tenspielerbrunnen<br>am Rheinufer<\/td><td>14:15<\/td><td>6,2 km<\/td><\/tr><tr><td class=\"has-text-align-center\" data-align=\"center\">Dichterviertel<\/td><td class=\"has-text-align-center\" data-align=\"center\">Hebbelschule<br>Hebbelplatz \/ Hebbelstra\u00dfe<\/td><td>14:30<\/td><td>2,8 km<\/td><\/tr><tr><td class=\"has-text-align-center\" data-align=\"center\">Kohlheck<\/td><td class=\"has-text-align-center\" data-align=\"center\">Glascontainern<br>Dolomitenstra\u00dfe Ecke Paul-Gerhardt-Stra\u00dfe<\/td><td>14:15<\/td><td>5,1 km<\/td><\/tr><tr><td class=\"has-text-align-center\" data-align=\"center\">K\u00fcnstlerviertel<\/td><td class=\"has-text-align-center\" data-align=\"center\">Friedrich-von-Schiller-Schule (Neubau)<br>Carla-Henius-Stra\u00dfe 3-5<\/td><td>14:20<\/td><td>3,5 km<\/td><\/tr><tr><td class=\"has-text-align-center\" data-align=\"center\">Nordost<\/td><td class=\"has-text-align-center\" data-align=\"center\">Johannes-Maa\u00df-Schule<br>Fahrradst\u00e4nder Johannes-Maa\u00df-Stra\u00dfe \/ gg\u00fc. Friedhofsmauer<\/td><td>14:30<\/td><td>1,1 km<\/td><\/tr><tr><td class=\"has-text-align-center\" data-align=\"center\">Westend<\/td><td class=\"has-text-align-center\" data-align=\"center\">Bl\u00fccherschule<br>Scharnhorststra\u00dfe Ecke Bl\u00fccherstra\u00dfe<\/td><td>14:30<br><\/td><td>2,2 km<\/td><\/tr><\/tbody><\/table><figcaption class=\"wp-element-caption\">Stand: 11.09.2024 23:00<\/figcaption><\/figure>\n\n\n\n<h3 class=\"wp-block-heading\" id=\"Karte\">Karte der Zubringertouren<\/h3>\n\n\n\n<iframe loading=\"lazy\" src=\"https:\/\/www.google.com\/maps\/d\/embed?mid=1-0FkY4g8RSGvkHj5LUpACrlCn5V0D5o&#038;ehbc=2E312F\" width=\"640\" height=\"480\"><\/iframe>\n\n\n<!-- wp:themify-builder\/canvas \/-->","protected":false},"excerpt":{"rendered":"<p>Die dritte Kidical Mass Wiesbaden 2023 findet am 22.09. um 15:00 Uhr im Rahmen der weltweiten Kidical-Mass-Aktionstagen statt. Start und Ende sind diesmal identisch auf den Dern&#8217;sches Gel\u00e4nde. Rund um das Rathaus und besonders auf dem Schlo\u00dfplatz wird der Weltkindertag von 13:00 bis 18:00 Uhr gefeiert. Die Route ist 5,8 km lang.<br \/>\nBegleitet werden wir wie immer durch Polizei und Sanit\u00e4ter.<\/p>","protected":false},"author":52,"featured_media":70293,"comment_status":"closed","ping_status":"closed","sticky":false,"template":"Nachrichten-Seite.php","format":"standard","meta":{"footnotes":""},"categories":[932],"tags":[928,516,772],"class_list":["post-1541","post","type-post","status-publish","format-standard","has-post-thumbnail","hentry","category-kidical-mass","tag-herbst","tag-kidical-mass","tag-wiesbaden","has-post-title","has-post-date","has-post-category","has-post-tag","has-post-comment","has-post-author",""],"builder_content":"","_links":{"self":[{"href":"https:\/\/www.adfc-wiesbaden.de\/fa\/wp-json\/wp\/v2\/posts\/1541","targetHints":{"allow":["GET"]}}],"collection":[{"href":"https:\/\/www.adfc-wiesbaden.de\/fa\/wp-json\/wp\/v2\/posts"}],"about":[{"href":"https:\/\/www.adfc-wiesbaden.de\/fa\/wp-json\/wp\/v2\/types\/post"}],"author":[{"embeddable":true,"href":"https:\/\/www.adfc-wiesbaden.de\/fa\/wp-json\/wp\/v2\/users\/52"}],"replies":[{"embeddable":true,"href":"https:\/\/www.adfc-wiesbaden.de\/fa\/wp-json\/wp\/v2\/comments?post=1541"}],"version-history":[{"count":7,"href":"https:\/\/www.adfc-wiesbaden.de\/fa\/wp-json\/wp\/v2\/posts\/1541\/revisions"}],"predecessor-version":[{"id":76320,"href":"https:\/\/www.adfc-wiesbaden.de\/fa\/wp-json\/wp\/v2\/posts\/1541\/revisions\/76320"}],"wp:featuredmedia":[{"embeddable":true,"href":"https:\/\/www.adfc-wiesbaden.de\/fa\/wp-json\/wp\/v2\/media\/70293"}],"wp:attachment":[{"href":"https:\/\/www.adfc-wiesbaden.de\/fa\/wp-json\/wp\/v2\/media?parent=1541"}],"wp:term":[{"taxonomy":"category","embeddable":true,"href":"https:\/\/www.adfc-wiesbaden.de\/fa\/wp-json\/wp\/v2\/categories?post=1541"},{"taxonomy":"post_tag","embeddable":true,"href":"https:\/\/www.adfc-wiesbaden.de\/fa\/wp-json\/wp\/v2\/tags?post=1541"}],"curies":[{"name":"wp","href":"https:\/\/api.w.org\/{rel}","templated":true}]}}