{"id":32,"date":"2022-01-06T21:13:23","date_gmt":"2022-01-06T21:13:23","guid":{"rendered":"https:\/\/kidicalmass.adfc-wiesbaden.de\/?p=32"},"modified":"2026-04-24T19:58:34","modified_gmt":"2026-04-24T17:58:34","slug":"2022-05-15","status":"publish","type":"post","link":"https:\/\/www.adfc-wiesbaden.de\/fa\/2022\/01\/kidical-mass\/2022-05-15\/","title":{"rendered":"Kidical Mass 15. Mai 2022"},"content":{"rendered":"<p><\/p>\n\n\n<\/p>\n<h3>ADFC Kidical Mass geh\u00f6rt die Stra\u00dfe<\/h3>\n<p>Am Sonntag, 15.Mai 2022 veranstaltet der <a href=\"https:\/\/www.adfc-wiesbaden.de\/fa\/Startseite\/\">ADFC Wiesbaden<\/a> die zweite Kidical Mass Wiesbaden 2022. Diese findet im Rahmen des weltweiten Kidical-Mass-Wochenende statt. Treffpunkt ist um 15:00 Uhr auf dem Dernsches Gel\u00e4nde. Beim Kinder-Fahrrad-Korso k\u00f6nnen die j\u00fcngsten Verkehrsteilnehmer und ihre Eltern ca. eine Stunde bequem und sicher durch Wiesbadens Stra\u00dfen Rad fahren. Das Ziel ist der Spielplatz Homburger Stra\u00dfe.<br \/>Wir fahren ein langsames Tempo um die 9 km\/h und achten darauf, dass alle mitkommen. Auch Kinder auf dem Kindersitz, im Lastenrad oder im Fahrradanh\u00e4nger sind herzlich willkommen.<\/p>\n<p>\n\n\n<p><\/p>\n<p><\/p>\n\n\n<\/p>\n<h4>N\u00e4chsten Stempel sichern<\/h4>\n<p style=\"margin-bottom: 1.5em;\">3 Mal an der Kidical Mass teilnehmen und eine \u00dcberraschung erhalten, darum geht es bei unserer <a href=\"https:\/\/www.adfc-wiesbaden.de\/fa\/3-x-kidical-mass-1-ueberraschung\/\">Stempelaktion<\/a>.\u00a0 Bringt also eure gestempelten Flyer von der ersten Kidical Mass 2022 mit und holt euch den n\u00e4chsten Stempel.<\/p>\n<h4>Bundesweite Aktionswochenende<\/h4>\n<p style=\"margin-bottom: 1.5em;\">An dem Wochenende werden in rund 180 St\u00e4dten in Deutschland Kidical Masses durchgef\u00fchrt. Dabei werden Zehntausende Kinder, Jugendliche und Familien auf R\u00e4dern unterwegs sein. Sie fordern eine Reform des Stra\u00dfenverkehrsrechts. Die Schutzbed\u00fcrftigkeit der Kinder muss sich dort wiederfinden.<br \/>Jetzt die <a href=\"https:\/\/weact.campact.de\/petitions\/uns-gehort-die-strasse-wir-brauchen-ein-kinderfreundliches-strassenverkehrsrecht\">Onlinepetition<\/a> zeichnen.<\/p>\n<p>\n\n\n<p><\/p>\n<p>P.S.: Unsere Sommeredition startet eine Woche vor dem <a href=\"https:\/\/www.wiesbaden.de\/leben-in-wiesbaden\/verkehr\/fahrrad\/stadtradeln.php\">Stadtradeln Wiesbaden 2022<\/a>.<\/p>\n\n<!-- wp:themify-builder\/canvas \/-->","protected":false},"excerpt":{"rendered":"<p>Am Sonntag, 15.Mai 2022 veranstaltet der ADFC Wiesbaden die zweite Kidical Mass Wiesbaden 2022. Treffpunkt ist um 15:00 Uhr auf dem Dern&#8217;sches Gel\u00e4nde.<\/p>","protected":false},"author":52,"featured_media":1255,"comment_status":"closed","ping_status":"closed","sticky":false,"template":"Nachrichten-Seite.php","format":"standard","meta":{"footnotes":""},"categories":[932],"tags":[516,927,772],"class_list":["post-32","post","type-post","status-publish","format-standard","has-post-thumbnail","hentry","category-kidical-mass","tag-kidical-mass","tag-sommer","tag-wiesbaden","has-post-title","has-post-date","has-post-category","has-post-tag","has-post-comment","has-post-author",""],"builder_content":"","_links":{"self":[{"href":"https:\/\/www.adfc-wiesbaden.de\/fa\/wp-json\/wp\/v2\/posts\/32","targetHints":{"allow":["GET"]}}],"collection":[{"href":"https:\/\/www.adfc-wiesbaden.de\/fa\/wp-json\/wp\/v2\/posts"}],"about":[{"href":"https:\/\/www.adfc-wiesbaden.de\/fa\/wp-json\/wp\/v2\/types\/post"}],"author":[{"embeddable":true,"href":"https:\/\/www.adfc-wiesbaden.de\/fa\/wp-json\/wp\/v2\/users\/52"}],"replies":[{"embeddable":true,"href":"https:\/\/www.adfc-wiesbaden.de\/fa\/wp-json\/wp\/v2\/comments?post=32"}],"version-history":[{"count":3,"href":"https:\/\/www.adfc-wiesbaden.de\/fa\/wp-json\/wp\/v2\/posts\/32\/revisions"}],"predecessor-version":[{"id":76347,"href":"https:\/\/www.adfc-wiesbaden.de\/fa\/wp-json\/wp\/v2\/posts\/32\/revisions\/76347"}],"wp:featuredmedia":[{"embeddable":true,"href":"https:\/\/www.adfc-wiesbaden.de\/fa\/wp-json\/wp\/v2\/media\/1255"}],"wp:attachment":[{"href":"https:\/\/www.adfc-wiesbaden.de\/fa\/wp-json\/wp\/v2\/media?parent=32"}],"wp:term":[{"taxonomy":"category","embeddable":true,"href":"https:\/\/www.adfc-wiesbaden.de\/fa\/wp-json\/wp\/v2\/categories?post=32"},{"taxonomy":"post_tag","embeddable":true,"href":"https:\/\/www.adfc-wiesbaden.de\/fa\/wp-json\/wp\/v2\/tags?post=32"}],"curies":[{"name":"wp","href":"https:\/\/api.w.org\/{rel}","templated":true}]}}