{"id":39,"date":"2022-01-07T18:54:25","date_gmt":"2022-01-07T18:54:25","guid":{"rendered":"https:\/\/kidicalmass.adfc-wiesbaden.de\/?p=39"},"modified":"2026-04-24T19:57:35","modified_gmt":"2026-04-24T17:57:35","slug":"2022-09-25","status":"publish","type":"post","link":"https:\/\/www.adfc-wiesbaden.de\/fa\/2022\/01\/kidical-mass\/2022-09-25\/","title":{"rendered":"Kidical Mass 25. September 2022"},"content":{"rendered":"<h1 class=\"wp-block-heading\" id=\"7.-Kidical-Mass-Wiesbaden\">7. Kidical Mass Wiesbaden<\/h1>\n\n\n\n<ul class=\"wp-block-list\">\n<li><a href=\"https:\/\/www.adfc-wiesbaden.de\/fa\/2022-09-25\/#Preise\">Preise f\u00fcr Stempel einl\u00f6sen<\/a><\/li>\n\n\n\n<li><a href=\"https:\/\/www.adfc-wiesbaden.de\/fa\/2022-09-25\/#Malaktion\">Malaktion<\/a><\/li>\n\n\n\n<li><a href=\"https:\/\/www.adfc-wiesbaden.de\/fa\/2022-09-25\/#Schilder\">Transparente, Schilder,&#8230;<\/a><\/li>\n\n\n\n<li><a href=\"https:\/\/www.adfc-wiesbaden.de\/fa\/2022-09-25\/#Zubringertouren\">Zubringertouren<\/a><\/li>\n<\/ul>\n\n\n\n<p>Die dritte Kidical Mass Wiesbaden 2022 findet am 25.09. um 15:00 Uhr im Rahmen des weltweiten <a href=\"https:\/\/kinderaufsrad.org\/\" data-type=\"URL\" data-id=\"https:\/\/kinderaufsrad.org\/\" target=\"_blank\" rel=\"noreferrer noopener\">Kidical-Mass-Wochenende<\/a> statt. Sie startet ausnahmsweise am Kranzplatz. Die Herbstausgabe schm\u00fcckt das Stadtfest. Die Innenstadt lockt mit <a href=\"https:\/\/www.wiesbaden.de\/leben-in-wiesbaden\/freizeit\/feste\/verkaufsoffener-sonntag.php\" target=\"_blank\" rel=\"noreferrer noopener\">Verkaufsoffener Sonntag<\/a>, dem Herbstmarkt in der Fu\u00dfg\u00e4ngerzone, dem Stadtfest auf dem Dern&#8217;schen Gel\u00e4nde und dem <a href=\"https:\/\/www.wiesbaden.de\/leben-in-wiesbaden\/freizeit\/feste\/erntedankfest.php\" target=\"_blank\" rel=\"noreferrer noopener\">Erntedankfest<\/a> im Warmen Darm. Letzteres ist unser Tipp um sich nach dem Kinder-Fahrrad-Korso mit regionalen Produkte zu st\u00e4rken. <\/p>\n\n\n\n<h2 class=\"wp-block-heading\" id=\"Preise\">Preise f\u00fcr Stempel einl\u00f6sen<\/h2>\n\n\n\n<p>3 Mal an der Kidical Mass teilnehmen und eine \u00dcberraschung erhalten, darum geht es bei unserer&nbsp;<a href=\"https:\/\/www.adfc-wiesbaden.de\/fa\/3-x-kidical-mass-1-ueberraschung\/\">Stempelaktion<\/a>.&nbsp; Bringt also eure gestempelten Flyer von der ersten und zweiten Kidical Mass 2022 mit, holt euch den n\u00e4chsten Stempel und eine kleine \u00dcberraschung.<br>Den letzten Stempel und die Preise gibt nach der Fahrt beim gelben <a href=\"https:\/\/www.adfc-wiesbaden.de\/fa\/\" target=\"_blank\" rel=\"noreferrer noopener\">ADFC<\/a>-Lastenrad mit der Box vorne drauf.<\/p>\n\n\n\n<h2 class=\"wp-block-heading\" id=\"Malaktion\">Malaktion<\/h2>\n\n\n\n<p>Vor dem Landesmuseum in der Friedrich-Ebert-Allee legen wir eine Pause ein. Wir werden den Asphalt dieser sonst gut frequentierten Stra\u00dfe mit Kreide versch\u00f6nern. Somit bleibt die Kidical Mass auch noch in den Folgetagen f\u00fcr unterschiedlichste Verkehrsteilnehmende sichtbar. Eurer Kreativit\u00e4t sind dabei keine Grenzen gesetzt. Wir haben Kreide vor Ort. Damit ihr l\u00e4nger und mit sicher auch mit eurer Lieblingsfarbe malen k\u00f6nnt, bringt am Besten eurer eigene Kreide mit.<\/p>\n\n\n\n<h2 class=\"wp-block-heading\" id=\"Schilder\">Transparente, Schilder,&#8230;<\/h2>\n\n\n\n<p>Um Passanten zu zeigen worum es geht, sind, Schilder, Transparente etc. n\u00fctzlich. Erstellt diese im Vorfeld, befestigt diese an R\u00e4der und transportiert dadurch unsere Absichten. Ihr habt keine Idee f\u00fcr Schilder, <a href=\"https:\/\/kinderaufsrad.org\/wp-content\/uploads\/2022\/05\/Demoschilder_KidicalMass_Selbstausdrucken-1.pdf\">hier<\/a> k\u00f6nnt ihr Vordrucke runterladen und ausdrucken. Beim letzten Kinder-Fahrtrad-Korso fuhr dieses Schild mit dem Aufdruck &#8222;Sicher Tempo runter, Danke&#8220; mit.<\/p>\n\n\n\n<div class=\"wp-block-cover aligncenter\" style=\"min-height:700px;aspect-ratio:unset;\"><img loading=\"lazy\" decoding=\"async\" width=\"700\" height=\"467\" class=\"wp-block-cover__image-background wp-image-69750\" alt=\"Eine Gruppe Fahrradfahrende, darunter viele Kinder.\" src=\"https:\/\/www.adfc-wiesbaden.de\/wp-content\/uploads\/2025\/02\/KidicalMassWiesbaden_6d-700x467.jpg\" data-object-fit=\"cover\" srcset=\"https:\/\/www.adfc-wiesbaden.de\/wp-content\/uploads\/2025\/02\/KidicalMassWiesbaden_6d-700x467.jpg 700w, https:\/\/www.adfc-wiesbaden.de\/wp-content\/uploads\/2025\/02\/KidicalMassWiesbaden_6d-200x133.jpg 200w, https:\/\/www.adfc-wiesbaden.de\/wp-content\/uploads\/2025\/02\/KidicalMassWiesbaden_6d-768x512.jpg 768w, https:\/\/www.adfc-wiesbaden.de\/wp-content\/uploads\/2025\/02\/KidicalMassWiesbaden_6d-300x200.jpg 300w, https:\/\/www.adfc-wiesbaden.de\/wp-content\/uploads\/2025\/02\/KidicalMassWiesbaden_6d.jpg 1024w\" sizes=\"auto, (max-width: 700px) 100vw, 700px\" \/><span aria-hidden=\"true\" class=\"wp-block-cover__background has-background-dim\"><\/span><div class=\"wp-block-cover__inner-container is-layout-flow wp-block-cover-is-layout-flow\">\n<p class=\"has-text-align-center has-large-font-size\"><\/p>\n<\/div><\/div>\n\n\n\n<h2 class=\"wp-block-heading\" id=\"Zubringertouren\">Zubringertouren<\/h2>\n\n\n\n<p>Wir versuchen gerade aus unterschiedlichen Stadtteilen Zubringertouren zu organisieren. Diese werden wir in der n\u00e4chste Woche hier ver\u00f6ffentlichen. Falls ihr Interesse habt, dann schreibt uns gerne an: <a href=\"\/fa\/&\/#109;&#x61;&#x69;&#108;&#x74;&#x6f;&#58;&#x6b;&#x69;&#100;&#x69;&#x63;&#97;&#x6c;&#x6d;&#97;&#x73;&#x73;&#64;&#x61;&#x64;&#102;&#x63;&#x2d;&#119;&#x69;&#x65;s&#x62;&#x61;d&#x65;&#x6e;&#46;&#100;&#x65;\">kidicalmass&#64;&#97;&#100;&#102;&#99;&#45;&#119;&#105;&#101;&#115;&#98;&#97;&#100;&#101;&#110;&#46;&#x64;&#x65;<\/a><\/p>\n\n\n<!-- wp:themify-builder\/canvas \/-->","protected":false},"excerpt":{"rendered":"<p>Am Sonntag, 25. September 2022 veranstaltet der ADFC Wiesbaden die dritte Kidical Mass Wiesbaden 2022. Treffpunkt ist um 15:00 Uhr auf dem Kranzplatz.<\/p>","protected":false},"author":52,"featured_media":1370,"comment_status":"closed","ping_status":"closed","sticky":false,"template":"Nachrichten-Seite.php","format":"standard","meta":{"footnotes":""},"categories":[932],"tags":[928,516,772],"class_list":["post-39","post","type-post","status-publish","format-standard","has-post-thumbnail","hentry","category-kidical-mass","tag-herbst","tag-kidical-mass","tag-wiesbaden","has-post-title","has-post-date","has-post-category","has-post-tag","has-post-comment","has-post-author",""],"builder_content":"","_links":{"self":[{"href":"https:\/\/www.adfc-wiesbaden.de\/fa\/wp-json\/wp\/v2\/posts\/39","targetHints":{"allow":["GET"]}}],"collection":[{"href":"https:\/\/www.adfc-wiesbaden.de\/fa\/wp-json\/wp\/v2\/posts"}],"about":[{"href":"https:\/\/www.adfc-wiesbaden.de\/fa\/wp-json\/wp\/v2\/types\/post"}],"author":[{"embeddable":true,"href":"https:\/\/www.adfc-wiesbaden.de\/fa\/wp-json\/wp\/v2\/users\/52"}],"replies":[{"embeddable":true,"href":"https:\/\/www.adfc-wiesbaden.de\/fa\/wp-json\/wp\/v2\/comments?post=39"}],"version-history":[{"count":7,"href":"https:\/\/www.adfc-wiesbaden.de\/fa\/wp-json\/wp\/v2\/posts\/39\/revisions"}],"predecessor-version":[{"id":76346,"href":"https:\/\/www.adfc-wiesbaden.de\/fa\/wp-json\/wp\/v2\/posts\/39\/revisions\/76346"}],"wp:featuredmedia":[{"embeddable":true,"href":"https:\/\/www.adfc-wiesbaden.de\/fa\/wp-json\/wp\/v2\/media\/1370"}],"wp:attachment":[{"href":"https:\/\/www.adfc-wiesbaden.de\/fa\/wp-json\/wp\/v2\/media?parent=39"}],"wp:term":[{"taxonomy":"category","embeddable":true,"href":"https:\/\/www.adfc-wiesbaden.de\/fa\/wp-json\/wp\/v2\/categories?post=39"},{"taxonomy":"post_tag","embeddable":true,"href":"https:\/\/www.adfc-wiesbaden.de\/fa\/wp-json\/wp\/v2\/tags?post=39"}],"curies":[{"name":"wp","href":"https:\/\/api.w.org\/{rel}","templated":true}]}}