{"id":1380,"date":"2023-01-31T18:55:23","date_gmt":"2023-01-31T18:55:23","guid":{"rendered":"https:\/\/kidicalmass.adfc-wiesbaden.de\/?p=1380"},"modified":"2026-04-24T19:53:41","modified_gmt":"2026-04-24T17:53:41","slug":"2023-03-19","status":"publish","type":"post","link":"https:\/\/www.adfc-wiesbaden.de\/fr\/2023\/01\/kidical-mass\/2023-03-19\/","title":{"rendered":"Kidical Mass 19 mars 2023"},"content":{"rendered":"<h2 class=\"wp-block-heading\">8. Kidical Mass Wiesbaden<\/h2>\n\n\n\n<p>La premi\u00e8re Kidical Mass Wiesbaden 2023 aura lieu le dimanche 19 mars \u00e0 15h00. C'est reparti sur le terrain de Dern. Au niveau du glacier. Apr\u00e8s un peu plus de 5 km et 50 m\u00e8tres de d\u00e9nivel\u00e9, le v\u00e9lo pour enfants Korso se termine dans la vall\u00e9e du Wellritz.<\/p>\n\n\n\n<h2 class=\"wp-block-heading\" id=\"Zubringertouren\">Tours d'acheminement<\/h2>\n\n\n\n<p>Diff\u00e9rents quartiers seront desservis par des navettes. Lors des excursions d\u2019acheminement, certaines familles du m\u00eame quartier se rencontrent et se rendent ensemble au point de d\u00e9part Dern\u2019sche Gel\u00e4nde. Les affr\u00e9teurs ne sont pas une manifestation d\u00e9clar\u00e9e. On roule sur des pistes cyclables.<br>Si vous \u00eates int\u00e9ress\u00e9 par une navette de vos quartiers, \u00e9crivez-nous, <a href=\"\/fr\/&\/#109;&#x61;&#x69;&#108;&#x74;&#x6f;&#58;&#x6b;&#x69;&#100;&#x69;&#x63;&#97;&#x6c;&#x6d;&#97;&#x73;&#x73;&#64;&#x61;&#x64;&#102;&#x63;&#x2d;&#119;&#x69;&#x65;s&#x62;&#x61;d&#x65;&#x6e;&#46;&#100;&#x65;\">kidicalmass@adfc-wiesbaden.de<\/a>, Nous vous aidons \u00e0 organiser.<\/p>\n\n\n\n<figure class=\"wp-block-table\"><table><tbody><tr><td>Quartier \/ quartier<\/td><td>Point de rencontre<\/td><td>Heure<\/td><\/tr><tr><td>Biebrich<\/td><td>Fontaine de joueur de fl\u00fbte<br>sur les rives du Rhin<\/td><td>14:15<\/td><\/tr><tr><td>haie de chou<\/td><td>Conteneurs en verre<br>Dolomitenstra\u00dfe \u00e0 l'angle de Paul-Gerhardt-Stra\u00dfe<\/td><td>14:15<\/td><\/tr><tr><td>Quartier des artistes<\/td><td>\u00c9cole de Friedrich von Schiller<br>Rue Carla-Henius 3-5<\/td><td>14:20<\/td><\/tr><tr><td>Quartier du Rheingau<\/td><td>Glyg<br>Marcobrunnerstra\u00dfe \u00e0 l'angle de la Rauenthalerstra\u00dfe<\/td><td>14:30<\/td><\/tr><tr><td>Westend<\/td><td>Sur le banc du parc<br>Goebenstra\u00dfe \u00e0 l'angle de Scharnhorststra\u00dfe<\/td><td>14:30<\/td><\/tr><\/tbody><\/table><\/figure>\n\n\n<!-- wp:themify-builder\/canvas \/-->","protected":false},"excerpt":{"rendered":"<p>Le dimanche 19 mars 2023, l\u2019ADFC Wiesbaden organise la premi\u00e8re Kidical Mass Wiesbaden 2023. Le point de rendez-vous est \u00e0 15h00 sur le site de Dernsche.<\/p>","protected":false},"author":52,"featured_media":76050,"comment_status":"closed","ping_status":"closed","sticky":false,"template":"Nachrichten-Seite.php","format":"standard","meta":{"footnotes":""},"categories":[932],"tags":[925,516,772],"class_list":["post-1380","post","type-post","status-publish","format-standard","has-post-thumbnail","hentry","category-kidical-mass","tag-fruehling","tag-kidical-mass","tag-wiesbaden","has-post-title","has-post-date","has-post-category","has-post-tag","has-post-comment","has-post-author",""],"builder_content":"","_links":{"self":[{"href":"https:\/\/www.adfc-wiesbaden.de\/fr\/wp-json\/wp\/v2\/posts\/1380","targetHints":{"allow":["GET"]}}],"collection":[{"href":"https:\/\/www.adfc-wiesbaden.de\/fr\/wp-json\/wp\/v2\/posts"}],"about":[{"href":"https:\/\/www.adfc-wiesbaden.de\/fr\/wp-json\/wp\/v2\/types\/post"}],"author":[{"embeddable":true,"href":"https:\/\/www.adfc-wiesbaden.de\/fr\/wp-json\/wp\/v2\/users\/52"}],"replies":[{"embeddable":true,"href":"https:\/\/www.adfc-wiesbaden.de\/fr\/wp-json\/wp\/v2\/comments?post=1380"}],"version-history":[{"count":5,"href":"https:\/\/www.adfc-wiesbaden.de\/fr\/wp-json\/wp\/v2\/posts\/1380\/revisions"}],"predecessor-version":[{"id":76335,"href":"https:\/\/www.adfc-wiesbaden.de\/fr\/wp-json\/wp\/v2\/posts\/1380\/revisions\/76335"}],"wp:featuredmedia":[{"embeddable":true,"href":"https:\/\/www.adfc-wiesbaden.de\/fr\/wp-json\/wp\/v2\/media\/76050"}],"wp:attachment":[{"href":"https:\/\/www.adfc-wiesbaden.de\/fr\/wp-json\/wp\/v2\/media?parent=1380"}],"wp:term":[{"taxonomy":"category","embeddable":true,"href":"https:\/\/www.adfc-wiesbaden.de\/fr\/wp-json\/wp\/v2\/categories?post=1380"},{"taxonomy":"post_tag","embeddable":true,"href":"https:\/\/www.adfc-wiesbaden.de\/fr\/wp-json\/wp\/v2\/tags?post=1380"}],"curies":[{"name":"wp","href":"https:\/\/api.w.org\/{rel}","templated":true}]}}