{"id":1382,"date":"2023-01-31T18:57:54","date_gmt":"2023-01-31T18:57:54","guid":{"rendered":"https:\/\/kidicalmass.adfc-wiesbaden.de\/?p=1382"},"modified":"2026-04-24T19:53:03","modified_gmt":"2026-04-24T17:53:03","slug":"2023-05-07","status":"publish","type":"post","link":"https:\/\/www.adfc-wiesbaden.de\/fr\/2023\/01\/kidical-mass\/2023-05-07\/","title":{"rendered":"Kidical Mass 07 mai 2023"},"content":{"rendered":"<h2 class=\"wp-block-heading\">9. Kidical Mass Wiesbaden<\/h2>\n\n\n\n<p>La deuxi\u00e8me Kidical Mass Wiesbaden 2023 aura lieu le dimanche 7 mai \u00e0 15h00. Retour sur le terrain de Dern au niveau du glacier. Pour savoir o\u00f9 nous en sommes, rendez-vous sur le blog deux semaines plus t\u00f4t.<\/p>\n\n\n\n<h2 class=\"wp-block-heading\">B\u00e2tir un panneau commun<\/h2>\n\n\n\n<p>Dans le cadre des actions organis\u00e9es \u00e0 l\u2019occasion du 20e anniversaire de l\u2019association \u00abCommunitylich Wohnen e.G.\u00bb, nous bricolerons dans la cour du <a href=\"http:\/\/gemeinschaftlich-wohnen.de\">Projet r\u00e9sidentiel Bl\u00fc17<\/a> dans la <strong>Bl\u00fccherstra\u00dfe 17<\/strong> le <strong>Vendredi 5 mai<\/strong> de <strong>De 16h00 \u00e0 18h00<\/strong> Des pancartes. Les panneaux d\u00e9corent nos v\u00e9los et transportent notre message. Pour le bricolage, tous sont les bienvenus sans r\u00e9servation pr\u00e9alable. Des mat\u00e9riaux tels que des cartons, des couleurs et des cordes sont disponibles: vous apportez simplement votre cr\u00e9ativit\u00e9 et votre joie.<br>Dans le cadre d'une escale \u00e0 la Kidical Mass, les cyclistes s'attendent \u00e0 une surprise r\u00e9confortante de la Bl\u00fc17.<\/p>\n\n\n\n<h2 class=\"wp-block-heading\" id=\"Zubringertouren\">Tours d'acheminement<\/h2>\n\n\n\n<p>Diff\u00e9rents quartiers seront desservis par des navettes. Lors des excursions d\u2019acheminement, certaines familles du m\u00eame quartier se rencontrent et se rendent ensemble au point de d\u00e9part Dern\u2019sche Gel\u00e4nde. Les navettes ne sont pas une manifestation enregistr\u00e9e et ne font pas partie de l'\u00e9v\u00e9nement. On roule sur des pistes cyclables.<br>Si vous \u00eates int\u00e9ress\u00e9 par une navette de vos quartiers, \u00e9crivez-nous, <a href=\"\/fr\/mailto&\/#58;&#107;&#105;&#100;&#105;&#99;&#97;&#x6c;&#x6d;&#x61;&#x73;&#x73;&#x40;&#x61;&#x64;&#x66;&#x63;&#x2d;&#x77;iesbad&#101;&#110;&#46;&#100;&#101;\">kidicalmass@adfc-wiesbaden.de<\/a>, \u00e0. Nous aidons \u00e0 organiser.<\/p>\n\n\n\n<figure class=\"wp-block-table\"><table><tbody><tr><td>Quartier \/ quartier<\/td><td>Point de rencontre<\/td><td>Heure<\/td><td>parcours<\/td><\/tr><tr><td>Biebrich<\/td><td>Fontaine de joueur de fl\u00fbte<br>sur les rives du Rhin<\/td><td>14:15<\/td><td>5,5 km<\/td><\/tr><tr><td>Quartier des po\u00e8tes<\/td><td>\u00c9cole de levage<br>Hebbelplatz \/ Hebbelstra\u00dfe<\/td><td>14:30<\/td><td>1,9 km<\/td><\/tr><tr><td>haie de chou<\/td><td>Conteneurs en verre<br>Dolomitenstra\u00dfe \u00e0 l'angle de Paul-Gerhardt-Stra\u00dfe<\/td><td>14:15<\/td><td>4,4 km<\/td><\/tr><tr><td>Quartier des artistes<\/td><td>\u00c9cole Fr\u00e9d\u00e9ric-de-Schiller (nouveau b\u00e2timent)<br>Rue Carla-Henius 3-5<\/td><td>14:20<\/td><td>2,9 km<\/td><\/tr><tr><td>Nord-Est<\/td><td>\u00c9cole de Johannes-Maasse<br>Porte-v\u00e9los Johannes-Maa\u00df-Stra\u00dfe \/ gg\u00fc. Mur du cimeti\u00e8re<\/td><td>14:30<\/td><td>1,1 km<\/td><\/tr><tr><td>Quartier du Rheingau<\/td><td>Glyg<br>Marcobrunnerstra\u00dfe \u00e0 l'angle de la Rauenthalerstra\u00dfe<\/td><td>14:30<\/td><td>1,7 km<\/td><\/tr><tr><td>Westend<\/td><td>\u00c9cole de Bl\u00fccher<br>Scharnhorststra\u00dfe Ecle Bl\u00fccherstra\u00dfe<\/td><td>14:30<\/td><td>1,4 km<\/td><\/tr><\/tbody><\/table><\/figure>\n\n\n\n<p id=\"ZubringertourenKarte\">Carte des tours d'acc\u00e8s<\/p>\n\n\n\n<iframe \nsrc=\"https:\/\/www.google.com\/maps\/d\/embed?mid=1ZAm5gIuXRSSWHlbo949vL5pQXz0aHQs&#038;ehbc=2E312F\" width=\"880\" height=\"660\"><\/iframe>\n\n\n<!-- wp:themify-builder\/canvas \/-->","protected":false},"excerpt":{"rendered":"<p>Le dimanche 7 mai 2023, l\u2019ADFC Wiesbaden organisera la deuxi\u00e8me \u00e9dition de la Kidical Mass Wiesbaden 2023. Le point de rendez-vous est \u00e0 15h00 sur le site de Dernsche.<\/p>","protected":false},"author":52,"featured_media":1598,"comment_status":"closed","ping_status":"closed","sticky":false,"template":"Nachrichten-Seite.php","format":"standard","meta":{"footnotes":""},"categories":[932],"tags":[516,927,772],"class_list":["post-1382","post","type-post","status-publish","format-standard","has-post-thumbnail","hentry","category-kidical-mass","tag-kidical-mass","tag-sommer","tag-wiesbaden","has-post-title","has-post-date","has-post-category","has-post-tag","has-post-comment","has-post-author",""],"builder_content":"","_links":{"self":[{"href":"https:\/\/www.adfc-wiesbaden.de\/fr\/wp-json\/wp\/v2\/posts\/1382","targetHints":{"allow":["GET"]}}],"collection":[{"href":"https:\/\/www.adfc-wiesbaden.de\/fr\/wp-json\/wp\/v2\/posts"}],"about":[{"href":"https:\/\/www.adfc-wiesbaden.de\/fr\/wp-json\/wp\/v2\/types\/post"}],"author":[{"embeddable":true,"href":"https:\/\/www.adfc-wiesbaden.de\/fr\/wp-json\/wp\/v2\/users\/52"}],"replies":[{"embeddable":true,"href":"https:\/\/www.adfc-wiesbaden.de\/fr\/wp-json\/wp\/v2\/comments?post=1382"}],"version-history":[{"count":4,"href":"https:\/\/www.adfc-wiesbaden.de\/fr\/wp-json\/wp\/v2\/posts\/1382\/revisions"}],"predecessor-version":[{"id":76331,"href":"https:\/\/www.adfc-wiesbaden.de\/fr\/wp-json\/wp\/v2\/posts\/1382\/revisions\/76331"}],"wp:featuredmedia":[{"embeddable":true,"href":"https:\/\/www.adfc-wiesbaden.de\/fr\/wp-json\/wp\/v2\/media\/1598"}],"wp:attachment":[{"href":"https:\/\/www.adfc-wiesbaden.de\/fr\/wp-json\/wp\/v2\/media?parent=1382"}],"wp:term":[{"taxonomy":"category","embeddable":true,"href":"https:\/\/www.adfc-wiesbaden.de\/fr\/wp-json\/wp\/v2\/categories?post=1382"},{"taxonomy":"post_tag","embeddable":true,"href":"https:\/\/www.adfc-wiesbaden.de\/fr\/wp-json\/wp\/v2\/tags?post=1382"}],"curies":[{"name":"wp","href":"https:\/\/api.w.org\/{rel}","templated":true}]}}