{"id":1387,"date":"2023-01-31T23:04:07","date_gmt":"2023-01-31T23:04:07","guid":{"rendered":"https:\/\/kidicalmass.adfc-wiesbaden.de\/?p=1387"},"modified":"2026-04-24T20:00:50","modified_gmt":"2026-04-24T18:00:50","slug":"2023-09-24","status":"publish","type":"post","link":"https:\/\/www.adfc-wiesbaden.de\/fr\/2023\/01\/kidical-mass\/2023-09-24\/","title":{"rendered":"Kidical Mass 24 septembre 2023"},"content":{"rendered":"<p><\/p>\n\n\n\n<h2 class=\"wp-block-heading\">10. Kidical Mass Wiesbaden<\/h2>\n\n\n\n<p>La troisi\u00e8me \u00e9dition de la Kidical Mass Wiesbaden 2023 aura lieu le 24 septembre \u00e0 15h00 dans le cadre de l'\u00e9dition mondiale de la Kidical Mass Wiesbaden. <a href=\"https:\/\/kinderaufsrad.org\/\" target=\"_blank\" rel=\"noreferrer noopener\">Journ\u00e9es d'action Kidical Mass<\/a> au lieu de. Elle d\u00e9bute exceptionnellement sur la place de la Couronne. C'est fini cette fois-ci dans les installations de Nerotal. Ne vous inqui\u00e9tez pas, nous ne conduisons pas seulement le long de la route Taunus.<\/p>\n\n\n\n<h2 class=\"wp-block-heading\">Soutenir nos objectifs<\/h2>\n\n\n\n<p>Nos principaux objectifs sont r\u00e9sum\u00e9s dans une p\u00e9tition qui peut \u00eatre sign\u00e9e et partag\u00e9e avec plaisir. Vous trouverez la p\u00e9tition ici: <a href=\"https:\/\/weact.campact.de\/petitions\/kinder-aufs-rad-fur-ein-lebenswertes-wiesbaden\" target=\"_blank\" rel=\"noreferrer noopener\">https:\/\/weact.campact.de\/petitions\/kinder-aufs-rad-fur-ein-lebenswertes-wiesbaden<\/a><\/p>\n\n\n\n<p>Nous avons besoin d'une pression constante sur la politique pour que notre monde change. Bien que la Conf\u00e9rence des ministres des transports de mars soutienne une r\u00e9forme de la LPP et du RPC ax\u00e9e sur une mobilit\u00e9 adapt\u00e9e aux enfants, rien n'a encore \u00e9t\u00e9 r\u00e9form\u00e9. Par cons\u00e9quent, montrons-nous tous ensemble face \u00e0 ce grand changement et faisons du v\u00e9lo ensemble.<\/p>\n\n\n\n<h2 class=\"wp-block-heading\" id=\"Zubringertouren\">Tours d'acheminement<\/h2>\n\n\n\n<p>Diff\u00e9rents quartiers seront desservis par des navettes. Lors des tourn\u00e9es d'acheminement, certaines familles se rencontrent \u00e0 l'\u00e9cole primaire du quartier et se rendent ensemble au point de d\u00e9part. Les navettes ne sont pas une manifestation enregistr\u00e9e et ne font pas partie de l'\u00e9v\u00e9nement. On roule sur des pistes cyclables.<br>Il n'y a pas d'apport de vos quartiers et vous \u00eates int\u00e9ress\u00e9s, alors \u00e9crivez-nous, <a href=\"\/fr\/&\/#109;&#x61;&#x69;&#108;&#x74;&#x6f;:&#x6b;&#x69;d&#105;&#x63;a&#108;&#x6d;a&#115;&#x73;&#64;&#97;&#x64;f&#99;&#x2d;&#x77;&#105;&#x65;&#x73;&#98;&#x61;&#x64;e&#x6e;&#x2e;d&#101;\">kidicalmass@adfc-wiesbaden.de<\/a>, \u00e0. Nous aidons \u00e0 organiser.<\/p>\n\n\n\n<p>Tours d'acc\u00e8s pr\u00e9vus (modifications \u00e0 ajouter):<\/p>\n\n\n\n<figure class=\"wp-block-table alignleft\"><table><tbody><tr><td>Quartier \/ quartier<\/td><td class=\"has-text-align-left\" data-align=\"left\">Point de rencontre<\/td><td>Heure<\/td><td>parcours<\/td><\/tr><tr><td>Biebrich<\/td><td class=\"has-text-align-left\" data-align=\"left\">Fontaine de joueur de fl\u00fbte<br>sur les rives du Rhin<\/td><td>14:15<\/td><td>6,2 km<\/td><\/tr><tr><td>Quartier des po\u00e8tes<\/td><td class=\"has-text-align-left\" data-align=\"left\">\u00c9cole de levage<br>Hebbelplatz \/ Hebbelstra\u00dfe<\/td><td>14:30<\/td><td>2,8 km<\/td><\/tr><tr><td>haie de chou<\/td><td class=\"has-text-align-left\" data-align=\"left\">Conteneurs en verre<br>Dolomitenstra\u00dfe \u00e0 l'angle de Paul-Gerhardt-Stra\u00dfe<\/td><td>14:15<\/td><td>5,1 km<\/td><\/tr><tr><td>Quartier des artistes<\/td><td class=\"has-text-align-left\" data-align=\"left\">\u00c9cole Fr\u00e9d\u00e9ric-de-Schiller (nouveau b\u00e2timent)<br>Rue Carla-Henius 3-5<\/td><td>14:20<\/td><td>3,5 km<\/td><\/tr><tr><td>Nord-Est<\/td><td class=\"has-text-align-left\" data-align=\"left\">\u00c9cole de Johannes-Maasse<br>Porte-v\u00e9los Johannes-Maa\u00df-Stra\u00dfe \/ gg\u00fc. Mur du cimeti\u00e8re<\/td><td>14:30<\/td><td>1,4 km<\/td><\/tr><tr><td>Route de la for\u00eat<\/td><td class=\"has-text-align-left\" data-align=\"left\">\u00c9cole de Diesterweg<br>Baumstra\u00dfe \u00e0 l'angle de Riedstra\u00dfe<\/td><td>14:15<\/td><td>4,7 km<\/td><\/tr><tr><td>Westend<\/td><td class=\"has-text-align-left\" data-align=\"left\">\u00c9cole de Bl\u00fccher<br>Scharnhorststra\u00dfe \u00e0 l'angle de Bl\u00fccherstra\u00dfe<\/td><td>14:30<\/td><td>2,2 km<\/td><\/tr><\/tbody><\/table><figcaption class=\"wp-element-caption\">\u00c9tat d\u2019avancement: 22.09.2023 11:00<\/figcaption><\/figure>\n\n\n\n<h4 class=\"wp-block-heading\" id=\"Zubringertourenkarte\">Carte des tours d'acc\u00e8s<\/h4>\n\n\n\n<iframe \nsrc=\"https:\/\/www.google.com\/maps\/d\/embed?mid=1Lwihg_fSdtNO-vRCCoI92-00k10VcLY&#038;ehbc=2E312F&#038;\" width=\"640\" height=\"480\"><\/iframe>\n\n\n\n<h2 class=\"wp-block-heading\" id=\"Preise\">Rembourser les prix des timbres<\/h2>\n\n\n\n<p>Participer 3 fois \u00e0 la Kidical Mass et recevoir une surprise, c'est de cela qu'il s'agit dans notre&nbsp;<a href=\"https:\/\/www.adfc-wiesbaden.de\/fr\/3-x-kidical-mass-1-ueberraschung\/\">Action de cachet<\/a>.\u00a0 Apportez donc vos flyers estampill\u00e9s de la premi\u00e8re et de la deuxi\u00e8me Kidical Mass 2023, obtenez le prochain cachet et une petite surprise.<br>Le dernier cachet et les prix sont affich\u00e9s au jaune apr\u00e8s le voyage. <a href=\"https:\/\/www.adfc-wiesbaden.de\/fr\/\" target=\"_blank\" rel=\"noreferrer noopener\">ADFC<\/a>-Roulette avec la bo\u00eete \u00e0 l'avant.<\/p>\n\n\n<!-- wp:themify-builder\/canvas \/-->","protected":false},"excerpt":{"rendered":"<p>Le dimanche 24 septembre 2023, l\u2019ADFC Wiesbaden organisera la troisi\u00e8me \u00e9dition de la Kidical Mass Wiesbaden 2023. Le point de rendez-vous est \u00e0 15h00 sur la place de la Couronne.<\/p>","protected":false},"author":52,"featured_media":1489,"comment_status":"closed","ping_status":"closed","sticky":false,"template":"Nachrichten-Seite.php","format":"standard","meta":{"footnotes":""},"categories":[932],"tags":[928,516,772],"class_list":["post-1387","post","type-post","status-publish","format-standard","has-post-thumbnail","hentry","category-kidical-mass","tag-herbst","tag-kidical-mass","tag-wiesbaden","has-post-title","has-post-date","has-post-category","has-post-tag","has-post-comment","has-post-author",""],"builder_content":"","_links":{"self":[{"href":"https:\/\/www.adfc-wiesbaden.de\/fr\/wp-json\/wp\/v2\/posts\/1387","targetHints":{"allow":["GET"]}}],"collection":[{"href":"https:\/\/www.adfc-wiesbaden.de\/fr\/wp-json\/wp\/v2\/posts"}],"about":[{"href":"https:\/\/www.adfc-wiesbaden.de\/fr\/wp-json\/wp\/v2\/types\/post"}],"author":[{"embeddable":true,"href":"https:\/\/www.adfc-wiesbaden.de\/fr\/wp-json\/wp\/v2\/users\/52"}],"replies":[{"embeddable":true,"href":"https:\/\/www.adfc-wiesbaden.de\/fr\/wp-json\/wp\/v2\/comments?post=1387"}],"version-history":[{"count":3,"href":"https:\/\/www.adfc-wiesbaden.de\/fr\/wp-json\/wp\/v2\/posts\/1387\/revisions"}],"predecessor-version":[{"id":76355,"href":"https:\/\/www.adfc-wiesbaden.de\/fr\/wp-json\/wp\/v2\/posts\/1387\/revisions\/76355"}],"wp:featuredmedia":[{"embeddable":true,"href":"https:\/\/www.adfc-wiesbaden.de\/fr\/wp-json\/wp\/v2\/media\/1489"}],"wp:attachment":[{"href":"https:\/\/www.adfc-wiesbaden.de\/fr\/wp-json\/wp\/v2\/media?parent=1387"}],"wp:term":[{"taxonomy":"category","embeddable":true,"href":"https:\/\/www.adfc-wiesbaden.de\/fr\/wp-json\/wp\/v2\/categories?post=1387"},{"taxonomy":"post_tag","embeddable":true,"href":"https:\/\/www.adfc-wiesbaden.de\/fr\/wp-json\/wp\/v2\/tags?post=1387"}],"curies":[{"name":"wp","href":"https:\/\/api.w.org\/{rel}","templated":true}]}}