{"id":1533,"date":"2024-01-31T21:01:00","date_gmt":"2024-01-31T21:01:00","guid":{"rendered":"https:\/\/kidicalmass.adfc-wiesbaden.de\/?p=1533"},"modified":"2026-04-24T19:38:13","modified_gmt":"2026-04-24T17:38:13","slug":"05-mai-2024","status":"publish","type":"post","link":"https:\/\/www.adfc-wiesbaden.de\/fr\/2024\/01\/kidical-mass\/05-mai-2024\/","title":{"rendered":"Kidical Mass 05 mai 2024"},"content":{"rendered":"<h2 class=\"wp-block-heading\">11. Kidical Mass Wiesbaden<\/h2>\n\n\n\n<p>La premi\u00e8re Kidical Mass Wiesbaden 2024 aura lieu le dimanche 5 mai \u00e0 15h00. Retour sur le site de Dern'sche, en face du glacier.<\/p>\n\n\n\n<h2 class=\"wp-block-heading\">Tours d'acheminement<\/h2>\n\n\n\n<p>Les visites guid\u00e9es sont des trajets auto-organis\u00e9s o\u00f9 les familles se rencontrent dans leur \u00e9cole primaire du quartier, puis se rendent ensemble au point de d\u00e9part. Les navettes ne sont pas une manifestation enregistr\u00e9e et ne font pas partie de l'\u00e9v\u00e9nement. Il est conduit sur des pistes cyclables et des routes secondaires peu fr\u00e9quent\u00e9es.<br>Il n'y a pas encore d'apport de vos quartiers et vous \u00eates int\u00e9ress\u00e9s, alors \u00e9crivez-nous, <a href=\"\/fr\/&\/#109;&#x61;&#105;&#x6c;&#116;&#x6f;:&#x6b;i&#100;&#x69;&#99;&#x61;&#108;&#x6d;a&#x73;s&#64;&#x61;&#100;&#x66;&#99;&#x2d;&#119;&#x69;e&#x73;b&#97;&#x64;&#101;&#x6e;&#46;&#x64;e\">kidicalmass@adfc-wiesbaden.de<\/a>, \u00e0. Nous aidons \u00e0 organiser.<\/p>\n\n\n\n<p>Tours d'acc\u00e8s pr\u00e9vus (modifications constamment mises \u00e0 jour):<\/p>\n\n\n\n<figure class=\"wp-block-table\"><table><tbody><tr><td>Quartier \/ quartier<\/td><td>Point de rencontre<\/td><td>Heure<\/td><td>parcours<\/td><\/tr><tr><td>Biebrich<\/td><td>Fontaine de joueur de fl\u00fbte<br>sur les rives du Rhin<\/td><td>14:15<\/td><td>6,2 km<\/td><\/tr><tr><td>Quartier des po\u00e8tes<\/td><td>\u00c9cole de levage<br>Hebbelplatz \/ Hebbelstra\u00dfe<\/td><td>14:30<\/td><td>2,8 km<\/td><\/tr><tr><td>haie de chou<\/td><td>Conteneurs en verre<br>Dolomitenstra\u00dfe \u00e0 l'angle de Paul-Gerhardt-Stra\u00dfe<\/td><td>14:15<\/td><td>5,1 km<\/td><\/tr><tr><td>Quartier des artistes<\/td><td>\u00c9cole Fr\u00e9d\u00e9ric-de-Schiller (nouveau b\u00e2timent)<br>Rue Carla-Henius 3-5<\/td><td>14:20<\/td><td>3,5 km<\/td><\/tr><tr><td>Nord-Est<\/td><td>\u00c9cole de Johannes-Maasse<br>Porte-v\u00e9los Johannes-Maa\u00df-Stra\u00dfe \/ gg\u00fc. Mur du cimeti\u00e8re<\/td><td>14:30<\/td><td>1,4 km<\/td><\/tr><tr><td>Route de la for\u00eat<\/td><td>\u00c9cole de Diesterweg<br>Baumstra\u00dfe \u00e0 l'angle de Riedstra\u00dfe<\/td><td>14:10<\/td><td>4,7 km<\/td><\/tr><tr><td>Weidenborn<\/td><td>\u00c9cole de stylo d'Adalbert<br>Parc de stationnement Brunhildenstra\u00dfe<\/td><td>14:20<\/td><td>3,3 km<\/td><\/tr><tr><td>Westend<\/td><td>\u00c9cole de Bl\u00fccher<br>Scharnhorststra\u00dfe \u00e0 l'angle de Bl\u00fccherstra\u00dfe<\/td><td>14:30<\/td><td>2,2 km<\/td><\/tr><\/tbody><\/table><figcaption class=\"wp-element-caption\">\u00c9tat d\u2019avancement: 24.04.2024 23:00<\/figcaption><\/figure>\n\n\n\n<h3 class=\"wp-block-heading\">Carte des tours d'acc\u00e8s<\/h3>\n\n\n\n<iframe loading=\"lazy\" src=\"https:\/\/www.google.com\/maps\/d\/embed?mid=1-d5DeR3l1TwlzzARae6CBmsSfVuxy-c&#038;ehbc=2E312F&#038;noprof=1\" width=\"640\" height=\"480\"><\/iframe>\n\n\n<!-- wp:themify-builder\/canvas \/-->","protected":false},"excerpt":{"rendered":"<p>La premi\u00e8re Kidical Mass Wiesbaden 2024 aura lieu le dimanche 5 mai \u00e0 15h00. Retour sur le site de Dern'sche, en face du glacier.<\/p>","protected":false},"author":52,"featured_media":69167,"comment_status":"closed","ping_status":"closed","sticky":false,"template":"Nachrichten-Seite.php","format":"standard","meta":{"footnotes":""},"categories":[932],"tags":[925,516,772],"class_list":["post-1533","post","type-post","status-publish","format-standard","has-post-thumbnail","hentry","category-kidical-mass","tag-fruehling","tag-kidical-mass","tag-wiesbaden","has-post-title","has-post-date","has-post-category","has-post-tag","has-post-comment","has-post-author",""],"builder_content":"","_links":{"self":[{"href":"https:\/\/www.adfc-wiesbaden.de\/fr\/wp-json\/wp\/v2\/posts\/1533","targetHints":{"allow":["GET"]}}],"collection":[{"href":"https:\/\/www.adfc-wiesbaden.de\/fr\/wp-json\/wp\/v2\/posts"}],"about":[{"href":"https:\/\/www.adfc-wiesbaden.de\/fr\/wp-json\/wp\/v2\/types\/post"}],"author":[{"embeddable":true,"href":"https:\/\/www.adfc-wiesbaden.de\/fr\/wp-json\/wp\/v2\/users\/52"}],"replies":[{"embeddable":true,"href":"https:\/\/www.adfc-wiesbaden.de\/fr\/wp-json\/wp\/v2\/comments?post=1533"}],"version-history":[{"count":3,"href":"https:\/\/www.adfc-wiesbaden.de\/fr\/wp-json\/wp\/v2\/posts\/1533\/revisions"}],"predecessor-version":[{"id":76324,"href":"https:\/\/www.adfc-wiesbaden.de\/fr\/wp-json\/wp\/v2\/posts\/1533\/revisions\/76324"}],"wp:featuredmedia":[{"embeddable":true,"href":"https:\/\/www.adfc-wiesbaden.de\/fr\/wp-json\/wp\/v2\/media\/69167"}],"wp:attachment":[{"href":"https:\/\/www.adfc-wiesbaden.de\/fr\/wp-json\/wp\/v2\/media?parent=1533"}],"wp:term":[{"taxonomy":"category","embeddable":true,"href":"https:\/\/www.adfc-wiesbaden.de\/fr\/wp-json\/wp\/v2\/categories?post=1533"},{"taxonomy":"post_tag","embeddable":true,"href":"https:\/\/www.adfc-wiesbaden.de\/fr\/wp-json\/wp\/v2\/tags?post=1533"}],"curies":[{"name":"wp","href":"https:\/\/api.w.org\/{rel}","templated":true}]}}