{"id":1537,"date":"2024-01-31T21:11:04","date_gmt":"2024-01-31T21:11:04","guid":{"rendered":"https:\/\/kidicalmass.adfc-wiesbaden.de\/?p=1537"},"modified":"2026-04-24T19:33:35","modified_gmt":"2026-04-24T17:33:35","slug":"07-juli-2024","status":"publish","type":"post","link":"https:\/\/www.adfc-wiesbaden.de\/fr\/2024\/01\/kidical-mass\/07-juli-2024\/","title":{"rendered":"Kidical Mass 07 juillet 2024"},"content":{"rendered":"<h2 class=\"wp-block-heading\">12. Kidical Mass Wiesbaden<\/h2>\n\n\n\n<p>La deuxi\u00e8me Kidical Mass Wiesbaden 2024 aura lieu le dimanche 7 juillet \u00e0 15h00. Retour sur le site de Dern'sche au niveau du glacier. Cette fois-ci, nous terminons apr\u00e8s 5,9 km dans les installations thermales pr\u00e8s de l\u2019\u00abaire de jeux dans le parc thermal\u00bb. Il est situ\u00e9 \u00e0 la hauteur de la station thermale d'Aukammtal.<br>La grande prairie offre de l'espace pour jouer et pique-niquer. Le chariot de glace apporte le refroidissement en forme de boule.<\/p>\n\n\n\n<h2 class=\"wp-block-heading\">Tours d'acheminement<\/h2>\n\n\n\n<p>Les visites guid\u00e9es sont des trajets auto-organis\u00e9s o\u00f9 les familles se rencontrent dans leur \u00e9cole primaire du quartier, puis se rendent ensemble au point de d\u00e9part. Les navettes ne sont pas une manifestation enregistr\u00e9e et ne font pas partie de l'\u00e9v\u00e9nement. Il est conduit sur des pistes cyclables et des routes secondaires peu fr\u00e9quent\u00e9es.<br>Il n'y a pas encore d'apport de vos quartiers et vous \u00eates int\u00e9ress\u00e9s, alors \u00e9crivez-nous, <a href=\"mailto:kidicalmass&#64;adfc-&#119;&#105;&#101;&#115;&#98;&#97;&#100;&#101;&#110;&#46;&#100;&#101;\">kidicalmass@adfc-wiesbaden.de<\/a>, \u00e0. Nous aidons \u00e0 organiser.<\/p>\n\n\n\n<p>Tours d'acc\u00e8s pr\u00e9vus (modifications constamment mises \u00e0 jour):<\/p>\n\n\n\n<figure class=\"wp-block-table\"><table><tbody><tr><td>Quartier \/ quartier<\/td><td>Point de rencontre<\/td><td>Heure<\/td><td>parcours<\/td><\/tr><tr><td>Biebrich<\/td><td>Fontaine de joueur de fl\u00fbte<br>sur les rives du Rhin<\/td><td>14:15<\/td><td>6,2 km<\/td><\/tr><tr><td>Quartier des po\u00e8tes<\/td><td>\u00c9cole de levage<br>Hebbelplatz \/ Hebbelstra\u00dfe<\/td><td>14:30<\/td><td>2,8 km<\/td><\/tr><tr><td>Quartier des artistes<\/td><td>\u00c9cole Fr\u00e9d\u00e9ric-de-Schiller (nouveau b\u00e2timent)<br>Rue Carla-Henius 3-5<\/td><td>14:20<\/td><td>3,5 km<\/td><\/tr><tr><td>Nord-Est<\/td><td>\u00c9cole de Johannes-Maasse<br>Porte-v\u00e9los Johannes-Maa\u00df-Stra\u00dfe \/ gg\u00fc. Mur du cimeti\u00e8re<\/td><td>14:30<\/td><td>1,4 km<\/td><\/tr><tr><td>Route de la for\u00eat<\/td><td>\u00c9cole de Diesterweg<br>Baumstra\u00dfe \u00e0 l'angle de Riedstra\u00dfe<\/td><td>14:10<\/td><td>4,7 km<\/td><\/tr><\/tbody><\/table><figcaption class=\"wp-element-caption\">\u00c9tat d\u2019avancement: 07.07.2024 09:00<\/figcaption><\/figure>\n\n\n\n<h2 class=\"wp-block-heading\">Carte des tours d'acc\u00e8s<\/h2>\n\n\n\n<iframe loading=\"lazy\" src=\"https:\/\/www.google.com\/maps\/d\/embed?mid=1ojvvYFV0uWRTgaXDzoIocDh9_v64AtQ&#038;ehbc=2E312F\" width=\"640\" height=\"480\"><\/iframe>\n\n\n\n<p><\/p>\n\n\n<!-- wp:themify-builder\/canvas \/-->","protected":false},"excerpt":{"rendered":"<p>La deuxi\u00e8me Kidical Mass Wiesbaden 2024 aura lieu le dimanche 7 juillet \u00e0 15h00. Retour sur le site de Dern'sche au niveau du glacier. Cette fois-ci, nous terminons apr\u00e8s 5,9 km dans les installations thermales pr\u00e8s de l\u2019\u00abaire de jeux dans le parc thermal\u00bb. Il est situ\u00e9 \u00e0 la hauteur de la station thermale d'Aukammtal.<br \/>\nLa grande prairie offre de l'espace pour jouer et pique-niquer. Le chariot de glace apporte le refroidissement en forme de boule.<\/p>","protected":false},"author":52,"featured_media":70276,"comment_status":"closed","ping_status":"closed","sticky":false,"template":"Nachrichten-Seite.php","format":"standard","meta":{"footnotes":""},"categories":[932],"tags":[516,927,772],"class_list":["post-1537","post","type-post","status-publish","format-standard","has-post-thumbnail","hentry","category-kidical-mass","tag-kidical-mass","tag-sommer","tag-wiesbaden","has-post-title","has-post-date","has-post-category","has-post-tag","has-post-comment","has-post-author",""],"builder_content":"","_links":{"self":[{"href":"https:\/\/www.adfc-wiesbaden.de\/fr\/wp-json\/wp\/v2\/posts\/1537","targetHints":{"allow":["GET"]}}],"collection":[{"href":"https:\/\/www.adfc-wiesbaden.de\/fr\/wp-json\/wp\/v2\/posts"}],"about":[{"href":"https:\/\/www.adfc-wiesbaden.de\/fr\/wp-json\/wp\/v2\/types\/post"}],"author":[{"embeddable":true,"href":"https:\/\/www.adfc-wiesbaden.de\/fr\/wp-json\/wp\/v2\/users\/52"}],"replies":[{"embeddable":true,"href":"https:\/\/www.adfc-wiesbaden.de\/fr\/wp-json\/wp\/v2\/comments?post=1537"}],"version-history":[{"count":5,"href":"https:\/\/www.adfc-wiesbaden.de\/fr\/wp-json\/wp\/v2\/posts\/1537\/revisions"}],"predecessor-version":[{"id":76316,"href":"https:\/\/www.adfc-wiesbaden.de\/fr\/wp-json\/wp\/v2\/posts\/1537\/revisions\/76316"}],"wp:featuredmedia":[{"embeddable":true,"href":"https:\/\/www.adfc-wiesbaden.de\/fr\/wp-json\/wp\/v2\/media\/70276"}],"wp:attachment":[{"href":"https:\/\/www.adfc-wiesbaden.de\/fr\/wp-json\/wp\/v2\/media?parent=1537"}],"wp:term":[{"taxonomy":"category","embeddable":true,"href":"https:\/\/www.adfc-wiesbaden.de\/fr\/wp-json\/wp\/v2\/categories?post=1537"},{"taxonomy":"post_tag","embeddable":true,"href":"https:\/\/www.adfc-wiesbaden.de\/fr\/wp-json\/wp\/v2\/tags?post=1537"}],"curies":[{"name":"wp","href":"https:\/\/api.w.org\/{rel}","templated":true}]}}