{"id":1541,"date":"2024-01-31T21:21:17","date_gmt":"2024-01-31T21:21:17","guid":{"rendered":"https:\/\/kidicalmass.adfc-wiesbaden.de\/?p=1541"},"modified":"2026-04-24T19:35:44","modified_gmt":"2026-04-24T17:35:44","slug":"22-september-2024","status":"publish","type":"post","link":"https:\/\/www.adfc-wiesbaden.de\/fr\/2024\/01\/kidical-mass\/22-september-2024\/","title":{"rendered":"Kidical Mass 22 septembre 2024"},"content":{"rendered":"<h2 class=\"wp-block-heading\">13. Kidical Mass Wiesbaden<\/h2>\n\n\n\n<ul class=\"wp-block-list\">\n<li><a href=\"https:\/\/www.adfc-wiesbaden.de\/fr\/22-september-2024\/#Malaktion\">Action de peinture<\/a><\/li>\n\n\n\n<li><a href=\"https:\/\/www.adfc-wiesbaden.de\/fr\/22-september-2024\/#Schilder\">Peinture de panneaux<\/a><\/li>\n\n\n\n<li><a href=\"https:\/\/www.adfc-wiesbaden.de\/fr\/22-september-2024\/#Preise\">Recueillir les prix pour le timbre<\/a><\/li>\n\n\n\n<li><a href=\"https:\/\/www.adfc-wiesbaden.de\/fr\/22-september-2024\/#Zubringertouren\">Tours d'acheminement<\/a>\n<ul class=\"wp-block-list\">\n<li><a href=\"https:\/\/www.adfc-wiesbaden.de\/fr\/22-september-2024\/#Karte\">Transporteur de carte<\/a><\/li>\n<\/ul>\n<\/li>\n<\/ul>\n\n\n\n<p>La troisi\u00e8me \u00e9dition de la Kidical Mass Wiesbaden 2023 aura lieu le 22 septembre \u00e0 15h00 dans le cadre de l'\u00e9v\u00e9nement mondial <a href=\"https:\/\/kinderaufsrad.org\/\" target=\"_blank\" rel=\"noreferrer noopener\">Journ\u00e9es d'action Kidical Mass<\/a> au lieu de. Le d\u00e9part et la fin sont cette fois identiques sur le site de Dern\u2019sche. Autour de l'h\u00f4tel de ville et en particulier sur la place du ch\u00e2teau, le <a href=\"https:\/\/www.wiesbaden.de\/leben-in-wiesbaden\/gesellschaft\/kinder\/content\/weltkindertag.php\" data-type=\"link\" data-id=\"https:\/\/www.wiesbaden.de\/leben-in-wiesbaden\/gesellschaft\/kinder\/content\/weltkindertag.php\" target=\"_blank\" rel=\"noreferrer noopener\">Journ\u00e9e mondiale de l'enfance<\/a> f\u00eat\u00e9 de 13h00 \u00e0 18h00. L'itin\u00e9raire est long de 5,8 km. <br>Comme toujours, nous sommes accompagn\u00e9s par la police et les ambulanciers. <\/p>\n\n\n\n<h2 class=\"wp-block-heading\" id=\"Malaktion\">Action de peinture<\/h2>\n\n\n\n<p>Nous embellirons l'asphalte de cette rue Schiersteiner par ailleurs tr\u00e8s fr\u00e9quent\u00e9e avec de la craie. Ainsi, la Kidical Mass reste visible dans les jours qui suivent pour les usagers de la route les plus divers. Il n'y a pas de limites \u00e0 votre cr\u00e9ativit\u00e9. Nous avons de la craie sur place. Pour que vous puissiez peindre plus longtemps et avec votre couleur pr\u00e9f\u00e9r\u00e9e, il est pr\u00e9f\u00e9rable d'apporter votre propre craie.<\/p>\n\n\n\n<h2 class=\"wp-block-heading\" id=\"Schilder\">Bandeaux, pancartes, \u2026<\/h2>\n\n\n\n<p>Pour montrer aux passants de quoi il s'agit, des panneaux, des transparents, etc. sont utiles. Cr\u00e9e-les \u00e0 l'avance, les attache aux roues et transporte ainsi nos intentions. Vous n'avez aucune id\u00e9e pour les panneaux,&nbsp;<a href=\"https:\/\/kinderaufsrad.org\/wp-content\/uploads\/2022\/05\/Demoschilder_KidicalMass_Selbstausdrucken-1.pdf\" target=\"_blank\" rel=\"noreferrer noopener\">ici<\/a>&nbsp;Vous pouvez t\u00e9l\u00e9charger et imprimer des formulaires.<\/p>\n\n\n\n<h2 class=\"wp-block-heading\" id=\"Preise\">Rembourser les prix des timbres<\/h2>\n\n\n\n<p>Pour tous ceux qui ont particip\u00e9 trois fois \u00e0 la Kidical Mass en 2024 et chaque fois estampill\u00e9 dans notre&nbsp;<a href=\"https:\/\/www.adfc-wiesbaden.de\/fr\/3-x-kidical-mass-1-ueberraschung\/\">Action de cachet<\/a> Une fois de plus, une petite surprise vous attend. Apportez vos flyers estampill\u00e9s de la premi\u00e8re et de la deuxi\u00e8me Kidical Mass, obtenez le dernier tampon et \u00e9changez le flyer contre la surprise.<br>Le dernier est le jaune apr\u00e8s le voyage.&nbsp;<a href=\"https:\/\/www.adfc-wiesbaden.de\/fr\/\" target=\"_blank\" rel=\"noreferrer noopener\">ADFC<\/a>-Roulette avec la bo\u00eete \u00e0 l'avant.<\/p>\n\n\n\n<h2 class=\"wp-block-heading\" id=\"Zubringertouren\">Tours d'acheminement<\/h2>\n\n\n\n<p>Les visites guid\u00e9es sont des trajets auto-organis\u00e9s o\u00f9 les familles se rencontrent dans leur \u00e9cole primaire du quartier, puis se rendent ensemble au point de d\u00e9part. Les navettes ne sont pas une manifestation enregistr\u00e9e et ne font pas partie de l'\u00e9v\u00e9nement. Il est conduit sur des pistes cyclables et des routes secondaires peu fr\u00e9quent\u00e9es.<br>Il n'y a pas encore d'apport de vos quartiers et vous \u00eates int\u00e9ress\u00e9s, alors \u00e9crivez-nous,&nbsp;<a href=\"\/fr\/&\/#x6d;&#x61;&#105;l&#x74;&#x6f;&#58;&#107;i&#x64;&#x69;&#99;&#97;l&#x6d;&#x61;&#115;s&#64;&#x61;&#x64;&#102;c&#x2d;&#x77;&#105;&#101;s&#x62;&#x61;&#100;&#101;n&#x2e;&#x64;&#101;\">kidicalmass@adfc-wiesbaden.de<\/a>, \u00e0. Nous aidons \u00e0 organiser.<\/p>\n\n\n\n<p>Tours d'acc\u00e8s pr\u00e9vus (modifications constamment mises \u00e0 jour):<\/p>\n\n\n\n<figure class=\"wp-block-table is-style-stripes\"><table><tbody><tr><td class=\"has-text-align-center\" data-align=\"center\">Quartier \/ quartier<\/td><td class=\"has-text-align-center\" data-align=\"center\">Point de rencontre<\/td><td>Heure<\/td><td>longueur<\/td><\/tr><tr><td class=\"has-text-align-center\" data-align=\"center\">Biebrich<\/td><td class=\"has-text-align-center\" data-align=\"center\">Fontaine de joueur de fl\u00fbte<br>sur les rives du Rhin<\/td><td>14:15<\/td><td>6,2 km<\/td><\/tr><tr><td class=\"has-text-align-center\" data-align=\"center\">Quartier des po\u00e8tes<\/td><td class=\"has-text-align-center\" data-align=\"center\">\u00c9cole de levage<br>Hebbelplatz \/ Hebbelstra\u00dfe<\/td><td>14:30<\/td><td>2,8 km<\/td><\/tr><tr><td class=\"has-text-align-center\" data-align=\"center\">haie de chou<\/td><td class=\"has-text-align-center\" data-align=\"center\">Conteneurs en verre<br>Dolomitenstra\u00dfe \u00e0 l'angle de Paul-Gerhardt-Stra\u00dfe<\/td><td>14:15<\/td><td>5,1 km<\/td><\/tr><tr><td class=\"has-text-align-center\" data-align=\"center\">Quartier des artistes<\/td><td class=\"has-text-align-center\" data-align=\"center\">\u00c9cole Fr\u00e9d\u00e9ric-de-Schiller (nouveau b\u00e2timent)<br>Rue Carla-Henius 3-5<\/td><td>14:20<\/td><td>3,5 km<\/td><\/tr><tr><td class=\"has-text-align-center\" data-align=\"center\">Nord-Est<\/td><td class=\"has-text-align-center\" data-align=\"center\">\u00c9cole de Johannes-Maasse<br>Porte-v\u00e9los Johannes-Maa\u00df-Stra\u00dfe \/ gg\u00fc. Mur du cimeti\u00e8re<\/td><td>14:30<\/td><td>1,1 km<\/td><\/tr><tr><td class=\"has-text-align-center\" data-align=\"center\">Westend<\/td><td class=\"has-text-align-center\" data-align=\"center\">\u00c9cole de Bl\u00fccher<br>Scharnhorststra\u00dfe \u00e0 l'angle de Bl\u00fccherstra\u00dfe<\/td><td>14:30<br><\/td><td>2,2 km<\/td><\/tr><\/tbody><\/table><figcaption class=\"wp-element-caption\">\u00c9tat d\u2019avancement: 11.09.2024 23:00<\/figcaption><\/figure>\n\n\n\n<h3 class=\"wp-block-heading\" id=\"Karte\">Carte des tours d'acc\u00e8s<\/h3>\n\n\n\n<iframe loading=\"lazy\" src=\"https:\/\/www.google.com\/maps\/d\/embed?mid=1-0FkY4g8RSGvkHj5LUpACrlCn5V0D5o&#038;ehbc=2E312F\" width=\"640\" height=\"480\"><\/iframe>\n\n\n<!-- wp:themify-builder\/canvas \/-->","protected":false},"excerpt":{"rendered":"<p>La troisi\u00e8me \u00e9dition de Kidical Mass Wiesbaden 2023 aura lieu le 22 septembre \u00e0 15h00 dans le cadre des Journ\u00e9es mondiales d'action Kidical Mass. Le d\u00e9part et la fin sont cette fois identiques sur le site de Dern\u2019sche. Autour de l'h\u00f4tel de ville et en particulier sur la place du ch\u00e2teau, la Journ\u00e9e mondiale de l'enfance est c\u00e9l\u00e9br\u00e9e de 13h00 \u00e0 18h00. L'itin\u00e9raire est long de 5,8 km.<br \/>\nComme toujours, nous sommes accompagn\u00e9s par la police et les ambulanciers.<\/p>","protected":false},"author":52,"featured_media":70293,"comment_status":"closed","ping_status":"closed","sticky":false,"template":"Nachrichten-Seite.php","format":"standard","meta":{"footnotes":""},"categories":[932],"tags":[928,516,772],"class_list":["post-1541","post","type-post","status-publish","format-standard","has-post-thumbnail","hentry","category-kidical-mass","tag-herbst","tag-kidical-mass","tag-wiesbaden","has-post-title","has-post-date","has-post-category","has-post-tag","has-post-comment","has-post-author",""],"builder_content":"","_links":{"self":[{"href":"https:\/\/www.adfc-wiesbaden.de\/fr\/wp-json\/wp\/v2\/posts\/1541","targetHints":{"allow":["GET"]}}],"collection":[{"href":"https:\/\/www.adfc-wiesbaden.de\/fr\/wp-json\/wp\/v2\/posts"}],"about":[{"href":"https:\/\/www.adfc-wiesbaden.de\/fr\/wp-json\/wp\/v2\/types\/post"}],"author":[{"embeddable":true,"href":"https:\/\/www.adfc-wiesbaden.de\/fr\/wp-json\/wp\/v2\/users\/52"}],"replies":[{"embeddable":true,"href":"https:\/\/www.adfc-wiesbaden.de\/fr\/wp-json\/wp\/v2\/comments?post=1541"}],"version-history":[{"count":7,"href":"https:\/\/www.adfc-wiesbaden.de\/fr\/wp-json\/wp\/v2\/posts\/1541\/revisions"}],"predecessor-version":[{"id":76320,"href":"https:\/\/www.adfc-wiesbaden.de\/fr\/wp-json\/wp\/v2\/posts\/1541\/revisions\/76320"}],"wp:featuredmedia":[{"embeddable":true,"href":"https:\/\/www.adfc-wiesbaden.de\/fr\/wp-json\/wp\/v2\/media\/70293"}],"wp:attachment":[{"href":"https:\/\/www.adfc-wiesbaden.de\/fr\/wp-json\/wp\/v2\/media?parent=1541"}],"wp:term":[{"taxonomy":"category","embeddable":true,"href":"https:\/\/www.adfc-wiesbaden.de\/fr\/wp-json\/wp\/v2\/categories?post=1541"},{"taxonomy":"post_tag","embeddable":true,"href":"https:\/\/www.adfc-wiesbaden.de\/fr\/wp-json\/wp\/v2\/tags?post=1541"}],"curies":[{"name":"wp","href":"https:\/\/api.w.org\/{rel}","templated":true}]}}