{"id":1594,"date":"2024-07-10T08:40:40","date_gmt":"2024-07-10T08:40:40","guid":{"rendered":"https:\/\/kidicalmass.adfc-wiesbaden.de\/?p=1594"},"modified":"2026-04-24T19:34:57","modified_gmt":"2026-04-24T17:34:57","slug":"bei-der-kidical-mass-gehoert-die-strasse-den-kindern","status":"publish","type":"post","link":"https:\/\/www.adfc-wiesbaden.de\/fr\/2024\/07\/politik-verkehr\/bei-der-kidical-mass-gehoert-die-strasse-den-kindern\/","title":{"rendered":"\u00c0 la Kidical Mass, la rue appartient aux enfants"},"content":{"rendered":"<!--themify_builder_content-->\n<div id=\"themify_builder_content-1594\" data-postid=\"1594\" class=\"themify_builder_content themify_builder_content-1594 themify_builder tf_clear\">\n                    <div  data-lazy=\"1\" class=\"module_row themify_builder_row tb_xb6h122 tb_first tf_w\">\n                        <div class=\"row_inner col_align_top tb_col_count_1 tf_box tf_rel\">\n                        <div  data-lazy=\"1\" class=\"module_column tb-column col-full tb_5n3x123 first\">\n                    <!-- module image -->\n<div  class=\"module module-image tb_9cvf446 image-top   tf_mw tb_gs2677162d\" data-lazy=\"1\">\n        <div class=\"image-wrap tf_rel tf_mw\">\n            <img loading=\"lazy\" decoding=\"async\" width=\"2560\" height=\"1707\" src=\"https:\/\/www.adfc-wiesbaden.de\/wp-content\/uploads\/2025\/02\/KidicalMass2021-scaled.jpg\" class=\"wp-post-image wp-image-70289\" title=\"Kidical Mass\" alt=\"Kidical Mass\" srcset=\"https:\/\/www.adfc-wiesbaden.de\/wp-content\/uploads\/2025\/02\/KidicalMass2021-scaled.jpg 2560w, https:\/\/www.adfc-wiesbaden.de\/wp-content\/uploads\/2025\/02\/KidicalMass2021-700x467.jpg 700w, https:\/\/www.adfc-wiesbaden.de\/wp-content\/uploads\/2025\/02\/KidicalMass2021-1400x933.jpg 1400w, https:\/\/www.adfc-wiesbaden.de\/wp-content\/uploads\/2025\/02\/KidicalMass2021-200x133.jpg 200w, https:\/\/www.adfc-wiesbaden.de\/wp-content\/uploads\/2025\/02\/KidicalMass2021-768x512.jpg 768w, https:\/\/www.adfc-wiesbaden.de\/wp-content\/uploads\/2025\/02\/KidicalMass2021-1536x1024.jpg 1536w, https:\/\/www.adfc-wiesbaden.de\/wp-content\/uploads\/2025\/02\/KidicalMass2021-2048x1366.jpg 2048w\" sizes=\"auto, (max-width: 2560px) 100vw, 2560px\" \/>    \n        <\/div>\n    <!-- \/image-wrap -->\n    \n        <div class=\"image-content\">\n                    <h3 class=\"image-title\">\n                                    Kidical Mass                            <\/h3>\n                    <\/div>\n    <!-- \/image-content -->\n        <\/div>\n<!-- \/module image --><!-- module text -->\n<div  class=\"module module-text tb_ddld202    tb_gs678604\" data-lazy=\"1\">\n        <div  class=\"tb_text_wrap\">\n        <h1>\u00c0 la Kidical Mass, la rue appartient aux enfants<\/h1><p><span style=\"color: #000000;\"><span style=\"font-family: Helvetica, serif;\">\u00c0 la Kidical Mass Wiesbaden, la rue appartient aux enfants. Faire du v\u00e9lo comme il se doit et comme il est amusant, sans danger pour la circulation automobile et en grande partie sans le bruit des moteurs \u00e0 combustion interne. Un point fort de la Kidical Mass: On peut m\u00eame rouler en rouge!<\/span><\/span><\/p><p><span style=\"color: #000000;\"><span style=\"font-family: Helvetica, serif;\">Trois fois par an, il organise <a href=\"https:\/\/www.adfc-wiesbaden.de\/fr\/\">ADFC<\/a> la Kidical Mass \u00e0 Wiesbaden, et tous ceux qui p\u00e9dalent, petits ou grands, profitent du cyclisme d\u00e9tendu. Dimanche 7 <!-- Hier ein umbruchgesch\u00fctztes Leerzeichen (&nbsp;) -->Juillet a eu lieu la deuxi\u00e8me Kidical Mass de l'ann\u00e9e <!-- Hier ein umbruchgesch\u00fctztes Leerzeichen -->2024. La police a s\u00e9curis\u00e9 la piste, les chauss\u00e9es et les carrefours \u00e9taient sans voiture et nous avons pu p\u00e9daler en toute s\u00e9curit\u00e9 et d\u00e9tendu dans le centre-ville par le meilleur temps. Du terrain de Dern\u2019 \u00e0 environ six kilom\u00e8tres \u00e0 une vitesse mod\u00e9r\u00e9e en passant par les routes du Rhin et de la Wilhelmstra\u00dfe jusqu\u2019\u00e0 <\/span><\/span><span style=\"color: #000000;\"><span style=\"font-family: Helvetica, serif;\">Parc thermal<\/span><\/span><span style=\"color: #000000;\"><span style=\"font-family: Helvetica, serif;\">, qui invitait \u00e0 s\u2019attarder, \u00e0 bavarder et \u00e0 jouer. Un camion de glaces fournissait des rafra\u00eechissements. Le corso \u00e9tait une fois de plus merveilleusement diversifi\u00e9: Des conducteurs \u00e2g\u00e9s et jeunes, des roues, de nombreux v\u00e9los color\u00e9s pour enfants, des v\u00e9los cargo, des v\u00e9los lifestyle et m\u00eame un monocycle \u00e9taient en route. De partout dans le Korso, pendant le trajet, on entendait des conversations sur l'accueil qu'il y aurait \u00e0 faire du v\u00e9lo en ville de la mani\u00e8re la plus insouciante possible. S'il y avait un r\u00e9seau de pistes cyclables prot\u00e9g\u00e9es, si les routes n'\u00e9taient pas aussi bruyantes. Le nombre de participants \u00e0 la Kidical Mass ne cesse de le montrer: Les gens veulent plus de v\u00e9lo. Et ce sont justement les enfants qui m\u00e9ritent d'\u00eatre autoris\u00e9s \u00e0 faire l'exp\u00e9rience d'une mobilit\u00e9 autonome en ville, en toute s\u00e9curit\u00e9 et sans contrainte. <\/span><\/span><\/p><p><span style=\"color: #000000;\"><span style=\"font-family: Helvetica, serif;\">L'ADFC continue de s'engager de mani\u00e8re cons\u00e9quente pour des pistes cyclables s\u00fbres et de qualit\u00e9. Montrez votre soutien, faites du v\u00e9lo. La prochaine Kidical Mass est \u00e0 <a href=\"https:\/\/www.adfc-wiesbaden.de\/fr\/22-september-2024\/\">22. <!-- Hier ein umbruchgesch\u00fctztes Leerzeichen -->septembre<!-- Wenn es die Webseite zur Kidical Mass am 22.9. schon gibt und sie mit Inhalten gef\u00fcllt ist, kann man die hier verlinken.  --><\/a>.<\/span><\/span><\/p>    <\/div>\n<\/div>\n<!-- \/module text -->        <\/div>\n                        <\/div>\n        <\/div>\n        <\/div>\n<!--\/themify_builder_content-->\n\n\n<p><\/p>","protected":false},"excerpt":{"rendered":"","protected":false},"author":65,"featured_media":1598,"comment_status":"closed","ping_status":"closed","sticky":false,"template":"Nachrichten-Seite.php","format":"standard","meta":{"footnotes":""},"categories":[932,123],"tags":[516,927,772],"class_list":["post-1594","post","type-post","status-publish","format-standard","has-post-thumbnail","hentry","category-kidical-mass","category-politik-verkehr","tag-kidical-mass","tag-sommer","tag-wiesbaden","has-post-title","has-post-date","has-post-category","has-post-tag","has-post-comment","has-post-author",""],"builder_content":"<img src=\"https:\/\/www.adfc-wiesbaden.de\/wp-content\/uploads\/2025\/02\/KidicalMass2021-scaled.jpg\" title=\"Kidical Mass\" alt=\"Kidical Mass\" srcset=\"https:\/\/www.adfc-wiesbaden.de\/wp-content\/uploads\/2025\/02\/KidicalMass2021-scaled.jpg 2560w, https:\/\/www.adfc-wiesbaden.de\/wp-content\/uploads\/2025\/02\/KidicalMass2021-700x467.jpg 700w, https:\/\/www.adfc-wiesbaden.de\/wp-content\/uploads\/2025\/02\/KidicalMass2021-1400x933.jpg 1400w, https:\/\/www.adfc-wiesbaden.de\/wp-content\/uploads\/2025\/02\/KidicalMass2021-200x133.jpg 200w, https:\/\/www.adfc-wiesbaden.de\/wp-content\/uploads\/2025\/02\/KidicalMass2021-768x512.jpg 768w, https:\/\/www.adfc-wiesbaden.de\/wp-content\/uploads\/2025\/02\/KidicalMass2021-1536x1024.jpg 1536w, https:\/\/www.adfc-wiesbaden.de\/wp-content\/uploads\/2025\/02\/KidicalMass2021-2048x1366.jpg 2048w\" sizes=\"(max-width: 2560px) 100vw, 2560px\" \/> <h3> Kidical Mass <\/h3>\n<h1>Bei der Kidical Mass geh\u00f6rt die Stra\u00dfe den Kindern<\/h1><p>Bei der Kidical Mass Wiesbaden geh\u00f6rt die Stra\u00dfe den Kindern. Radfahren, wie es sein soll und wie es Spa\u00df macht, ohne Gef\u00e4hrdung durch den Autoverkehr und weitgehend ohne den L\u00e4rm der Verbrennermotoren. Ein besonderes Highlight bei der Kidical Mass: Man darf sogar bei Rot fahren!<\/p><p>Dreimal im Jahr organisiert der <a href=\"http:\/\/adfc-wiesbaden.de\">ADFC<\/a> die Kidical Mass in Wiesbaden, und alle, die mitradeln, ob klein, ob gro\u00df, genie\u00dfen das entspannte Radfahren. Am Sonntag den 7. Juli fand die zweite Kidical Mass des Jahres 2024 statt. Die Polizei sicherte die Strecke ab, die Fahrbahnen und Kreuzungen waren autofrei und wir konnten bei feinstem Wetter sicher und entspannt durch die Innenstadt radeln. Vom Dern\u2019schen Gel\u00e4nde etwa sechs Kilometer in sachtem Tempo \u00fcber die Rhein- und Wilhelmstra\u00dfe zum Kurpark, der zum Verweilen, Plaudern und Spielen einlud. Ein Eiswagen sorgte f\u00fcr Erfrischung. Der Korso war wieder einmal wunderbar vielf\u00e4ltig: Alte und junge Fahrerinnen und Fahrer, Laufr\u00e4der, jede Menge farbenfrohe Kinderfahrr\u00e4der, Lastenr\u00e4der, Lifestyler\u00e4der und sogar ein Einrad waren unterwegs. Von \u00fcberall aus dem Korso h\u00f6rte man w\u00e4hrend der Fahrt Gespr\u00e4che dar\u00fcber, wie einladend es w\u00e4re, wenn Radfahren in der Stadt immer so unbeschwert m\u00f6glich w\u00e4re. Wenn es ein gesch\u00fctztes Radwegenetz g\u00e4be, wenn die Stra\u00dfen nicht so laut w\u00e4ren. Die Teilnehmerzahlen bei der Kidical Mass zeigen es immer wieder: Die Menschen wollen mehr Radfahren. Und gerade die Kinder haben es verdient, sicher und unbedr\u00e4ngt eigenst\u00e4ndige Mobilit\u00e4t in der Stadt erleben zu d\u00fcrfen. <\/p><p>Der ADFC setzt sich weiter und konsequent f\u00fcr gute und sichere Radwege ein. Zeigt eure Unterst\u00fctzung, radelt mit. Die n\u00e4chste Kidical Mass ist am <a href=\"https:\/\/www.adfc-wiesbaden.de\/22-september-2024\/\">22. September<\/a>.<\/p>","_links":{"self":[{"href":"https:\/\/www.adfc-wiesbaden.de\/fr\/wp-json\/wp\/v2\/posts\/1594","targetHints":{"allow":["GET"]}}],"collection":[{"href":"https:\/\/www.adfc-wiesbaden.de\/fr\/wp-json\/wp\/v2\/posts"}],"about":[{"href":"https:\/\/www.adfc-wiesbaden.de\/fr\/wp-json\/wp\/v2\/types\/post"}],"author":[{"embeddable":true,"href":"https:\/\/www.adfc-wiesbaden.de\/fr\/wp-json\/wp\/v2\/users\/65"}],"replies":[{"embeddable":true,"href":"https:\/\/www.adfc-wiesbaden.de\/fr\/wp-json\/wp\/v2\/comments?post=1594"}],"version-history":[{"count":12,"href":"https:\/\/www.adfc-wiesbaden.de\/fr\/wp-json\/wp\/v2\/posts\/1594\/revisions"}],"predecessor-version":[{"id":76318,"href":"https:\/\/www.adfc-wiesbaden.de\/fr\/wp-json\/wp\/v2\/posts\/1594\/revisions\/76318"}],"wp:featuredmedia":[{"embeddable":true,"href":"https:\/\/www.adfc-wiesbaden.de\/fr\/wp-json\/wp\/v2\/media\/1598"}],"wp:attachment":[{"href":"https:\/\/www.adfc-wiesbaden.de\/fr\/wp-json\/wp\/v2\/media?parent=1594"}],"wp:term":[{"taxonomy":"category","embeddable":true,"href":"https:\/\/www.adfc-wiesbaden.de\/fr\/wp-json\/wp\/v2\/categories?post=1594"},{"taxonomy":"post_tag","embeddable":true,"href":"https:\/\/www.adfc-wiesbaden.de\/fr\/wp-json\/wp\/v2\/tags?post=1594"}],"curies":[{"name":"wp","href":"https:\/\/api.w.org\/{rel}","templated":true}]}}