{"id":1636,"date":"2024-10-01T11:24:45","date_gmt":"2024-10-01T11:24:45","guid":{"rendered":"https:\/\/kidicalmass.adfc-wiesbaden.de\/?p=1636"},"modified":"2026-04-24T19:25:24","modified_gmt":"2026-04-24T17:25:24","slug":"wir-fordern-selbstverstaendliches","status":"publish","type":"post","link":"https:\/\/www.adfc-wiesbaden.de\/fr\/2024\/10\/politik-verkehr\/wir-fordern-selbstverstaendliches\/","title":{"rendered":"Nous exigeons des \u00e9vidences"},"content":{"rendered":"<!--themify_builder_content-->\n<div id=\"themify_builder_content-1636\" data-postid=\"1636\" class=\"themify_builder_content themify_builder_content-1636 themify_builder tf_clear\">\n                    <div  data-lazy=\"1\" class=\"module_row themify_builder_row tb_jqo3931 tb_first tf_w\">\n                        <div class=\"row_inner col_align_top tb_col_count_1 tf_box tf_rel\">\n                        <div  data-lazy=\"1\" class=\"module_column tb-column col-full tb_wsxz931 first\">\n                    <!-- module image -->\n<div  class=\"module module-image tb_yaks560 image-top   tf_mw tb_gs2677162d\" data-lazy=\"1\">\n        <div class=\"image-wrap tf_rel tf_mw\">\n            <img loading=\"lazy\" decoding=\"async\" width=\"2048\" height=\"1366\" src=\"https:\/\/www.adfc-wiesbaden.de\/wp-content\/uploads\/2024\/10\/KM-Wiesbaden-2409-Schiersteiner-Strasse.jpeg\" class=\"wp-post-image wp-image-1633\" title=\"Kidical Mass Wiesbaden en septembre 2024 sur la Schiersteiner Stra\u00dfe\" alt=\"Kidical Mass Wiesbaden en septembre 2024 sur la Schiersteiner Stra\u00dfe\" srcset=\"https:\/\/www.adfc-wiesbaden.de\/wp-content\/uploads\/2024\/10\/KM-Wiesbaden-2409-Schiersteiner-Strasse.jpeg 2048w, https:\/\/www.adfc-wiesbaden.de\/wp-content\/uploads\/2024\/10\/KM-Wiesbaden-2409-Schiersteiner-Strasse-700x467.jpeg 700w, https:\/\/www.adfc-wiesbaden.de\/wp-content\/uploads\/2024\/10\/KM-Wiesbaden-2409-Schiersteiner-Strasse-1400x934.jpeg 1400w, https:\/\/www.adfc-wiesbaden.de\/wp-content\/uploads\/2024\/10\/KM-Wiesbaden-2409-Schiersteiner-Strasse-200x133.jpeg 200w, https:\/\/www.adfc-wiesbaden.de\/wp-content\/uploads\/2024\/10\/KM-Wiesbaden-2409-Schiersteiner-Strasse-768x512.jpeg 768w, https:\/\/www.adfc-wiesbaden.de\/wp-content\/uploads\/2024\/10\/KM-Wiesbaden-2409-Schiersteiner-Strasse-1536x1025.jpeg 1536w\" sizes=\"auto, (max-width: 2048px) 100vw, 2048px\" \/>    \n        <\/div>\n    <!-- \/image-wrap -->\n    \n        <div class=\"image-content\">\n                    <h3 class=\"image-title\">\n                                    Kidical Mass Wiesbaden en septembre 2024 sur la Schiersteiner Stra\u00dfe                            <\/h3>\n                    <\/div>\n    <!-- \/image-content -->\n        <\/div>\n<!-- \/module image --><!-- module text -->\n<div  class=\"module module-text tb_lsam988    tb_gs678604\" data-lazy=\"1\">\n        <div  class=\"tb_text_wrap\">\n        <h1>Nous exigeons des \u00e9vidences<\/h1><p>Le 22 septembre, dans le cadre de la Kidical Mass, des centaines d'enfants et d'adultes ont \u00e0 nouveau p\u00e9dal\u00e9 \u00e0 travers Wiesbaden et r\u00e9clam\u00e9 une infrastructure cyclable s\u00fbre pour les enfants. Il a parcouru six kilom\u00e8tres sans voiture \u00e0 travers la ville d\u00e9tendue. Magnifique point culminant: Sur la Schiersteiner Stra\u00dfe, l'ADFC distribuait du craie de rue, et aucun enfant n'avait besoin d'\u00eatre interrog\u00e9: Ruck, zuck, la chauss\u00e9e \u00e9tait peinte et d\u00e9crite de mani\u00e8re color\u00e9e, avec des v\u00e9los, des c\u0153urs et des personnages fantastiques de toutes sortes. Et avec des appels pour que la route appartienne enfin aux enfants.<\/p><p>Ce jour-l\u00e0, la ville a organis\u00e9 une f\u00eate des enfants et de la famille sur le site de Dern \u00e0 l\u2019occasion de la Journ\u00e9e mondiale de l\u2019enfance. C\u2019est ainsi que la Kidical Mass s\u2019est termin\u00e9e cette fois-ci l\u00e0 o\u00f9 elle a commenc\u00e9, c\u2019est-\u00e0-dire sur le site de Dern, o\u00f9 il y avait de la glace et des jeux, mais o\u00f9 des associations, des institutions et des initiatives ont \u00e9galement pr\u00e9sent\u00e9 leur travail et leurs offres pour les enfants.<\/p><p>Cette Kidical Mass a attir\u00e9 l'attention sur quelques affiches color\u00e9es que les enfants avaient peintes et appos\u00e9es sur leurs v\u00e9los ou sur ceux de leurs parents. L'une des affiches r\u00e9clamait simplement en grandes lettres color\u00e9es <em>Des pistes cyclables s\u00fbres pour les enfants.<\/em> Et l'on se demande comment nous avons pu arriver au point o\u00f9 nous devons r\u00e9clamer une telle \u00e9vidence encore et encore, \u00e0 haute voix et contre des r\u00e9sistances.<\/p><p>Et nous continuerons \u00e0 l'exiger \u00e0 l'avenir. Les enfants, et probablement les parents, attendent avec impatience l\u2019ann\u00e9e prochaine, lorsqu\u2019ils pourront \u00e0 nouveau \u00abconduire avec le rouge\u00bb et qu\u2019il sera \u00e0 nouveau dit:<\/p><p><strong>La rue est \u00e0 nous!<\/strong><\/p>    <\/div>\n<\/div>\n<!-- \/module text -->        <\/div>\n                        <\/div>\n        <\/div>\n        <\/div>\n<!--\/themify_builder_content-->\n\n\n<p><\/p>","protected":false},"excerpt":{"rendered":"<p>Le 22 septembre, dans le cadre de la Kidical Mass, des centaines d'enfants et d'adultes ont \u00e0 nouveau p\u00e9dal\u00e9 \u00e0 travers Wiesbaden et r\u00e9clam\u00e9 une infrastructure cyclable s\u00fbre pour les enfants. Il a parcouru six kilom\u00e8tres sans voiture \u00e0 travers la ville d\u00e9tendue. Magnifique point culminant: Sur la Schiersteiner Stra\u00dfe, l'ADFC distribuait du craie de rue, et aucun enfant n'avait besoin d'\u00eatre interrog\u00e9: Ruck, zuck, la chauss\u00e9e \u00e9tait peinte et d\u00e9crite de mani\u00e8re color\u00e9e, avec des v\u00e9los, des c\u0153urs et des personnages fantastiques de toutes sortes. Et avec des appels pour que la route appartienne enfin aux enfants.<\/p>","protected":false},"author":65,"featured_media":76293,"comment_status":"closed","ping_status":"closed","sticky":false,"template":"Nachrichten-Seite.php","format":"standard","meta":{"footnotes":""},"categories":[932,123],"tags":[157,516,807],"class_list":["post-1636","post","type-post","status-publish","format-standard","has-post-thumbnail","hentry","category-kidical-mass","category-politik-verkehr","tag-fahrraddemo","tag-kidical-mass","tag-veranstaltung","has-post-title","has-post-date","has-post-category","has-post-tag","has-post-comment","has-post-author",""],"builder_content":"<img src=\"https:\/\/www.adfc-wiesbaden.de\/wp-content\/uploads\/2024\/10\/KM-Wiesbaden-2409-Schiersteiner-Strasse.jpeg\" title=\"Kidical Mass Wiesbaden im September 2024 auf der Schiersteiner Stra\u00dfe\" alt=\"Kidical Mass Wiesbaden im September 2024 auf der Schiersteiner Stra\u00dfe\" srcset=\"https:\/\/www.adfc-wiesbaden.de\/wp-content\/uploads\/2024\/10\/KM-Wiesbaden-2409-Schiersteiner-Strasse.jpeg 2048w, https:\/\/www.adfc-wiesbaden.de\/wp-content\/uploads\/2024\/10\/KM-Wiesbaden-2409-Schiersteiner-Strasse-700x467.jpeg 700w, https:\/\/www.adfc-wiesbaden.de\/wp-content\/uploads\/2024\/10\/KM-Wiesbaden-2409-Schiersteiner-Strasse-1400x934.jpeg 1400w, https:\/\/www.adfc-wiesbaden.de\/wp-content\/uploads\/2024\/10\/KM-Wiesbaden-2409-Schiersteiner-Strasse-200x133.jpeg 200w, https:\/\/www.adfc-wiesbaden.de\/wp-content\/uploads\/2024\/10\/KM-Wiesbaden-2409-Schiersteiner-Strasse-768x512.jpeg 768w, https:\/\/www.adfc-wiesbaden.de\/wp-content\/uploads\/2024\/10\/KM-Wiesbaden-2409-Schiersteiner-Strasse-1536x1025.jpeg 1536w\" sizes=\"(max-width: 2048px) 100vw, 2048px\" \/> <h3> Kidical Mass Wiesbaden im September 2024 auf der Schiersteiner Stra\u00dfe <\/h3>\n<h1>Wir fordern Selbstverst\u00e4ndliches<\/h1><p>Am 22. September radelten im Rahmen der Kidical Mass wieder hunderte Kinder und Erwachsene durch Wiesbaden und forderten eine sichere Radinfrastruktur f\u00fcr Kinder. Es ging auf sechs autofreien Kilometern entspannt durch die Stadt. Wunderbares Highlight: Auf der Schiersteiner Stra\u00dfe verteilte der ADFC Stra\u00dfenkreide, und kein Kind musste erst gefragt werden: Ruck, zuck, war die Fahrbahn kunterbunt bemalt und beschrieben, mit Fahrr\u00e4dern, mit Herzen und mit fantastischen Figuren aller Art. Und mit Appellen, dass die Stra\u00dfe endlich auch den Kindern geh\u00f6ren soll.<\/p><p>An diesem Tag richtete die Stadt auf dem Dern\u2019schen Gel\u00e4nde anl\u00e4sslich des Weltkindertages ein Kinder- und Familienfest aus. Und so endete die Kidical Mass dieses Mal dort, wo sie anfing, n\u00e4mlich auf dem Dern\u2019schen Gel\u00e4nde, wo es Eis und Spiele gab, wo aber auch Vereine, Einrichtungen und Initiativen ihre Arbeit und ihre Angebote f\u00fcr Kinder pr\u00e4sentierten.<\/p><p>Die Aufmerksamkeit auf sich zogen bei dieser Kidical Mass einige bunte Plakate, die Kinder gemalt und an ihren Fahrr\u00e4dern oder an denen ihrer Eltern angebracht hatten. Eines der Plakate forderte in gro\u00dfen bunten Buchstaben schlicht <em>Sichere Radwege f\u00fcr Kinder.<\/em> Und man fragt sich, wie wir eigentlich an den Punkt kommen konnten, dass wir eine solche Selbstverst\u00e4ndlichkeit wieder und immer wieder, laut und gegen Widerst\u00e4nde einfordern m\u00fcssen.<\/p><p>Und wir fordern es auch in Zukunft weiter ein. Die Kinder, und wohl auch die Eltern, freuen sich schon auf das n\u00e4chste Jahr, wenn sie wieder \u201ebei Rot fahren d\u00fcrfen\u201c und wenn es wieder hei\u00dft:<\/p><p><strong>Die Stra\u00dfe geh\u00f6rt uns!<\/strong><\/p>","_links":{"self":[{"href":"https:\/\/www.adfc-wiesbaden.de\/fr\/wp-json\/wp\/v2\/posts\/1636","targetHints":{"allow":["GET"]}}],"collection":[{"href":"https:\/\/www.adfc-wiesbaden.de\/fr\/wp-json\/wp\/v2\/posts"}],"about":[{"href":"https:\/\/www.adfc-wiesbaden.de\/fr\/wp-json\/wp\/v2\/types\/post"}],"author":[{"embeddable":true,"href":"https:\/\/www.adfc-wiesbaden.de\/fr\/wp-json\/wp\/v2\/users\/65"}],"replies":[{"embeddable":true,"href":"https:\/\/www.adfc-wiesbaden.de\/fr\/wp-json\/wp\/v2\/comments?post=1636"}],"version-history":[{"count":6,"href":"https:\/\/www.adfc-wiesbaden.de\/fr\/wp-json\/wp\/v2\/posts\/1636\/revisions"}],"predecessor-version":[{"id":76294,"href":"https:\/\/www.adfc-wiesbaden.de\/fr\/wp-json\/wp\/v2\/posts\/1636\/revisions\/76294"}],"wp:featuredmedia":[{"embeddable":true,"href":"https:\/\/www.adfc-wiesbaden.de\/fr\/wp-json\/wp\/v2\/media\/76293"}],"wp:attachment":[{"href":"https:\/\/www.adfc-wiesbaden.de\/fr\/wp-json\/wp\/v2\/media?parent=1636"}],"wp:term":[{"taxonomy":"category","embeddable":true,"href":"https:\/\/www.adfc-wiesbaden.de\/fr\/wp-json\/wp\/v2\/categories?post=1636"},{"taxonomy":"post_tag","embeddable":true,"href":"https:\/\/www.adfc-wiesbaden.de\/fr\/wp-json\/wp\/v2\/tags?post=1636"}],"curies":[{"name":"wp","href":"https:\/\/api.w.org\/{rel}","templated":true}]}}