{"id":30,"date":"2022-01-05T21:13:03","date_gmt":"2022-01-05T21:13:03","guid":{"rendered":"https:\/\/kidicalmass.adfc-wiesbaden.de\/?p=30"},"modified":"2026-04-24T19:59:47","modified_gmt":"2026-04-24T17:59:47","slug":"2022-03-20","status":"publish","type":"post","link":"https:\/\/www.adfc-wiesbaden.de\/fr\/2022\/01\/kidical-mass\/2022-03-20\/","title":{"rendered":"Kidical Mass 20 mars 2022"},"content":{"rendered":"<h2 class=\"wp-block-heading\">Kidical Mass 20 mars 2022<\/h2>\n\n\n\n<p>Dimanche, nous vous invitons pour la cinqui\u00e8me fois au corso v\u00e9lo sp\u00e9cialement con\u00e7u pour les enfants, la Kidical Mass.<br>Avec elle, nous manifestons pour un Wiesbaden adapt\u00e9 aux enfants et aux cyclistes. L'exp\u00e9rience des derni\u00e8res d\u00e9monstrations montre que les enfants aiment enfin faire du v\u00e9lo dans la ville sans \u00eatre mis en danger par les voitures.<br>La Kidical Mass est con\u00e7ue pour les enfants. Nous roulons \u00e0 un rythme lent autour de 9 km\/h et veillons \u00e0 ce que tout le monde vienne avec nous. Les enfants sont \u00e9galement les bienvenus sur le si\u00e8ge enfant, dans le v\u00e9lo cargo ou dans la remorque \u00e0 v\u00e9lo.<\/p>\n\n\n\n<p>Nous nous terminons dans l'espace vert D\u00fcrerpark pr\u00e8s de l'aire de jeux Walkm\u00fchlenanlage.<\/p>\n\n\n<!-- wp:themify-builder\/canvas \/-->","protected":false},"excerpt":{"rendered":"<p>Dimanche, nous vous invitons pour la cinqui\u00e8me fois au corso v\u00e9lo sp\u00e9cialement con\u00e7u pour les enfants, la Kidical Mass.<br \/>\nAvec elle, nous manifestons pour un Wiesbaden adapt\u00e9 aux enfants et aux cyclistes. L'exp\u00e9rience des derni\u00e8res d\u00e9monstrations montre que les enfants aiment enfin faire du v\u00e9lo dans la ville sans \u00eatre mis en danger par les voitures.<br \/>\nLa Kidical Mass est con\u00e7ue pour les enfants. Nous roulons \u00e0 un rythme lent autour de 9 km\/h et veillons \u00e0 ce que tout le monde vienne avec nous. Les enfants sont \u00e9galement les bienvenus sur le si\u00e8ge enfant, dans le v\u00e9lo cargo ou dans la remorque \u00e0 v\u00e9lo.<\/p>","protected":false},"author":52,"featured_media":1176,"comment_status":"closed","ping_status":"closed","sticky":false,"template":"Nachrichten-Seite.php","format":"standard","meta":{"footnotes":""},"categories":[932],"tags":[925,516],"class_list":["post-30","post","type-post","status-publish","format-standard","has-post-thumbnail","hentry","category-kidical-mass","tag-fruehling","tag-kidical-mass","has-post-title","has-post-date","has-post-category","has-post-tag","has-post-comment","has-post-author",""],"builder_content":"","_links":{"self":[{"href":"https:\/\/www.adfc-wiesbaden.de\/fr\/wp-json\/wp\/v2\/posts\/30","targetHints":{"allow":["GET"]}}],"collection":[{"href":"https:\/\/www.adfc-wiesbaden.de\/fr\/wp-json\/wp\/v2\/posts"}],"about":[{"href":"https:\/\/www.adfc-wiesbaden.de\/fr\/wp-json\/wp\/v2\/types\/post"}],"author":[{"embeddable":true,"href":"https:\/\/www.adfc-wiesbaden.de\/fr\/wp-json\/wp\/v2\/users\/52"}],"replies":[{"embeddable":true,"href":"https:\/\/www.adfc-wiesbaden.de\/fr\/wp-json\/wp\/v2\/comments?post=30"}],"version-history":[{"count":5,"href":"https:\/\/www.adfc-wiesbaden.de\/fr\/wp-json\/wp\/v2\/posts\/30\/revisions"}],"predecessor-version":[{"id":76352,"href":"https:\/\/www.adfc-wiesbaden.de\/fr\/wp-json\/wp\/v2\/posts\/30\/revisions\/76352"}],"wp:featuredmedia":[{"embeddable":true,"href":"https:\/\/www.adfc-wiesbaden.de\/fr\/wp-json\/wp\/v2\/media\/1176"}],"wp:attachment":[{"href":"https:\/\/www.adfc-wiesbaden.de\/fr\/wp-json\/wp\/v2\/media?parent=30"}],"wp:term":[{"taxonomy":"category","embeddable":true,"href":"https:\/\/www.adfc-wiesbaden.de\/fr\/wp-json\/wp\/v2\/categories?post=30"},{"taxonomy":"post_tag","embeddable":true,"href":"https:\/\/www.adfc-wiesbaden.de\/fr\/wp-json\/wp\/v2\/tags?post=30"}],"curies":[{"name":"wp","href":"https:\/\/api.w.org\/{rel}","templated":true}]}}