{"id":32,"date":"2022-01-06T21:13:23","date_gmt":"2022-01-06T21:13:23","guid":{"rendered":"https:\/\/kidicalmass.adfc-wiesbaden.de\/?p=32"},"modified":"2026-04-24T19:58:34","modified_gmt":"2026-04-24T17:58:34","slug":"2022-05-15","status":"publish","type":"post","link":"https:\/\/www.adfc-wiesbaden.de\/fr\/2022\/01\/kidical-mass\/2022-05-15\/","title":{"rendered":"Kidical Mass 15 mai 2022"},"content":{"rendered":"<p><\/p>\n\n\n<\/p>\n<h3>ADFC Kidical Mass appartient \u00e0 la rue<\/h3>\n<p>Le dimanche 15 mai 2022, le <a href=\"https:\/\/www.adfc-wiesbaden.de\/fr\/Startseite\/\">ADFC Wiesbaden<\/a> la deuxi\u00e8me Kidical Mass Wiesbaden 2022. Celle-ci se d\u00e9roule dans le cadre du week-end mondial de Kidical Mass. Le point de rendez-vous est \u00e0 15h00 sur le site de Dernsche. Avec le v\u00e9lo pour enfants Korso, les plus jeunes usagers de la route et leurs parents peuvent faire du v\u00e9lo confortablement et en toute s\u00e9curit\u00e9 dans les rues de Wiesbaden pendant environ une heure. L'objectif est l'aire de jeux Homburger Stra\u00dfe.<br \/>Nous roulons \u00e0 un rythme lent autour de 9 km\/h et veillons \u00e0 ce que tout le monde vienne avec nous. Les enfants sont \u00e9galement les bienvenus sur le si\u00e8ge enfant, dans le v\u00e9lo cargo ou dans la remorque \u00e0 v\u00e9lo.<\/p>\n<p>\n\n\n<p><\/p>\n<p><\/p>\n\n\n<\/p>\n<h4>Prochain tampon s\u00e9curis\u00e9<\/h4>\n<p style=\"margin-bottom: 1.5em;\">Participer 3 fois \u00e0 la Kidical Mass et recevoir une surprise, c'est de cela qu'il s'agit dans notre <a href=\"https:\/\/www.adfc-wiesbaden.de\/fr\/3-x-kidical-mass-1-ueberraschung\/\">Action de cachet<\/a>.\u00a0 Apportez donc vos flyers tamponn\u00e9s de la premi\u00e8re Kidical Mass 2022 et obtenez le prochain tampon.<\/p>\n<h4>Week-end d'action \u00e0 l'\u00e9chelle nationale<\/h4>\n<p style=\"margin-bottom: 1.5em;\">Ce week-end, des Kidical Masses sont organis\u00e9es dans environ 180 villes d'Allemagne. Des dizaines de milliers d'enfants, de jeunes et de familles voyageront \u00e0 v\u00e9lo. Ils r\u00e9clament une r\u00e9forme du code de la route. La vuln\u00e9rabilit\u00e9 des enfants doit s'y retrouver.<br \/>Maintenant, le <a href=\"https:\/\/weact.campact.de\/petitions\/uns-gehort-die-strasse-wir-brauchen-ein-kinderfreundliches-strassenverkehrsrecht\">La p\u00e9tition en ligne<\/a> dessiner.<\/p>\n<p>\n\n\n<p><\/p>\n<p>P.S. : Notre \u00e9dition d'\u00e9t\u00e9 commence une semaine avant <a href=\"https:\/\/www.wiesbaden.de\/leben-in-wiesbaden\/verkehr\/fahrrad\/stadtradeln.php\">Cano\u00eb-kayak de Wiesbaden 2022<\/a>.<\/p>\n\n<!-- wp:themify-builder\/canvas \/-->","protected":false},"excerpt":{"rendered":"<p>Le dimanche 15 mai 2022, l\u2019ADFC Wiesbaden organisera la deuxi\u00e8me \u00e9dition de la Kidical Mass Wiesbaden 2022. Le point de rendez-vous est \u00e0 15h00 sur le site de Dern\u2019sche.<\/p>","protected":false},"author":52,"featured_media":1255,"comment_status":"closed","ping_status":"closed","sticky":false,"template":"Nachrichten-Seite.php","format":"standard","meta":{"footnotes":""},"categories":[932],"tags":[516,927,772],"class_list":["post-32","post","type-post","status-publish","format-standard","has-post-thumbnail","hentry","category-kidical-mass","tag-kidical-mass","tag-sommer","tag-wiesbaden","has-post-title","has-post-date","has-post-category","has-post-tag","has-post-comment","has-post-author",""],"builder_content":"","_links":{"self":[{"href":"https:\/\/www.adfc-wiesbaden.de\/fr\/wp-json\/wp\/v2\/posts\/32","targetHints":{"allow":["GET"]}}],"collection":[{"href":"https:\/\/www.adfc-wiesbaden.de\/fr\/wp-json\/wp\/v2\/posts"}],"about":[{"href":"https:\/\/www.adfc-wiesbaden.de\/fr\/wp-json\/wp\/v2\/types\/post"}],"author":[{"embeddable":true,"href":"https:\/\/www.adfc-wiesbaden.de\/fr\/wp-json\/wp\/v2\/users\/52"}],"replies":[{"embeddable":true,"href":"https:\/\/www.adfc-wiesbaden.de\/fr\/wp-json\/wp\/v2\/comments?post=32"}],"version-history":[{"count":3,"href":"https:\/\/www.adfc-wiesbaden.de\/fr\/wp-json\/wp\/v2\/posts\/32\/revisions"}],"predecessor-version":[{"id":76347,"href":"https:\/\/www.adfc-wiesbaden.de\/fr\/wp-json\/wp\/v2\/posts\/32\/revisions\/76347"}],"wp:featuredmedia":[{"embeddable":true,"href":"https:\/\/www.adfc-wiesbaden.de\/fr\/wp-json\/wp\/v2\/media\/1255"}],"wp:attachment":[{"href":"https:\/\/www.adfc-wiesbaden.de\/fr\/wp-json\/wp\/v2\/media?parent=32"}],"wp:term":[{"taxonomy":"category","embeddable":true,"href":"https:\/\/www.adfc-wiesbaden.de\/fr\/wp-json\/wp\/v2\/categories?post=32"},{"taxonomy":"post_tag","embeddable":true,"href":"https:\/\/www.adfc-wiesbaden.de\/fr\/wp-json\/wp\/v2\/tags?post=32"}],"curies":[{"name":"wp","href":"https:\/\/api.w.org\/{rel}","templated":true}]}}