{"id":39,"date":"2022-01-07T18:54:25","date_gmt":"2022-01-07T18:54:25","guid":{"rendered":"https:\/\/kidicalmass.adfc-wiesbaden.de\/?p=39"},"modified":"2026-04-24T19:57:35","modified_gmt":"2026-04-24T17:57:35","slug":"2022-09-25","status":"publish","type":"post","link":"https:\/\/www.adfc-wiesbaden.de\/fr\/2022\/01\/kidical-mass\/2022-09-25\/","title":{"rendered":"Kidical Mass 25 septembre 2022"},"content":{"rendered":"<h1 class=\"wp-block-heading\" id=\"7.-Kidical-Mass-Wiesbaden\">7. Kidical Mass Wiesbaden<\/h1>\n\n\n\n<ul class=\"wp-block-list\">\n<li><a href=\"https:\/\/www.adfc-wiesbaden.de\/fr\/2022-09-25\/#Preise\">Rembourser les prix des timbres<\/a><\/li>\n\n\n\n<li><a href=\"https:\/\/www.adfc-wiesbaden.de\/fr\/2022-09-25\/#Malaktion\">Action de peinture<\/a><\/li>\n\n\n\n<li><a href=\"https:\/\/www.adfc-wiesbaden.de\/fr\/2022-09-25\/#Schilder\">Bandeaux, pancartes, \u2026<\/a><\/li>\n\n\n\n<li><a href=\"https:\/\/www.adfc-wiesbaden.de\/fr\/2022-09-25\/#Zubringertouren\">Tours d'acheminement<\/a><\/li>\n<\/ul>\n\n\n\n<p>La troisi\u00e8me \u00e9dition de Kidical Mass Wiesbaden 2022 aura lieu le 25 septembre \u00e0 15h00 dans le cadre de l'\u00e9v\u00e9nement mondial <a href=\"https:\/\/kinderaufsrad.org\/\" data-type=\"URL\" data-id=\"https:\/\/kinderaufsrad.org\/\" target=\"_blank\" rel=\"noreferrer noopener\">Week-end de masse Kidical<\/a> au lieu de. Elle d\u00e9bute exceptionnellement sur la place de la Couronne. L'\u00e9dition d'automne orne la f\u00eate de la ville. Le centre-ville attire avec <a href=\"https:\/\/www.wiesbaden.de\/leben-in-wiesbaden\/freizeit\/feste\/verkaufsoffener-sonntag.php\" target=\"_blank\" rel=\"noreferrer noopener\">Dimanche ouvert \u00e0 la vente<\/a>, le march\u00e9 d\u2019automne dans la zone pi\u00e9tonne, la f\u00eate de la ville sur le site de Dern\u2019 et le <a href=\"https:\/\/www.wiesbaden.de\/leben-in-wiesbaden\/freizeit\/feste\/erntedankfest.php\" target=\"_blank\" rel=\"noreferrer noopener\">Thanksgiving<\/a> dans les intestins chauds. Ce dernier est notre conseil pour vous fortifier apr\u00e8s le corso v\u00e9lo pour enfants avec des produits r\u00e9gionaux. <\/p>\n\n\n\n<h2 class=\"wp-block-heading\" id=\"Preise\">Rembourser les prix des timbres<\/h2>\n\n\n\n<p>Participer 3 fois \u00e0 la Kidical Mass et recevoir une surprise, c'est de cela qu'il s'agit dans notre&nbsp;<a href=\"https:\/\/www.adfc-wiesbaden.de\/fr\/3-x-kidical-mass-1-ueberraschung\/\">Action de cachet<\/a>.\u00a0 Apportez donc vos flyers estampill\u00e9s de la premi\u00e8re et de la deuxi\u00e8me Kidical Mass 2022, obtenez le prochain cachet et une petite surprise.<br>Le dernier cachet et les prix sont affich\u00e9s au jaune apr\u00e8s le voyage. <a href=\"https:\/\/www.adfc-wiesbaden.de\/fr\/\" target=\"_blank\" rel=\"noreferrer noopener\">ADFC<\/a>-Roulette avec la bo\u00eete \u00e0 l'avant.<\/p>\n\n\n\n<h2 class=\"wp-block-heading\" id=\"Malaktion\">Action de peinture<\/h2>\n\n\n\n<p>Nous faisons une pause devant le Landesmuseum dans la Friedrich-Ebert-Allee. Nous embellirons l'asphalte de cette route autrement bien fr\u00e9quent\u00e9e avec de la craie. Ainsi, la Kidical Mass reste visible dans les jours qui suivent pour les usagers de la route les plus divers. Il n'y a pas de limites \u00e0 votre cr\u00e9ativit\u00e9. Nous avons de la craie sur place. Pour que vous puissiez peindre plus longtemps et avec votre couleur pr\u00e9f\u00e9r\u00e9e, il est pr\u00e9f\u00e9rable d'apporter votre propre craie.<\/p>\n\n\n\n<h2 class=\"wp-block-heading\" id=\"Schilder\">Bandeaux, pancartes, \u2026<\/h2>\n\n\n\n<p>Pour montrer aux passants de quoi il s'agit, des panneaux, des transparents, etc. sont utiles. Cr\u00e9e-les \u00e0 l'avance, les attache aux roues et transporte ainsi nos intentions. Vous n'avez aucune id\u00e9e pour les panneaux, <a href=\"https:\/\/kinderaufsrad.org\/wp-content\/uploads\/2022\/05\/Demoschilder_KidicalMass_Selbstausdrucken-1.pdf\">ici<\/a> Vous pouvez t\u00e9l\u00e9charger et imprimer des formulaires. Lors du dernier Kids-Fahrtrad-Korso, cette pancarte portait l\u2019inscription \u00abSafe Tempo Down, Dank\u00bb.<\/p>\n\n\n\n<div class=\"wp-block-cover aligncenter\" style=\"min-height:700px;aspect-ratio:unset;\"><img loading=\"lazy\" decoding=\"async\" width=\"700\" height=\"467\" class=\"wp-block-cover__image-background wp-image-69750\" alt=\"Un groupe de cyclistes, dont beaucoup d&#039;enfants.\" src=\"https:\/\/www.adfc-wiesbaden.de\/wp-content\/uploads\/2025\/02\/KidicalMassWiesbaden_6d-700x467.jpg\" data-object-fit=\"cover\" srcset=\"https:\/\/www.adfc-wiesbaden.de\/wp-content\/uploads\/2025\/02\/KidicalMassWiesbaden_6d-700x467.jpg 700w, https:\/\/www.adfc-wiesbaden.de\/wp-content\/uploads\/2025\/02\/KidicalMassWiesbaden_6d-200x133.jpg 200w, https:\/\/www.adfc-wiesbaden.de\/wp-content\/uploads\/2025\/02\/KidicalMassWiesbaden_6d-768x512.jpg 768w, https:\/\/www.adfc-wiesbaden.de\/wp-content\/uploads\/2025\/02\/KidicalMassWiesbaden_6d-300x200.jpg 300w, https:\/\/www.adfc-wiesbaden.de\/wp-content\/uploads\/2025\/02\/KidicalMassWiesbaden_6d.jpg 1024w\" sizes=\"auto, (max-width: 700px) 100vw, 700px\" \/><span aria-hidden=\"true\" class=\"wp-block-cover__background has-background-dim\"><\/span><div class=\"wp-block-cover__inner-container is-layout-flow wp-block-cover-is-layout-flow\">\n<p class=\"has-text-align-center has-large-font-size\"><\/p>\n<\/div><\/div>\n\n\n\n<h2 class=\"wp-block-heading\" id=\"Zubringertouren\">Tours d'acheminement<\/h2>\n\n\n\n<p>Nous essayons d'organiser des tourn\u00e9es de transport en provenance de diff\u00e9rents quartiers. Nous les publierons ici la semaine prochaine. Si vous \u00eates int\u00e9ress\u00e9, n'h\u00e9sitez pas \u00e0 nous \u00e9crire \u00e0: <a href=\"\/fr\/&\/#109;&#x61;&#x69;l&#116;&#x6f;:&#107;&#x69;d&#105;&#x63;a&#108;&#x6d;&#x61;&#115;&#x73;&#x40;a&#100;&#x66;c&#45;&#x77;i&#101;&#x73;&#x62;&#97;&#x64;&#x65;n&#46;&#x64;e\">kidicalmass@adfc-wiesbaden.de<\/a><\/p>\n\n\n<!-- wp:themify-builder\/canvas \/-->","protected":false},"excerpt":{"rendered":"<p>Le dimanche 25 septembre 2022, l\u2019ADFC Wiesbaden organisera la troisi\u00e8me \u00e9dition de la Kidical Mass Wiesbaden 2022. Le point de rendez-vous est \u00e0 15h00 sur la place de la Couronne.<\/p>","protected":false},"author":52,"featured_media":1370,"comment_status":"closed","ping_status":"closed","sticky":false,"template":"Nachrichten-Seite.php","format":"standard","meta":{"footnotes":""},"categories":[932],"tags":[928,516,772],"class_list":["post-39","post","type-post","status-publish","format-standard","has-post-thumbnail","hentry","category-kidical-mass","tag-herbst","tag-kidical-mass","tag-wiesbaden","has-post-title","has-post-date","has-post-category","has-post-tag","has-post-comment","has-post-author",""],"builder_content":"","_links":{"self":[{"href":"https:\/\/www.adfc-wiesbaden.de\/fr\/wp-json\/wp\/v2\/posts\/39","targetHints":{"allow":["GET"]}}],"collection":[{"href":"https:\/\/www.adfc-wiesbaden.de\/fr\/wp-json\/wp\/v2\/posts"}],"about":[{"href":"https:\/\/www.adfc-wiesbaden.de\/fr\/wp-json\/wp\/v2\/types\/post"}],"author":[{"embeddable":true,"href":"https:\/\/www.adfc-wiesbaden.de\/fr\/wp-json\/wp\/v2\/users\/52"}],"replies":[{"embeddable":true,"href":"https:\/\/www.adfc-wiesbaden.de\/fr\/wp-json\/wp\/v2\/comments?post=39"}],"version-history":[{"count":7,"href":"https:\/\/www.adfc-wiesbaden.de\/fr\/wp-json\/wp\/v2\/posts\/39\/revisions"}],"predecessor-version":[{"id":76346,"href":"https:\/\/www.adfc-wiesbaden.de\/fr\/wp-json\/wp\/v2\/posts\/39\/revisions\/76346"}],"wp:featuredmedia":[{"embeddable":true,"href":"https:\/\/www.adfc-wiesbaden.de\/fr\/wp-json\/wp\/v2\/media\/1370"}],"wp:attachment":[{"href":"https:\/\/www.adfc-wiesbaden.de\/fr\/wp-json\/wp\/v2\/media?parent=39"}],"wp:term":[{"taxonomy":"category","embeddable":true,"href":"https:\/\/www.adfc-wiesbaden.de\/fr\/wp-json\/wp\/v2\/categories?post=39"},{"taxonomy":"post_tag","embeddable":true,"href":"https:\/\/www.adfc-wiesbaden.de\/fr\/wp-json\/wp\/v2\/tags?post=39"}],"curies":[{"name":"wp","href":"https:\/\/api.w.org\/{rel}","templated":true}]}}