{"id":76619,"date":"2026-04-28T21:48:20","date_gmt":"2026-04-28T19:48:20","guid":{"rendered":"https:\/\/www.adfc-wiesbaden.de\/?p=76619"},"modified":"2026-04-28T21:48:20","modified_gmt":"2026-04-28T19:48:20","slug":"fahrrad-garderobe-bei-der-bubenhaeuser-weinrunde","status":"publish","type":"post","link":"https:\/\/www.adfc-wiesbaden.de\/fr\/2026\/04\/verein\/fahrrad-garderobe-bei-der-bubenhaeuser-weinrunde\/","title":{"rendered":"ADFC dans le Rheingau: Garde-robe de v\u00e9lo au Bubenh\u00e4user Weinrunde"},"content":{"rendered":"<!--themify_builder_content-->\n<div id=\"themify_builder_content-76619\" data-postid=\"76619\" class=\"themify_builder_content themify_builder_content-76619 themify_builder tf_clear\">\n                    <div  data-lazy=\"1\" class=\"module_row themify_builder_row tb_9ipv077 tb_first tf_w\">\n                        <div class=\"row_inner col_align_top tb_col_count_1 tf_box tf_rel\">\n                        <div  data-lazy=\"1\" class=\"module_column tb-column col-full tb_kd2m021 first\">\n                    <!-- module text -->\n<div  class=\"module module-text tb_svbv442    tb_gs678604\" data-lazy=\"1\">\n        <div  class=\"tb_text_wrap\">\n        <h1>\u00abBubenh\u00e4user Weinrunde\u00bb pour la premi\u00e8re fois avec une garde-robe de v\u00e9lo ADFC<\/h1>\n<p><strong>Le lundi de Pentec\u00f4te, 25 mai, de 11 heures \u00e0 18 heures, huit vignerons de Rauenthal offrent leurs vins \u00e0 la Bubenh\u00e4user H\u00f6he \u00e0 Rauenthal. L\u2019ADFC participe \u00e0 la \u00abWeinrunde\u00bb avec garde-robe pour v\u00e9los et stand d\u2019information.<\/strong><\/p>\n<p>Dans la garde-robe des v\u00e9los, des b\u00e9n\u00e9voles de l'ADFC Bike Club surveillent les v\u00e9los gar\u00e9s et vous donnent une marque avec laquelle vous pouvez r\u00e9cup\u00e9rer votre v\u00e9lo \u00e0 tout moment.<\/p>\n<p>L'offre gratuite s'adresse \u00e0 tous ceux qui souhaitent profiter de la tourn\u00e9e des vins de mani\u00e8re d\u00e9tendue et sans se soucier de leur v\u00e9lo. C'est-\u00e0-dire: Il suffit de faire du v\u00e9lo jusqu\u2019\u00e0 la tourn\u00e9e des vins et de laisser le v\u00e9lo chez nous en toute s\u00e9curit\u00e9. Ensuite, profitez de la tourn\u00e9e des vins sans avoir \u00e0 vous soucier du stationnement.<\/p>\n<p>Vous trouverez plus d'informations sur la tourn\u00e9e des vins de Bubenh\u00e4user <a href=\"https:\/\/www.rheingau.com\/event\/bubenhaeuser-weinrunde\/event.html\">ici<\/a>.\u00a0<\/p>\n<p>\u00a0<\/p>    <\/div>\n<\/div>\n<!-- \/module text --><!-- module image -->\n<div  class=\"module module-image tb_n0se880 image-top   tf_mw tb_gs2677162d\" data-lazy=\"1\">\n        <div class=\"image-wrap tf_rel tf_mw\">\n            <img loading=\"lazy\" decoding=\"async\" width=\"2000\" height=\"1500\" src=\"https:\/\/www.adfc-wiesbaden.de\/wp-content\/uploads\/2026\/04\/bubenhaeuser-weinrunde-2026_beitragsbild1-Kopie.jpg\" class=\"wp-post-image wp-image-76602\" title=\"Bubenh\u00e4user Weinrunde | \u00a9 Die Rauenthaler Winzer\" alt=\"Bubenh\u00e4user Weinrunde | \u00a9 Die Rauenthaler Winzer\" srcset=\"https:\/\/www.adfc-wiesbaden.de\/wp-content\/uploads\/2026\/04\/bubenhaeuser-weinrunde-2026_beitragsbild1-Kopie.jpg 2000w, https:\/\/www.adfc-wiesbaden.de\/wp-content\/uploads\/2026\/04\/bubenhaeuser-weinrunde-2026_beitragsbild1-Kopie-700x525.jpg 700w, https:\/\/www.adfc-wiesbaden.de\/wp-content\/uploads\/2026\/04\/bubenhaeuser-weinrunde-2026_beitragsbild1-Kopie-1400x1050.jpg 1400w, https:\/\/www.adfc-wiesbaden.de\/wp-content\/uploads\/2026\/04\/bubenhaeuser-weinrunde-2026_beitragsbild1-Kopie-200x150.jpg 200w, https:\/\/www.adfc-wiesbaden.de\/wp-content\/uploads\/2026\/04\/bubenhaeuser-weinrunde-2026_beitragsbild1-Kopie-768x576.jpg 768w, https:\/\/www.adfc-wiesbaden.de\/wp-content\/uploads\/2026\/04\/bubenhaeuser-weinrunde-2026_beitragsbild1-Kopie-1536x1152.jpg 1536w, https:\/\/www.adfc-wiesbaden.de\/wp-content\/uploads\/2026\/04\/bubenhaeuser-weinrunde-2026_beitragsbild1-Kopie-16x12.jpg 16w\" sizes=\"auto, (max-width: 2000px) 100vw, 2000px\" \/>    \n        <\/div>\n    <!-- \/image-wrap -->\n    \n        <div class=\"image-content\">\n                    <h3 class=\"image-title\">\n                                    Bubenh\u00e4user Weinrunde | \u00a9 Die Rauenthaler Winzer                            <\/h3>\n                    <\/div>\n    <!-- \/image-content -->\n        <\/div>\n<!-- \/module image -->        <\/div>\n                        <\/div>\n        <\/div>\n        <\/div>\n<!--\/themify_builder_content-->\n\n\n<p><\/p>","protected":false},"excerpt":{"rendered":"<p>L\u2019ADFC Wiesbaden\/Rheingau-Taunus propose pour la premi\u00e8re fois une \u00abgarde-robe de v\u00e9lo\u00bb lors de la tourn\u00e9e des vins de Bubenh\u00e4user le 25 mai (lundi de Pentec\u00f4te). Un service gratuit pour tous ceux qui veulent profiter de la tourn\u00e9e des vins de mani\u00e8re d\u00e9tendue et sans se soucier de leur v\u00e9lo.<\/p>","protected":false},"author":60,"featured_media":76601,"comment_status":"closed","ping_status":"closed","sticky":false,"template":"Nachrichten-Seite.php","format":"standard","meta":{"footnotes":""},"categories":[953,804,118],"tags":[857,807,806],"class_list":["post-76619","post","type-post","status-publish","format-standard","has-post-thumbnail","hentry","category-rheingau","category-veranstaltungen","category-verein","tag-rheingau","tag-veranstaltung","tag-verein","has-post-title","has-post-date","has-post-category","has-post-tag","has-post-comment","has-post-author",""],"builder_content":"<h1>\u201eBubenh\u00e4user Weinrunde\u201c erstmals mit ADFC Fahrrad-Garderobe<\/h1> <p><strong>Am Pfingstmontag, 25. Mai, von 11\u201e bis 18 Uhr, schenken acht Rauenthaler Winzer ihre Weine an der Bubenh\u00e4user H\u00f6he in Rauenthal aus. Der ADFC ist bei der \u201eWeinrunde\u201c mit Fahrrad-Garderobe und Infostand dabei.<\/strong><\/p> <p>Bei der Fahrrad-Garderobe beaufsichtigen ehrenamtliche Helfer:innen des ADFC Fahrrad-Clubs die abgestellten R\u00e4der und geben Euch eine Marke, mit der Ihr Euer Fahrrad jederzeit wieder abholen k\u00f6nnt.<\/p> <p>Das kostenfreie Angebot richtet sich an alle, die die Weinrunde entspannt und ohne Sorge um ihr Rad genie\u00dfen m\u00f6chten. Also: Einfach zur Weinrunde radeln - und das Fahrrad sicher bei uns abstellen. Dann die Weinrunde ganz ohne \u201eParkplatz-Sorgen\u201c genie\u00dfen.<\/p> <p>Mehr Infos zur Bubenh\u00e4user Weinrunde findest Du <a href=\"https:\/\/www.rheingau.com\/event\/bubenhaeuser-weinrunde\/event.html\">hier<\/a>.\u00a0<\/p> <p>\u00a0<\/p>\n<img src=\"https:\/\/www.adfc-wiesbaden.de\/wp-content\/uploads\/2026\/04\/bubenhaeuser-weinrunde-2026_beitragsbild1-Kopie.jpg\" title=\"Bubenh\u00e4user Weinrunde | &copy; Die Rauenthaler Winzer\" alt=\"Bubenh\u00e4user Weinrunde | &copy; Die Rauenthaler Winzer\" srcset=\"https:\/\/www.adfc-wiesbaden.de\/wp-content\/uploads\/2026\/04\/bubenhaeuser-weinrunde-2026_beitragsbild1-Kopie.jpg 2000w, https:\/\/www.adfc-wiesbaden.de\/wp-content\/uploads\/2026\/04\/bubenhaeuser-weinrunde-2026_beitragsbild1-Kopie-700x525.jpg 700w, https:\/\/www.adfc-wiesbaden.de\/wp-content\/uploads\/2026\/04\/bubenhaeuser-weinrunde-2026_beitragsbild1-Kopie-1400x1050.jpg 1400w, https:\/\/www.adfc-wiesbaden.de\/wp-content\/uploads\/2026\/04\/bubenhaeuser-weinrunde-2026_beitragsbild1-Kopie-200x150.jpg 200w, https:\/\/www.adfc-wiesbaden.de\/wp-content\/uploads\/2026\/04\/bubenhaeuser-weinrunde-2026_beitragsbild1-Kopie-768x576.jpg 768w, https:\/\/www.adfc-wiesbaden.de\/wp-content\/uploads\/2026\/04\/bubenhaeuser-weinrunde-2026_beitragsbild1-Kopie-1536x1152.jpg 1536w, https:\/\/www.adfc-wiesbaden.de\/wp-content\/uploads\/2026\/04\/bubenhaeuser-weinrunde-2026_beitragsbild1-Kopie-16x12.jpg 16w\" sizes=\"(max-width: 2000px) 100vw, 2000px\" \/> <h3> Bubenh\u00e4user Weinrunde | &copy; Die Rauenthaler Winzer <\/h3>","_links":{"self":[{"href":"https:\/\/www.adfc-wiesbaden.de\/fr\/wp-json\/wp\/v2\/posts\/76619","targetHints":{"allow":["GET"]}}],"collection":[{"href":"https:\/\/www.adfc-wiesbaden.de\/fr\/wp-json\/wp\/v2\/posts"}],"about":[{"href":"https:\/\/www.adfc-wiesbaden.de\/fr\/wp-json\/wp\/v2\/types\/post"}],"author":[{"embeddable":true,"href":"https:\/\/www.adfc-wiesbaden.de\/fr\/wp-json\/wp\/v2\/users\/60"}],"replies":[{"embeddable":true,"href":"https:\/\/www.adfc-wiesbaden.de\/fr\/wp-json\/wp\/v2\/comments?post=76619"}],"version-history":[{"count":29,"href":"https:\/\/www.adfc-wiesbaden.de\/fr\/wp-json\/wp\/v2\/posts\/76619\/revisions"}],"predecessor-version":[{"id":76649,"href":"https:\/\/www.adfc-wiesbaden.de\/fr\/wp-json\/wp\/v2\/posts\/76619\/revisions\/76649"}],"wp:featuredmedia":[{"embeddable":true,"href":"https:\/\/www.adfc-wiesbaden.de\/fr\/wp-json\/wp\/v2\/media\/76601"}],"wp:attachment":[{"href":"https:\/\/www.adfc-wiesbaden.de\/fr\/wp-json\/wp\/v2\/media?parent=76619"}],"wp:term":[{"taxonomy":"category","embeddable":true,"href":"https:\/\/www.adfc-wiesbaden.de\/fr\/wp-json\/wp\/v2\/categories?post=76619"},{"taxonomy":"post_tag","embeddable":true,"href":"https:\/\/www.adfc-wiesbaden.de\/fr\/wp-json\/wp\/v2\/tags?post=76619"}],"curies":[{"name":"wp","href":"https:\/\/api.w.org\/{rel}","templated":true}]}}