{"id":78029,"date":"2026-08-31T21:05:12","date_gmt":"2026-08-31T19:05:12","guid":{"rendered":"https:\/\/www.adfc-wiesbaden.de\/?p=78029"},"modified":"2026-08-31T21:05:13","modified_gmt":"2026-08-31T19:05:13","slug":"der-adfc-fragt-nach-wie-fahrradfreundlich-ist-wiesbaden","status":"publish","type":"post","link":"https:\/\/www.adfc-wiesbaden.de\/fr\/2026\/08\/politik-verkehr\/der-adfc-fragt-nach-wie-fahrradfreundlich-ist-wiesbaden\/","title":{"rendered":"L'ADFC demande: \u00c0 quel point Wiesbaden est-elle adapt\u00e9e aux cyclistes?"},"content":{"rendered":"<p class=\"wp-block-paragraph\"><\/p>\n\n<!--themify_builder_content-->\n<div id=\"themify_builder_content-78029\" data-postid=\"78029\" class=\"themify_builder_content themify_builder_content-78029 themify_builder tf_clear\">\n                    <div  data-lazy=\"1\" class=\"module_row themify_builder_row tb_97nk009 tb_first tf_w\">\n                        <div class=\"row_inner col_align_top tb_col_count_1 tf_box tf_rel\">\n                        <div  data-lazy=\"1\" class=\"module_column tb-column col-full tb_5z01093 first\">\n                    <!-- module image -->\n<div  class=\"module module-image tb_eiyg657 image-top   tf_mw tb_gs2677162d\" data-lazy=\"1\">\n        <div class=\"image-wrap tf_rel tf_mw\">\n            <img loading=\"lazy\" decoding=\"async\" width=\"2159\" height=\"1215\" src=\"https:\/\/www.adfc-wiesbaden.de\/wp-content\/uploads\/2026\/08\/FKT26_Kommunen_KeyVisual_desktop.jpg\" class=\"wp-post-image wp-image-78033\" title=\"Test climatique du v\u00e9lo 2026\" alt=\"\u00c0 quel point votre lieu est-il adapt\u00e9 aux cyclistes? Test de climat de v\u00e9lo ADFC 2026\" srcset=\"https:\/\/www.adfc-wiesbaden.de\/wp-content\/uploads\/2026\/08\/FKT26_Kommunen_KeyVisual_desktop.jpg 2159w, https:\/\/www.adfc-wiesbaden.de\/wp-content\/uploads\/2026\/08\/FKT26_Kommunen_KeyVisual_desktop-700x394.jpg 700w, https:\/\/www.adfc-wiesbaden.de\/wp-content\/uploads\/2026\/08\/FKT26_Kommunen_KeyVisual_desktop-1400x788.jpg 1400w, https:\/\/www.adfc-wiesbaden.de\/wp-content\/uploads\/2026\/08\/FKT26_Kommunen_KeyVisual_desktop-200x113.jpg 200w, https:\/\/www.adfc-wiesbaden.de\/wp-content\/uploads\/2026\/08\/FKT26_Kommunen_KeyVisual_desktop-768x432.jpg 768w, https:\/\/www.adfc-wiesbaden.de\/wp-content\/uploads\/2026\/08\/FKT26_Kommunen_KeyVisual_desktop-1536x864.jpg 1536w, https:\/\/www.adfc-wiesbaden.de\/wp-content\/uploads\/2026\/08\/FKT26_Kommunen_KeyVisual_desktop-2048x1153.jpg 2048w, https:\/\/www.adfc-wiesbaden.de\/wp-content\/uploads\/2026\/08\/FKT26_Kommunen_KeyVisual_desktop-18x10.jpg 18w\" sizes=\"auto, (max-width: 2159px) 100vw, 2159px\" \/>    \n        <\/div>\n    <!-- \/image-wrap -->\n    \n        <div class=\"image-content\">\n                    <h3 class=\"image-title\">\n                                    \u00c0 quel point votre lieu est-il adapt\u00e9 aux cyclistes? Test de climat de v\u00e9lo ADFC 2026 | \u00a9 ADFC                            <\/h3>\n                    <\/div>\n    <!-- \/image-content -->\n        <\/div>\n<!-- \/module image --><!-- module text -->\n<div  class=\"module module-text tb_s3p7811    tb_gs678604\" data-lazy=\"1\">\n        <div  class=\"tb_text_wrap\">\n        <div class=\"button_container\">\n<div class=\"margin_16-16-8-0 adfc-orange-background\">\n<h1>L'ADFC demande: \u00c0 quel point Wiesbaden est-elle adapt\u00e9e aux cyclistes?<\/h1>\n<h2>Le grand test de climat cycliste ADFC 2026 commence aujourd'hui. Nouveau: Les enfants et les jeunes avec leur propre enqu\u00eate<\/h2>\n<p>Wiesbaden, le 1er septembre 2026: Aujourd'hui, le grand test de climat cycliste ADFC (FKT) commence en 2026. Du 1er septembre au 30 novembre, les cyclistes de toute l'Allemagne peuvent \u00e9valuer la convivialit\u00e9 du v\u00e9lo directement sur place \u00e0 Wiesbaden. Quel est l'\u00e9tat des pistes cyclables? Combien fait-on pour le cyclisme? Le cyclisme est-il amusant ou plut\u00f4t stressant? Pour la premi\u00e8re fois, les enfants et les jeunes sont au centre de l'attention avec leur propre sondage. Le classement national des villes les plus accueillantes pour les cyclistes et d'autres r\u00e9sultats de l'enqu\u00eate seront pr\u00e9sent\u00e9s au printemps 2027.<\/p>\n<p>Le pr\u00e9sident f\u00e9d\u00e9ral de l'ADFC, Frank Masurat, a d\u00e9clar\u00e9: \u00abLe cyclisme est bon pour la sant\u00e9, bon march\u00e9 et b\u00e9n\u00e9fique pour le climat, mais aussi amusant. De nombreuses villes et communes construisent des pistes cyclables et des parkings pour v\u00e9los. Mais les conditions varient consid\u00e9rablement d'un endroit \u00e0 l'autre. C'est de cela qu'il s'agit lors de l'interrogatoire du 12. Essai de climat de v\u00e9lo d'ADFC. Comment la convivialit\u00e9 du v\u00e9lo a-t-elle \u00e9volu\u00e9 sur place et o\u00f9 faut-il encore l'am\u00e9liorer? Les r\u00e9sultats de l\u2019enqu\u00eate contribuent \u00e0 am\u00e9liorer les conditions de vie des cyclistes.\u00bb<\/p>\n<p>Mich\u00e9le Fleckenstein, membre du conseil d\u2019administration de l\u2019ADFC Wiesbaden\/Rheingau-Taunus, d\u00e9clare: \u00abCeux qui voyagent r\u00e9guli\u00e8rement \u00e0 v\u00e9lo \u00e0 Wiesbaden connaissent les nouvelles pistes cyclables Mosbacher Stra\u00dfe, Lessingstra\u00dfe ou tout nouveau dans la R\u00fcdesheimer Stra\u00dfe, mais aussi l\u00e0 o\u00f9 la situation est confuse, comme directement \u00e0 la gare centrale ou \u00e0 travers les nombreux chantiers de construction. Nous voulons rendre ces exp\u00e9riences visibles avec le test de climat de v\u00e9lo ADFC. Les r\u00e9sultats nous montrent, ainsi qu'aux responsables politiques, o\u00f9 se situe r\u00e9ellement Wiesbaden en ce qui concerne la circulation cycliste.<strong> dans quels domaines des mesures doivent encore \u00eatre prises<\/strong>. C\u2019est pourquoi nous appelons tous les cyclistes \u00e0 participer.\u00bb<\/p>\n<h3>Focus sur les enfants et les jeunes<\/h3>\n<p>Pour la premi\u00e8re fois, l'ADFC consacre \u00e9galement sa propre enqu\u00eate aux enfants et aux adolescents dans le cadre du test de climat cycliste de l'ADFC. Les jeunes, en particulier, ont besoin de conditions particuli\u00e8rement s\u00fbres pour se d\u00e9placer de mani\u00e8re autonome \u00e0 v\u00e9lo \u2013 \u00e0 l\u2019\u00e9cole, au sport ou pendant leurs loisirs. C'est pourquoi l'ADFC veut savoir par eux-m\u00eames ce qui fonctionne bien en v\u00e9lo, ce qui leur cause des difficult\u00e9s et ce qui doit changer pour qu'ils aiment ou m\u00eame qu'ils montent sur le v\u00e9lo.<\/p>\n<p>\u00abL\u2019offre destin\u00e9e aux cyclistes s\u00fbrs et exp\u00e9riment\u00e9s s\u2019est consid\u00e9rablement am\u00e9lior\u00e9e \u00e0 Wiesbaden ces derni\u00e8res ann\u00e9es et de nombreuses entreprises ont leurs propres programmes de mobilit\u00e9. Les enfants et les jeunes montent rarement \u00e0 v\u00e9lo \u00e0 Wiesbaden, car les connexions s\u00fbres, qui peuvent \u00e9galement \u00eatre g\u00e9r\u00e9es seules, ainsi que les installations de stationnement s\u00fbres font encore trop souvent d\u00e9faut. Les enfants et les jeunes vivent le transport routier diff\u00e9remment des adultes. Leurs r\u00e9ponses peuvent montrer tr\u00e8s concr\u00e8tement si les jeunes de Wiesbaden aiment faire du v\u00e9lo et ce qui doit changer pour qu\u2019ils puissent circuler en toute s\u00e9curit\u00e9 et en toute autonomie\u00bb, explique-t-il. Fleckenstein.<\/p>\n<p>Afin d'attirer l'attention sur les besoins des enfants et des jeunes, l'ADFC Wiesbaden organise le 20 septembre une Kidical Mass (Kid-bike-Korso).<\/p>\n<h3>Participez maintenant<\/h3>\n<p>\u00c0 quel point le v\u00e9lo est-il s\u00fbr? Les pistes cyclables sont-elles suffisamment larges et en bon \u00e9tat? \u00c0 quelle fr\u00e9quence le v\u00e9lo est-il utilis\u00e9? L\u2019enqu\u00eate en ligne sur le test de climat cycliste de l\u2019ADFC se compose de 27 questions, dure environ dix minutes et dure jusqu\u2019au 30 novembre 2026. L'enqu\u00eate, qui a lieu pour la douzi\u00e8me fois, montre clairement \u00e0 quel point les cyclistes sont favorables au v\u00e9lo et o\u00f9 des am\u00e9liorations sont n\u00e9cessaires. Plus il y a de personnes parmi <a href=\"https:\/\/fkt.adfc.de\/befragung\"><strong>https:\/\/fkt.adfc.de\/befragung<\/strong><\/a> participation, les r\u00e9sultats sont d'autant plus significatifs. Lors du dernier passage, 213 000 personnes dans toute l'Allemagne ont particip\u00e9 \u00e0 l'enqu\u00eate. L'ADFC Wiesbaden appelle donc \u00e0 recommander le test de climat cycliste ADFC \u00e9galement dans le cercle d'amis et de connaissances, dans les associations et sur le lieu de travail.<\/p>\n<h3>Les communes sont \u00e9galement sollicit\u00e9es<\/h3>\n<p>Le test de climat cycliste ADFC 2026 comprend trois enqu\u00eates: Les cyclistes \u00e9valuent la facilit\u00e9 d\u2019utilisation du v\u00e9lo dans leur localit\u00e9, les enfants et les jeunes d\u00e9crivent leurs exp\u00e9riences et leurs besoins dans les jeunes de la FKT et les villes et communes de la FKT fournissent des informations sur la mani\u00e8re dont elles encouragent d\u00e9j\u00e0 le v\u00e9lo. La convivialit\u00e9 du v\u00e9lo sur place est ainsi visible sous trois angles diff\u00e9rents. Les r\u00e9sultats seront pr\u00e9sent\u00e9s au printemps 2027, y compris le classement national des villes les plus favorables au v\u00e9lo.<\/p>\n<h3>\u00c0 propos du test de climat cycliste ADFC 2026<\/h3>\n<p>Le test de climat cycliste ADFC 2026 est financ\u00e9 par le minist\u00e8re f\u00e9d\u00e9ral des Transports (BMV) \u00e0 partir de fonds pour la mise en \u0153uvre du plan national pour le cyclisme (NRVP).<\/p>\n<h3>\u00c0 propos de l'ADFC Wiesbaden \/ Rheingau-Taunus e.V.<\/h3>\n<p>L'ADFC Wiesbaden repr\u00e9sente les int\u00e9r\u00eats des cyclistes de la capitale du Land de Hesse et de la r\u00e9gion Rheingau-Taunus. Avec plus de 2 000 membres sur place, l'association s'engage en faveur d'une politique favorable au v\u00e9lo, de chemins s\u00fbrs et d'une meilleure qualit\u00e9 de vie gr\u00e2ce \u00e0 une conception moderne de la mobilit\u00e9.<\/p>\n<h3>\u00c0 propos de l'ADFC<\/h3>\n<p>Avec plus de 240 000 membres, l'Allgemeine Deutsche Bike-Club e.V. (ADFC) est la plus grande repr\u00e9sentation des int\u00e9r\u00eats des cyclistes en Allemagne et dans le monde. Il donne des conseils sur toutes les questions relatives au v\u00e9lo. Sur le plan politique, l'ADFC s'engage aux niveaux r\u00e9gional, national et international pour la promotion coh\u00e9rente du cyclisme.<\/p>\n<\/div>\n<\/div>    <\/div>\n<\/div>\n<!-- \/module text -->        <\/div>\n                        <\/div>\n        <\/div>\n        <\/div>\n<!--\/themify_builder_content-->\n\n\n<p class=\"wp-block-paragraph\"><\/p>","protected":false},"excerpt":{"rendered":"<p>Le grand test de climat cycliste ADFC 2026 commence aujourd'hui. Nouveau: Les enfants et les jeunes avec leur propre enqu\u00eate<\/p>","protected":false},"author":50,"featured_media":78032,"comment_status":"closed","ping_status":"closed","sticky":false,"template":"Nachrichten-Seite.php","format":"standard","meta":{"footnotes":""},"categories":[123,522],"tags":[865,775,738],"class_list":["post-78029","post","type-post","status-publish","format-standard","has-post-thumbnail","hentry","category-politik-verkehr","category-pressemitteilung","tag-fkt","tag-politik-verkehr","tag-pressemitteilung","has-post-title","has-post-date","has-post-category","has-post-tag","has-post-comment","has-post-author",""],"builder_content":"<img src=\"https:\/\/www.adfc-wiesbaden.de\/wp-content\/uploads\/2026\/08\/FKT26_Kommunen_KeyVisual_desktop.jpg\" title=\"Fahrradklima Test 2026\" alt=\"Wie fahrradfreundlich ist dein Ort? ADFC Fahrradklima Test 2026\" srcset=\"https:\/\/www.adfc-wiesbaden.de\/wp-content\/uploads\/2026\/08\/FKT26_Kommunen_KeyVisual_desktop.jpg 2159w, https:\/\/www.adfc-wiesbaden.de\/wp-content\/uploads\/2026\/08\/FKT26_Kommunen_KeyVisual_desktop-700x394.jpg 700w, https:\/\/www.adfc-wiesbaden.de\/wp-content\/uploads\/2026\/08\/FKT26_Kommunen_KeyVisual_desktop-1400x788.jpg 1400w, https:\/\/www.adfc-wiesbaden.de\/wp-content\/uploads\/2026\/08\/FKT26_Kommunen_KeyVisual_desktop-200x113.jpg 200w, https:\/\/www.adfc-wiesbaden.de\/wp-content\/uploads\/2026\/08\/FKT26_Kommunen_KeyVisual_desktop-768x432.jpg 768w, https:\/\/www.adfc-wiesbaden.de\/wp-content\/uploads\/2026\/08\/FKT26_Kommunen_KeyVisual_desktop-1536x864.jpg 1536w, https:\/\/www.adfc-wiesbaden.de\/wp-content\/uploads\/2026\/08\/FKT26_Kommunen_KeyVisual_desktop-2048x1153.jpg 2048w, https:\/\/www.adfc-wiesbaden.de\/wp-content\/uploads\/2026\/08\/FKT26_Kommunen_KeyVisual_desktop-18x10.jpg 18w\" sizes=\"(max-width: 2159px) 100vw, 2159px\" \/> <h3> Wie fahrradfreundlich ist dein Ort? ADFC Fahrradklima Test 2026 | &copy; ADFC <\/h3>\n<h1>Der ADFC fragt nach: Wie fahrradfreundlich ist Wiesbaden?<\/h1> <h2>Der gro\u00dfe ADFC-Fahrradklima-Test 2026 startet heute. Neu: Kinder und Jugendliche mit eigener Umfrage<\/h2> <p>Wiesbaden, den 01.09.2026: Heute startet der gro\u00dfe ADFC-Fahrradklima-Test (FKT) 2026. Vom 1. September bis zum 30. November k\u00f6nnen Radfahrer und Radfahrerinnen in ganz Deutschland bewerten, wie fahrradfreundlich es direkt hier vor Ort in Wiesbaden ist. Wie ist der Zustand der Radwege? Wie viel wird f\u00fcrs Radfahren schon getan? Macht Radfahren Spa\u00df oder ist es eher Stress? Zum ersten Mal stehen Kinder und Jugendliche mit einer eigenen Umfrage im Fokus. Das bundesweite Ranking der fahrradfreundlichsten St\u00e4dte und weitere Ergebnisse der Befragung werden im Fr\u00fchjahr 2027 vorgestellt.<\/p> <p>ADFC-Bundesvorsitzender Frank Masurat sagt: \u201eRadfahren h\u00e4lt fit, ist kosteng\u00fcnstig und gut f\u00fcr das Klima \u2013 Spa\u00df macht es obendrein. Viele St\u00e4dte und Gemeinden bauen deswegen Radwege und Fahrradparkh\u00e4user. Doch die Bedingungen unterscheiden sich von Ort zu Ort erheblich. Genau darum geht es bei der Befragung zum 12. ADFC-Fahrradklima-Test. Wie hat sich die Fahrradfreundlichkeit vor Ort entwickelt und wo muss noch nachgebessert werden? Die Ergebnisse der Befragung helfen dabei, die Bedingungen f\u00fcr Radfahrerinnen und Radfahrer zu verbessern.\u201c<\/p> <p>Mich\u00e9le Fleckenstein, Vorstandsmitglied des ADFC Wiesbaden\/Rheingau-Taunus, sagt: \u201eWer regelm\u00e4\u00dfig mit dem Fahrrad in Wiesbaden unterwegs ist, kennt die neuen Fahrradstra\u00dfen Mosbacher Stra\u00dfe, Lessingstra\u00dfe oder brandneu in der R\u00fcdesheimer Stra\u00dfe, aber auch, wo die Situation wie direkt am Hauptbahnhof oder durch die vielen Baustellen un\u00fcbersichtlich ist. Diese Erfahrungen wollen wir mit dem ADFC-Fahrradklima-Test sichtbar machen. Die Ergebnisse zeigen uns und den politisch Verantwortlichen, wo Wiesbaden beim Radverkehr wirklich steht und<strong> in welchen Bereichen noch Handlungsbedarf besteht<\/strong>. Deshalb rufen wir alle Radfahrerinnen und Radfahrer dazu auf, mitzumachen.\u201c<\/p> <h3>Kinder und Jugendliche im Fokus<\/h3> <p>Zum ersten Mal widmet der ADFC auch Kindern und Jugendlichen eine eigene Umfrage im Rahmen des ADFC-Fahrradklima-Tests. Gerade junge Menschen brauchen besonders sichere Bedingungen, um selbstst\u00e4ndig mit dem Rad unterwegs zu sein \u2013 zur Schule, zum Sport oder in der Freizeit. Deshalb m\u00f6chte der ADFC von ihnen selbst wissen, was beim Radfahren gut funktioniert, was ihnen Schwierigkeiten macht und was sich ver\u00e4ndern muss, damit sie gerne oder \u00fcberhaupt auf das Fahrrad steigen.<\/p> <p>\u201eDas Angebot f\u00fcr sichere und erfahrene Radfahrende hat sich in Wiesbaden in den letzten Jahren stark verbessert und viele Unternehmen haben eigene Mobilit\u00e4tsprogramme. Kinder und Jugendliche steigen in Wiesbaden selten aufs Rad, denn sichere Verbindungen, die auch alleine bew\u00e4ltigt werden k\u00f6nnen, sowie sichere Abstellanlagen fehlen noch zu oft. Kinder und Jugendliche erleben den Stra\u00dfenverkehr anders als Erwachsene. Ihre Antworten k\u00f6nnen sehr konkret zeigen, ob junge Menschen in Wiesbaden gerne Rad fahren und was sich \u00e4ndern muss, damit sie sicher und selbstst\u00e4ndig unterwegs sein k\u00f6nnen\u201c, sagt Fleckenstein.<\/p> <p>Um auf die Bed\u00fcrfnisse von Kindern und Jugendlichen aufmerksam zu machen, veranstaltet der ADFC Wiesbaden am 20.09. eine Kidical Mass (Kinder-Fahrrad-Korso).<\/p> <h3>Jetzt teilnehmen<\/h3> <p>Wie sicher f\u00fchlt sich Radfahren an? Sind die Radwege breit genug und in einem guten Zustand? Wie h\u00e4ufig wird das Fahrrad genutzt? Die Online-Befragung zum ADFC-Fahrradklima-Test besteht aus 27 Fragen, dauert rund zehn Minuten und l\u00e4uft bis zum 30. November 2026. Die Befragung findet zum zw\u00f6lften Mal statt und macht deutlich, wie fahrradfreundlich Radfahrerinnen und Radfahrer ihren Ort erleben und wo es Verbesserungsbedarf gibt. Je mehr Menschen unter <a href=\"https:\/\/fkt.adfc.de\/befragung\"><strong>https:\/\/fkt.adfc.de\/befragung<\/strong><\/a> teilnehmen, umso aussagekr\u00e4ftiger sind die Ergebnisse. Beim letzten Durchgang haben 213.000 Menschen in ganz Deutschland an der Befragung teilgenommen. Der ADFC Wiesbaden ruft deshalb dazu auf, den ADFC-Fahrradklima-Test auch im Freundes- und Bekanntenkreis, in Vereinen und am Arbeitsplatz weiterzuempfehlen.<\/p> <h3>Auch die Kommunen sind gefragt<\/h3> <p>Zum ADFC-Fahrradklima-Test 2026 geh\u00f6ren drei Befragungen: Radfahrerinnen und Radfahrer bewerten die Fahrradfreundlichkeit ihres Ortes, Kinder und Jugendliche schildern im FKT-Jugendliche ihre Erfahrungen und Bed\u00fcrfnisse \u2013 und beim FKT-Kommunen geben St\u00e4dte und Gemeinden Auskunft, wie sie den Radverkehr schon f\u00f6rdern. Damit wird die Fahrradfreundlichkeit vor Ort aus drei unterschiedlichen Perspektiven sichtbar. Die Ergebnisse werden im Fr\u00fchjahr 2027 vorgestellt, dazu geh\u00f6rt auch das bundesweite Ranking der fahrradfreundlichsten St\u00e4dte.<\/p> <h3>\u00dcber den ADFC-Fahrradklima-Test 2026<\/h3> <p>Der ADFC-Fahrradklima-Test 2026 wird gef\u00f6rdert durch das Bundesministerium f\u00fcr Verkehr (BMV) aus Mitteln zur Umsetzung des Nationalen Radverkehrsplans (NRVP).<\/p> <h3>\u00dcber den ADFC Wiesbaden \/ Rheingau-Taunus e.V.<\/h3> <p>Der ADFC Wiesbaden ist die Interessenvertretung f\u00fcr Radfahrerinnen und Radfahrer in der hessischen Landeshauptstadt und der Region Rheingau-Taunus. Mit \u00fcber 2.000 Mitgliedern vor Ort setzt sich der Verein f\u00fcr eine fahrradfreundliche Politik, sichere Wege und mehr Lebensqualit\u00e4t durch eine moderne Mobilit\u00e4tsgestaltung ein.<\/p> <h3>\u00dcber den ADFC<\/h3> <p>Der Allgemeine Deutsche Fahrrad-Club e.V. (ADFC) ist mit mehr als 240.000 Mitgliedern die gr\u00f6\u00dfte Interessenvertretung der Radfahrerenden in Deutschland und weltweit. Er ber\u00e4t in allen Fragen rund ums Fahrrad. Politisch engagiert sich der ADFC auf regionaler, nationaler und internationaler Ebene f\u00fcr die konsequente F\u00f6rderung des Radverkehrs.<\/p>","_links":{"self":[{"href":"https:\/\/www.adfc-wiesbaden.de\/fr\/wp-json\/wp\/v2\/posts\/78029","targetHints":{"allow":["GET"]}}],"collection":[{"href":"https:\/\/www.adfc-wiesbaden.de\/fr\/wp-json\/wp\/v2\/posts"}],"about":[{"href":"https:\/\/www.adfc-wiesbaden.de\/fr\/wp-json\/wp\/v2\/types\/post"}],"author":[{"embeddable":true,"href":"https:\/\/www.adfc-wiesbaden.de\/fr\/wp-json\/wp\/v2\/users\/50"}],"replies":[{"embeddable":true,"href":"https:\/\/www.adfc-wiesbaden.de\/fr\/wp-json\/wp\/v2\/comments?post=78029"}],"version-history":[{"count":20,"href":"https:\/\/www.adfc-wiesbaden.de\/fr\/wp-json\/wp\/v2\/posts\/78029\/revisions"}],"predecessor-version":[{"id":78051,"href":"https:\/\/www.adfc-wiesbaden.de\/fr\/wp-json\/wp\/v2\/posts\/78029\/revisions\/78051"}],"wp:featuredmedia":[{"embeddable":true,"href":"https:\/\/www.adfc-wiesbaden.de\/fr\/wp-json\/wp\/v2\/media\/78032"}],"wp:attachment":[{"href":"https:\/\/www.adfc-wiesbaden.de\/fr\/wp-json\/wp\/v2\/media?parent=78029"}],"wp:term":[{"taxonomy":"category","embeddable":true,"href":"https:\/\/www.adfc-wiesbaden.de\/fr\/wp-json\/wp\/v2\/categories?post=78029"},{"taxonomy":"post_tag","embeddable":true,"href":"https:\/\/www.adfc-wiesbaden.de\/fr\/wp-json\/wp\/v2\/tags?post=78029"}],"curies":[{"name":"wp","href":"https:\/\/api.w.org\/{rel}","templated":true}]}}