{"id":1382,"date":"2023-01-31T18:57:54","date_gmt":"2023-01-31T18:57:54","guid":{"rendered":"https:\/\/kidicalmass.adfc-wiesbaden.de\/?p=1382"},"modified":"2026-04-24T19:53:03","modified_gmt":"2026-04-24T17:53:03","slug":"2023-05-07","status":"publish","type":"post","link":"https:\/\/www.adfc-wiesbaden.de\/it\/2023\/01\/kidical-mass\/2023-05-07\/","title":{"rendered":"Messa per i bambini 07 maggio 2023"},"content":{"rendered":"<h2 class=\"wp-block-heading\">9. Messa dei bambini a Wiesbaden<\/h2>\n\n\n\n<p>La seconda Messa Kidical Wiesbaden 2023 si svolger\u00e0 domenica 07.05. alle 15:00. Ripartiamo dal terreno di Dernsches a livello della gelateria. Dove finiamo, puoi scoprirlo nel blog due settimane prima.<\/p>\n\n\n\n<h2 class=\"wp-block-heading\">Creazione di segni comuni<\/h2>\n\n\n\n<p>Nell'ambito delle azioni per il 20\u00b0 anniversario di \"Gemeinschaftlich Wohnen e.G.\", stiamo armeggiando nel cortile del <a href=\"http:\/\/gemeinschaftlich-wohnen.de\">Progetto residenziale Bl\u00fc17<\/a> nella <strong>Bl\u00fccherstra\u00dfe 17<\/strong> in data <strong>Venerd\u00ec 5 maggio<\/strong> da <strong>dalle 16.00 alle 18.00<\/strong> Segni. I cartelli adornano le nostre biciclette e trasportano il nostro messaggio. Per la lavorazione, tutti sono i benvenuti senza preavviso. Sono disponibili materiali come cartone, colori e corde: \u00e8 sufficiente portare creativit\u00e0 e gioia.<br>Come parte di una sosta alla Kidical Mass, i ciclisti possono aspettarsi una sorpresa di rafforzamento dal Bl\u00fc17.<\/p>\n\n\n\n<h2 class=\"wp-block-heading\" id=\"Zubringertouren\">Tour dei feeder<\/h2>\n\n\n\n<p>Ci saranno feeder tour da diversi distretti. Durante i feeder tour, alcune famiglie dello stesso distretto si incontrano e guidano insieme fino al punto di partenza della Dern\u2019sche Gel\u00e4nde. Gli alimentatori non sono una dimostrazione registrata e non fanno parte dell'evento. \u00c8 guidato su piste ciclabili.<br>Se sei interessato a un alimentatore dal tuo alloggio, scrivici, <a href=\"\/it\/mail&\/#116;&#111;&#58;&#107;&#105;&#100;&#105;&#x63;&#x61;&#x6c;&#x6d;&#x61;&#x73;&#x73;&#x40;&#x61;dfc-&#119;&#105;&#101;&#115;&#98;&#97;&#100;&#x65;&#x6e;&#x2e;&#x64;&#x65;\">kidicalmass@adfc-wiesbaden.de<\/a>, un. Aiutiamo nell'organizzazione.<\/p>\n\n\n\n<figure class=\"wp-block-table\"><table><tbody><tr><td>Distretto \/ distretto<\/td><td>rendezvous<\/td><td>ora<\/td><td>percorso<\/td><\/tr><tr><td>Biebrich<\/td><td>Fontana del suonatore di flauto<br>sulle rive del Reno<\/td><td>14:15<\/td><td>5,5 km<\/td><\/tr><tr><td>Distretto della poesia<\/td><td>Sfruttare la scuola<br>Hebbelplatz \/ Hebbelstra\u00dfe<\/td><td>14:30<\/td><td>1,9 km<\/td><\/tr><tr><td>Kohlheck<\/td><td>Contenitori di vetro<br>Strada dolomitica all'angolo di Paul-Gerhardt-Stra\u00dfe<\/td><td>14:15<\/td><td>4,4 km<\/td><\/tr><tr><td>Quartiere dell'artista<\/td><td>Scuola Friedrich von Schiller (nuovo edificio)<br>Carla-Henius-Stra\u00dfe 3-5<\/td><td>14:20<\/td><td>2.9 km<\/td><\/tr><tr><td>nordest<\/td><td>Scuola di Santa Messa di San Giovanni<br>Portabiciclette Johannes-Maa\u00df-Stra\u00dfe \/ gg\u00fc. Muro del cimitero<\/td><td>14:30<\/td><td>1,1 km<\/td><\/tr><tr><td>Distretto di Rheingau<\/td><td>Glyg<br>Marcobrunnerstra\u00dfe angolo di Rauenthalerstra\u00dfe<\/td><td>14:30<\/td><td>1,7 km<\/td><\/tr><tr><td>Westend<\/td><td>Scuola di Bl\u00fccher<br>Scharnhorststra\u00dfe Ecle Bl\u00fccherstra\u00dfe<\/td><td>14:30<\/td><td>1,4 km<\/td><\/tr><\/tbody><\/table><\/figure>\n\n\n\n<p id=\"ZubringertourenKarte\">Mappa dei feeder tours<\/p>\n\n\n\n<iframe \nsrc=\"https:\/\/www.google.com\/maps\/d\/embed?mid=1ZAm5gIuXRSSWHlbo949vL5pQXz0aHQs&#038;ehbc=2E312F\" width=\"880\" height=\"660\"><\/iframe>\n\n\n<!-- wp:themify-builder\/canvas \/-->","protected":false},"excerpt":{"rendered":"<p>Domenica 7 maggio 2023, ADFC Wiesbaden ospiter\u00e0 la seconda Messa Kidical Wiesbaden 2023. Il punto d'incontro \u00e8 alle 15:00 sul sito di Dernsches.<\/p>","protected":false},"author":52,"featured_media":1598,"comment_status":"closed","ping_status":"closed","sticky":false,"template":"Nachrichten-Seite.php","format":"standard","meta":{"footnotes":""},"categories":[932],"tags":[516,927,772],"class_list":["post-1382","post","type-post","status-publish","format-standard","has-post-thumbnail","hentry","category-kidical-mass","tag-kidical-mass","tag-sommer","tag-wiesbaden","has-post-title","has-post-date","has-post-category","has-post-tag","has-post-comment","has-post-author",""],"builder_content":"","_links":{"self":[{"href":"https:\/\/www.adfc-wiesbaden.de\/it\/wp-json\/wp\/v2\/posts\/1382","targetHints":{"allow":["GET"]}}],"collection":[{"href":"https:\/\/www.adfc-wiesbaden.de\/it\/wp-json\/wp\/v2\/posts"}],"about":[{"href":"https:\/\/www.adfc-wiesbaden.de\/it\/wp-json\/wp\/v2\/types\/post"}],"author":[{"embeddable":true,"href":"https:\/\/www.adfc-wiesbaden.de\/it\/wp-json\/wp\/v2\/users\/52"}],"replies":[{"embeddable":true,"href":"https:\/\/www.adfc-wiesbaden.de\/it\/wp-json\/wp\/v2\/comments?post=1382"}],"version-history":[{"count":4,"href":"https:\/\/www.adfc-wiesbaden.de\/it\/wp-json\/wp\/v2\/posts\/1382\/revisions"}],"predecessor-version":[{"id":76331,"href":"https:\/\/www.adfc-wiesbaden.de\/it\/wp-json\/wp\/v2\/posts\/1382\/revisions\/76331"}],"wp:featuredmedia":[{"embeddable":true,"href":"https:\/\/www.adfc-wiesbaden.de\/it\/wp-json\/wp\/v2\/media\/1598"}],"wp:attachment":[{"href":"https:\/\/www.adfc-wiesbaden.de\/it\/wp-json\/wp\/v2\/media?parent=1382"}],"wp:term":[{"taxonomy":"category","embeddable":true,"href":"https:\/\/www.adfc-wiesbaden.de\/it\/wp-json\/wp\/v2\/categories?post=1382"},{"taxonomy":"post_tag","embeddable":true,"href":"https:\/\/www.adfc-wiesbaden.de\/it\/wp-json\/wp\/v2\/tags?post=1382"}],"curies":[{"name":"wp","href":"https:\/\/api.w.org\/{rel}","templated":true}]}}