{"id":1387,"date":"2023-01-31T23:04:07","date_gmt":"2023-01-31T23:04:07","guid":{"rendered":"https:\/\/kidicalmass.adfc-wiesbaden.de\/?p=1387"},"modified":"2026-04-24T20:00:50","modified_gmt":"2026-04-24T18:00:50","slug":"2023-09-24","status":"publish","type":"post","link":"https:\/\/www.adfc-wiesbaden.de\/it\/2023\/01\/kidical-mass\/2023-09-24\/","title":{"rendered":"Messa Kidical 24 settembre 2023"},"content":{"rendered":"<p><\/p>\n\n\n\n<h2 class=\"wp-block-heading\">10. Messa dei bambini a Wiesbaden<\/h2>\n\n\n\n<p>La terza Messa Kidical Wiesbaden 2023 si svolger\u00e0 il 24 settembre alle 15:00 come parte del mondo <a href=\"https:\/\/kinderaufsrad.org\/\" target=\"_blank\" rel=\"noreferrer noopener\">Giornate di azione di massa<\/a> invece. Inizia eccezionalmente a Kranzplatz. Questa \u00e8 la fine di questa volta nelle strutture Nerotal. Non preoccuparti, non stiamo solo guidando lungo la Taunusstra\u00dfe.<\/p>\n\n\n\n<h2 class=\"wp-block-heading\">Sostiene i nostri obiettivi<\/h2>\n\n\n\n<p>I nostri obiettivi principali sono riassunti in una petizione che pu\u00f2 essere firmata e condivisa. La petizione \u00e8 consultabile al seguente indirizzo: <a href=\"https:\/\/weact.campact.de\/petitions\/kinder-aufs-rad-fur-ein-lebenswertes-wiesbaden\" target=\"_blank\" rel=\"noreferrer noopener\">https:\/\/weact.campact.de\/petitions\/kinder-aufs-rad-fur-ein-lebenswertes-wiesbaden<\/a><\/p>\n\n\n\n<p>C'\u00e8 bisogno di una pressione costante sulla politica per cambiare il nostro mondo. Sebbene la conferenza dei ministri dei Trasporti di marzo sostenga una riforma della StVG e della StVO incentrata sulla mobilit\u00e0 a misura di bambino, nulla \u00e8 stato ancora riformato. Pertanto, affrontiamoci tutti insieme per questo grande cambiamento e guidiamo insieme.<\/p>\n\n\n\n<h2 class=\"wp-block-heading\" id=\"Zubringertouren\">Tour dei feeder<\/h2>\n\n\n\n<p>Ci saranno feeder tour da diversi distretti. Durante i feeder tour, alcune famiglie si incontrano nella scuola primaria del distretto e guidano insieme fino al punto di partenza. Gli alimentatori non sono una dimostrazione registrata e non fanno parte dell'evento. \u00c8 guidato su piste ciclabili.<br>Dal tuo alloggio non c'\u00e8 alimentatore e sei interessato, quindi scrivici, <a href=\"\/it\/ma&\/#105;&#108;&#116;&#x6f;&#x3a;&#x6b;&#x69;&#x64;ic&#97;&#108;&#109;&#x61;&#x73;&#x73;&#x40;&#x61;df&#99;&#45;&#119;&#x69;&#x65;&#x73;&#x62;&#x61;de&#110;&#46;&#100;&#x65;\">kidicalmass@adfc-wiesbaden.de<\/a>, un. Aiutiamo nell'organizzazione.<\/p>\n\n\n\n<p>Tour di feeder pianificati (saranno aggiunte modifiche):<\/p>\n\n\n\n<figure class=\"wp-block-table alignleft\"><table><tbody><tr><td>Distretto \/ distretto<\/td><td class=\"has-text-align-left\" data-align=\"left\">rendezvous<\/td><td>ora<\/td><td>percorso<\/td><\/tr><tr><td>Biebrich<\/td><td class=\"has-text-align-left\" data-align=\"left\">Fontana del suonatore di flauto<br>sulle rive del Reno<\/td><td>14:15<\/td><td>6,2 km<\/td><\/tr><tr><td>Distretto della poesia<\/td><td class=\"has-text-align-left\" data-align=\"left\">Sfruttare la scuola<br>Hebbelplatz \/ Hebbelstra\u00dfe<\/td><td>14:30<\/td><td>2.8 km<\/td><\/tr><tr><td>Kohlheck<\/td><td class=\"has-text-align-left\" data-align=\"left\">Contenitori di vetro<br>Strada dolomitica all'angolo di Paul-Gerhardt-Stra\u00dfe<\/td><td>14:15<\/td><td>5,1 km<\/td><\/tr><tr><td>Quartiere dell'artista<\/td><td class=\"has-text-align-left\" data-align=\"left\">Scuola Friedrich von Schiller (nuovo edificio)<br>Carla-Henius-Stra\u00dfe 3-5<\/td><td>14:20<\/td><td>3,5 km<\/td><\/tr><tr><td>nordest<\/td><td class=\"has-text-align-left\" data-align=\"left\">Scuola di Santa Messa di San Giovanni<br>Portabiciclette Johannes-Maa\u00df-Stra\u00dfe \/ gg\u00fc. Muro del cimitero<\/td><td>14:30<\/td><td>1,4 km<\/td><\/tr><tr><td>Waldstra\u00dfe<\/td><td class=\"has-text-align-left\" data-align=\"left\">Scuola di Diesterweg<br>Baumstra\u00dfe angolo di Riedstra\u00dfe<\/td><td>14:15<\/td><td>4.7 km<\/td><\/tr><tr><td>Westend<\/td><td class=\"has-text-align-left\" data-align=\"left\">Scuola di Bl\u00fccher<br>Scharnhorststra\u00dfe angolo di Bl\u00fccherstra\u00dfe<\/td><td>14:30<\/td><td>2,2 km<\/td><\/tr><\/tbody><\/table><figcaption class=\"wp-element-caption\">Stato: 22.09.2023 11:00<\/figcaption><\/figure>\n\n\n\n<h4 class=\"wp-block-heading\" id=\"Zubringertourenkarte\">Mappa dei feeder tours<\/h4>\n\n\n\n<iframe \nsrc=\"https:\/\/www.google.com\/maps\/d\/embed?mid=1Lwihg_fSdtNO-vRCCoI92-00k10VcLY&#038;ehbc=2E312F&#038;\" width=\"640\" height=\"480\"><\/iframe>\n\n\n\n<h2 class=\"wp-block-heading\" id=\"Preise\">Riscattare i prezzi per i francobolli<\/h2>\n\n\n\n<p>Partecipare alla Messa Kidical 3 volte e ottenere una sorpresa, questo \u00e8 ci\u00f2 che il nostro&nbsp;<a href=\"https:\/\/www.adfc-wiesbaden.de\/it\/3-x-kidical-mass-1-ueberraschung\/\">Azione di timbro<\/a>.\u00a0 Quindi porta i tuoi volantini timbrati dalla prima e dalla seconda Messa Kidical 2023, ottieni il prossimo timbro e una piccola sorpresa.<br>L'ultimo timbro e i prezzi danno dopo il viaggio al giallo <a href=\"https:\/\/www.adfc-wiesbaden.de\/it\/\" target=\"_blank\" rel=\"noreferrer noopener\">ADFC<\/a>Ruota con la scatola sul davanti.<\/p>\n\n\n<!-- wp:themify-builder\/canvas \/-->","protected":false},"excerpt":{"rendered":"<p>Domenica 24 settembre 2023, ADFC Wiesbaden ospiter\u00e0 la terza Messa Kidical Wiesbaden 2023. Il punto d'incontro \u00e8 alle 15:00 alla Kranzplatz.<\/p>","protected":false},"author":52,"featured_media":1489,"comment_status":"closed","ping_status":"closed","sticky":false,"template":"Nachrichten-Seite.php","format":"standard","meta":{"footnotes":""},"categories":[932],"tags":[928,516,772],"class_list":["post-1387","post","type-post","status-publish","format-standard","has-post-thumbnail","hentry","category-kidical-mass","tag-herbst","tag-kidical-mass","tag-wiesbaden","has-post-title","has-post-date","has-post-category","has-post-tag","has-post-comment","has-post-author",""],"builder_content":"","_links":{"self":[{"href":"https:\/\/www.adfc-wiesbaden.de\/it\/wp-json\/wp\/v2\/posts\/1387","targetHints":{"allow":["GET"]}}],"collection":[{"href":"https:\/\/www.adfc-wiesbaden.de\/it\/wp-json\/wp\/v2\/posts"}],"about":[{"href":"https:\/\/www.adfc-wiesbaden.de\/it\/wp-json\/wp\/v2\/types\/post"}],"author":[{"embeddable":true,"href":"https:\/\/www.adfc-wiesbaden.de\/it\/wp-json\/wp\/v2\/users\/52"}],"replies":[{"embeddable":true,"href":"https:\/\/www.adfc-wiesbaden.de\/it\/wp-json\/wp\/v2\/comments?post=1387"}],"version-history":[{"count":3,"href":"https:\/\/www.adfc-wiesbaden.de\/it\/wp-json\/wp\/v2\/posts\/1387\/revisions"}],"predecessor-version":[{"id":76355,"href":"https:\/\/www.adfc-wiesbaden.de\/it\/wp-json\/wp\/v2\/posts\/1387\/revisions\/76355"}],"wp:featuredmedia":[{"embeddable":true,"href":"https:\/\/www.adfc-wiesbaden.de\/it\/wp-json\/wp\/v2\/media\/1489"}],"wp:attachment":[{"href":"https:\/\/www.adfc-wiesbaden.de\/it\/wp-json\/wp\/v2\/media?parent=1387"}],"wp:term":[{"taxonomy":"category","embeddable":true,"href":"https:\/\/www.adfc-wiesbaden.de\/it\/wp-json\/wp\/v2\/categories?post=1387"},{"taxonomy":"post_tag","embeddable":true,"href":"https:\/\/www.adfc-wiesbaden.de\/it\/wp-json\/wp\/v2\/tags?post=1387"}],"curies":[{"name":"wp","href":"https:\/\/api.w.org\/{rel}","templated":true}]}}