{"id":1541,"date":"2024-01-31T21:21:17","date_gmt":"2024-01-31T21:21:17","guid":{"rendered":"https:\/\/kidicalmass.adfc-wiesbaden.de\/?p=1541"},"modified":"2026-04-24T19:35:44","modified_gmt":"2026-04-24T17:35:44","slug":"22-september-2024","status":"publish","type":"post","link":"https:\/\/www.adfc-wiesbaden.de\/it\/2024\/01\/kidical-mass\/22-september-2024\/","title":{"rendered":"Messa per i bambini 22 settembre 2024"},"content":{"rendered":"<h2 class=\"wp-block-heading\">13. Messa dei bambini a Wiesbaden<\/h2>\n\n\n\n<ul class=\"wp-block-list\">\n<li><a href=\"https:\/\/www.adfc-wiesbaden.de\/it\/22-september-2024\/#Malaktion\">Azione di pittura<\/a><\/li>\n\n\n\n<li><a href=\"https:\/\/www.adfc-wiesbaden.de\/it\/22-september-2024\/#Schilder\">Segnali di disegno<\/a><\/li>\n\n\n\n<li><a href=\"https:\/\/www.adfc-wiesbaden.de\/it\/22-september-2024\/#Preise\">Raccogliere i prezzi per il francobollo<\/a><\/li>\n\n\n\n<li><a href=\"https:\/\/www.adfc-wiesbaden.de\/it\/22-september-2024\/#Zubringertouren\">Tour dei feeder<\/a>\n<ul class=\"wp-block-list\">\n<li><a href=\"https:\/\/www.adfc-wiesbaden.de\/it\/22-september-2024\/#Karte\">Alimentatore di mappe<\/a><\/li>\n<\/ul>\n<\/li>\n<\/ul>\n\n\n\n<p>La terza Messa Kidical Wiesbaden 2023 si svolger\u00e0 il 22.09. alle 15:00 come parte del mondo <a href=\"https:\/\/kinderaufsrad.org\/\" target=\"_blank\" rel=\"noreferrer noopener\">Giornate di azione di massa<\/a> invece. Questa volta l'inizio e la fine sono identici sul terreno del Dern'sches. Intorno al municipio e soprattutto sulla piazza del castello, il <a href=\"https:\/\/www.wiesbaden.de\/leben-in-wiesbaden\/gesellschaft\/kinder\/content\/weltkindertag.php\" data-type=\"link\" data-id=\"https:\/\/www.wiesbaden.de\/leben-in-wiesbaden\/gesellschaft\/kinder\/content\/weltkindertag.php\" target=\"_blank\" rel=\"noreferrer noopener\">Giornata Mondiale dell'Infanzia<\/a> Festeggiata dalle 13:00 alle 18:00. Il percorso \u00e8 lungo 5,8 km. <br>Come sempre, siamo accompagnati da poliziotti e paramedici. <\/p>\n\n\n\n<h2 class=\"wp-block-heading\" id=\"Malaktion\">Azione di pittura<\/h2>\n\n\n\n<p>Abbelliremo l'asfalto di questa Schiersteiner Stra\u00dfe altrimenti ben frequentata con il gesso. Pertanto, la Messa Kidical rimane visibile a un'ampia variet\u00e0 di partecipanti al traffico anche nei giorni successivi. Non ci sono limiti alla tua creativit\u00e0. Abbiamo del gesso sul posto. In modo che tu possa dipingere pi\u00f9 a lungo e anche con il tuo colore preferito, \u00e8 meglio portare il tuo gesso.<\/p>\n\n\n\n<h2 class=\"wp-block-heading\" id=\"Schilder\">striscioni, cartelli, \u2026<\/h2>\n\n\n\n<p>Per mostrare ai passanti di cosa si tratta, sono utili cartelli, striscioni, ecc. Crea questi in anticipo, li attacca alle ruote e quindi trasporta le nostre intenzioni. Non hai idea dei segni,&nbsp;<a href=\"https:\/\/kinderaufsrad.org\/wp-content\/uploads\/2022\/05\/Demoschilder_KidicalMass_Selbstausdrucken-1.pdf\" target=\"_blank\" rel=\"noreferrer noopener\">qui<\/a>&nbsp;\u00c8 possibile scaricare e stampare moduli.<\/p>\n\n\n\n<h2 class=\"wp-block-heading\" id=\"Preise\">Riscattare i prezzi per i francobolli<\/h2>\n\n\n\n<p>Per tutti coloro che hanno partecipato alla Messa Kidical tre volte nel 2024 e ogni volta timbrato al nostro&nbsp;<a href=\"https:\/\/www.adfc-wiesbaden.de\/it\/3-x-kidical-mass-1-ueberraschung\/\">Azione di timbro<\/a> Ancora una volta, una piccola sorpresa ti aspetta. Porta i tuoi volantini timbrati dalla prima e dalla seconda Messa Kidical, ottieni l'ultimo timbro e scambia il volantino con la sorpresa.<br>L'ultimo timbro \u00e8 dopo il giro al giallo&nbsp;<a href=\"https:\/\/www.adfc-wiesbaden.de\/it\/\" target=\"_blank\" rel=\"noreferrer noopener\">ADFC<\/a>Ruota con la scatola sul davanti.<\/p>\n\n\n\n<h2 class=\"wp-block-heading\" id=\"Zubringertouren\">Tour dei feeder<\/h2>\n\n\n\n<p>I feeder tour sono viaggi auto-organizzati in cui le famiglie si incontrano nella loro scuola elementare nel distretto e poi guidano insieme fino al punto di partenza. Gli alimentatori non sono una dimostrazione registrata e non fanno parte dell'evento. \u00c8 percorsa su piste ciclabili e strade secondarie a basso traffico.<br>Dal tuo alloggio non c'\u00e8 ancora un alimentatore e sei interessato, quindi scrivici,&nbsp;<a href=\"\/it\/&\/#109;a&#x69;l&#x74;o&#x3a;&#107;&#x69;&#100;&#x69;&#99;a&#x6c;m&#x61;s&#x73;&#64;&#x61;&#100;&#x66;&#99;&#x2d;&#119;i&#x65;s&#x62;a&#x64;&#101;&#x6e;&#46;&#x64;&#101;\">kidicalmass@adfc-wiesbaden.de<\/a>, un. Aiutiamo nell'organizzazione.<\/p>\n\n\n\n<p>Tour di feeder pianificati (le modifiche sono costantemente aggiornate):<\/p>\n\n\n\n<figure class=\"wp-block-table is-style-stripes\"><table><tbody><tr><td class=\"has-text-align-center\" data-align=\"center\">Distretto \/ distretto<\/td><td class=\"has-text-align-center\" data-align=\"center\">rendezvous<\/td><td>ora<\/td><td>lunghezza<\/td><\/tr><tr><td class=\"has-text-align-center\" data-align=\"center\">Biebrich<\/td><td class=\"has-text-align-center\" data-align=\"center\">Fontana del suonatore di flauto<br>sulle rive del Reno<\/td><td>14:15<\/td><td>6,2 km<\/td><\/tr><tr><td class=\"has-text-align-center\" data-align=\"center\">Distretto della poesia<\/td><td class=\"has-text-align-center\" data-align=\"center\">Sfruttare la scuola<br>Hebbelplatz \/ Hebbelstra\u00dfe<\/td><td>14:30<\/td><td>2.8 km<\/td><\/tr><tr><td class=\"has-text-align-center\" data-align=\"center\">Kohlheck<\/td><td class=\"has-text-align-center\" data-align=\"center\">Contenitori di vetro<br>Strada dolomitica all'angolo di Paul-Gerhardt-Stra\u00dfe<\/td><td>14:15<\/td><td>5,1 km<\/td><\/tr><tr><td class=\"has-text-align-center\" data-align=\"center\">Quartiere dell'artista<\/td><td class=\"has-text-align-center\" data-align=\"center\">Scuola Friedrich von Schiller (nuovo edificio)<br>Carla-Henius-Stra\u00dfe 3-5<\/td><td>14:20<\/td><td>3,5 km<\/td><\/tr><tr><td class=\"has-text-align-center\" data-align=\"center\">nordest<\/td><td class=\"has-text-align-center\" data-align=\"center\">Scuola di Santa Messa di San Giovanni<br>Portabiciclette Johannes-Maa\u00df-Stra\u00dfe \/ gg\u00fc. Muro del cimitero<\/td><td>14:30<\/td><td>1,1 km<\/td><\/tr><tr><td class=\"has-text-align-center\" data-align=\"center\">Westend<\/td><td class=\"has-text-align-center\" data-align=\"center\">Scuola di Bl\u00fccher<br>Scharnhorststra\u00dfe angolo di Bl\u00fccherstra\u00dfe<\/td><td>14:30<br><\/td><td>2,2 km<\/td><\/tr><\/tbody><\/table><figcaption class=\"wp-element-caption\">Stato: 11.09.2024 23:00<\/figcaption><\/figure>\n\n\n\n<h3 class=\"wp-block-heading\" id=\"Karte\">Mappa dei feeder tours<\/h3>\n\n\n\n<iframe loading=\"lazy\" src=\"https:\/\/www.google.com\/maps\/d\/embed?mid=1-0FkY4g8RSGvkHj5LUpACrlCn5V0D5o&#038;ehbc=2E312F\" width=\"640\" height=\"480\"><\/iframe>\n\n\n<!-- wp:themify-builder\/canvas \/-->","protected":false},"excerpt":{"rendered":"<p>La terza Kidical Mass Wiesbaden 2023 si svolger\u00e0 il 22.09. alle 15:00 come parte delle giornate di azione Kidical Mass in tutto il mondo. Questa volta l'inizio e la fine sono identici sul terreno del Dern'sches. Intorno al municipio e in particolare sulla Schlossplatz, la Giornata Mondiale dell'Infanzia si celebra dalle 13:00 alle 18:00. Il percorso \u00e8 lungo 5,8 km.<br \/>\nCome sempre, siamo accompagnati da poliziotti e paramedici.<\/p>","protected":false},"author":52,"featured_media":70293,"comment_status":"closed","ping_status":"closed","sticky":false,"template":"Nachrichten-Seite.php","format":"standard","meta":{"footnotes":""},"categories":[932],"tags":[928,516,772],"class_list":["post-1541","post","type-post","status-publish","format-standard","has-post-thumbnail","hentry","category-kidical-mass","tag-herbst","tag-kidical-mass","tag-wiesbaden","has-post-title","has-post-date","has-post-category","has-post-tag","has-post-comment","has-post-author",""],"builder_content":"","_links":{"self":[{"href":"https:\/\/www.adfc-wiesbaden.de\/it\/wp-json\/wp\/v2\/posts\/1541","targetHints":{"allow":["GET"]}}],"collection":[{"href":"https:\/\/www.adfc-wiesbaden.de\/it\/wp-json\/wp\/v2\/posts"}],"about":[{"href":"https:\/\/www.adfc-wiesbaden.de\/it\/wp-json\/wp\/v2\/types\/post"}],"author":[{"embeddable":true,"href":"https:\/\/www.adfc-wiesbaden.de\/it\/wp-json\/wp\/v2\/users\/52"}],"replies":[{"embeddable":true,"href":"https:\/\/www.adfc-wiesbaden.de\/it\/wp-json\/wp\/v2\/comments?post=1541"}],"version-history":[{"count":7,"href":"https:\/\/www.adfc-wiesbaden.de\/it\/wp-json\/wp\/v2\/posts\/1541\/revisions"}],"predecessor-version":[{"id":76320,"href":"https:\/\/www.adfc-wiesbaden.de\/it\/wp-json\/wp\/v2\/posts\/1541\/revisions\/76320"}],"wp:featuredmedia":[{"embeddable":true,"href":"https:\/\/www.adfc-wiesbaden.de\/it\/wp-json\/wp\/v2\/media\/70293"}],"wp:attachment":[{"href":"https:\/\/www.adfc-wiesbaden.de\/it\/wp-json\/wp\/v2\/media?parent=1541"}],"wp:term":[{"taxonomy":"category","embeddable":true,"href":"https:\/\/www.adfc-wiesbaden.de\/it\/wp-json\/wp\/v2\/categories?post=1541"},{"taxonomy":"post_tag","embeddable":true,"href":"https:\/\/www.adfc-wiesbaden.de\/it\/wp-json\/wp\/v2\/tags?post=1541"}],"curies":[{"name":"wp","href":"https:\/\/api.w.org\/{rel}","templated":true}]}}