{"id":1654,"date":"2025-09-21T21:58:56","date_gmt":"2025-09-21T19:58:56","guid":{"rendered":"https:\/\/kidicalmass.adfc-wiesbaden.de\/?p=1654"},"modified":"2026-04-17T19:43:31","modified_gmt":"2026-04-17T17:43:31","slug":"2025-09-21","status":"publish","type":"post","link":"https:\/\/www.adfc-wiesbaden.de\/it\/2025\/09\/kidical-mass\/2025-09-21\/","title":{"rendered":"16. Messa Kidical Wiesbaden - settembre 2025"},"content":{"rendered":"<p><\/p>\n\n<!--themify_builder_content-->\n<div id=\"themify_builder_content-1654\" data-postid=\"1654\" class=\"themify_builder_content themify_builder_content-1654 themify_builder tf_clear\">\n                    <div  data-lazy=\"1\" class=\"module_row themify_builder_row tb_0h7j880 tb_first tf_w\">\n                        <div class=\"row_inner col_align_top tb_col_count_1 tf_box tf_rel\">\n                        <div  data-lazy=\"1\" class=\"module_column tb-column col-full tb_drbz881 first\">\n                    <!-- module image -->\n<div  class=\"module module-image tb_2t7n655 image-top   tf_mw tb_gs2677162d\" data-lazy=\"1\">\n        <div class=\"image-wrap tf_rel tf_mw\">\n            <img loading=\"lazy\" decoding=\"async\" width=\"2048\" height=\"1366\" src=\"https:\/\/www.adfc-wiesbaden.de\/wp-content\/uploads\/2024\/10\/KM-Wiesbaden-2409-Schiersteiner-Strasse.jpeg\" class=\"wp-post-image wp-image-1633\" title=\"Messa dei bambini - \u00a9 ADFC Wiesbaden\" alt=\"Messa dei bambini - \u00a9 ADFC Wiesbaden\" srcset=\"https:\/\/www.adfc-wiesbaden.de\/wp-content\/uploads\/2024\/10\/KM-Wiesbaden-2409-Schiersteiner-Strasse.jpeg 2048w, https:\/\/www.adfc-wiesbaden.de\/wp-content\/uploads\/2024\/10\/KM-Wiesbaden-2409-Schiersteiner-Strasse-700x467.jpeg 700w, https:\/\/www.adfc-wiesbaden.de\/wp-content\/uploads\/2024\/10\/KM-Wiesbaden-2409-Schiersteiner-Strasse-1400x934.jpeg 1400w, https:\/\/www.adfc-wiesbaden.de\/wp-content\/uploads\/2024\/10\/KM-Wiesbaden-2409-Schiersteiner-Strasse-200x133.jpeg 200w, https:\/\/www.adfc-wiesbaden.de\/wp-content\/uploads\/2024\/10\/KM-Wiesbaden-2409-Schiersteiner-Strasse-768x512.jpeg 768w, https:\/\/www.adfc-wiesbaden.de\/wp-content\/uploads\/2024\/10\/KM-Wiesbaden-2409-Schiersteiner-Strasse-1536x1025.jpeg 1536w\" sizes=\"auto, (max-width: 2048px) 100vw, 2048px\" \/>    \n        <\/div>\n    <!-- \/image-wrap -->\n    \n        <div class=\"image-content\">\n                    <h3 class=\"image-title\">\n                                    Messa dei bambini - \u00a9 ADFC Wiesbaden                            <\/h3>\n                    <\/div>\n    <!-- \/image-content -->\n        <\/div>\n<!-- \/module image --><!-- module text -->\n<div  class=\"module module-text tb_8dv0838    tb_gs678604\" data-lazy=\"1\">\n        <div  class=\"tb_text_wrap\">\n        <h1>16. Messa Kidical Wiesbaden - settembre 2025<\/h1>\n<p>La terza Messa Kidical Wiesbaden 2025 si svolger\u00e0 il 21 settembre alle 15:00 come parte del mondo\u00a0<a href=\"https:\/\/kinderaufsrad.org\/\" target=\"_blank\" rel=\"noreferrer noopener\">Giornate di azione di massa<\/a>\u00a0invece. Riparte dal sito di Dern\u2019sches. Intorno al municipio e soprattutto sulla piazza del castello, il\u00a0<a href=\"https:\/\/www.wiesbaden.de\/leben-in-wiesbaden\/gesellschaft-soziales\/kinder\/kinderrechte\/weltkindertag\" target=\"_blank\" rel=\"noreferrer noopener\">Giornata Mondiale dell'Infanzia<\/a>\u00a0Festeggiata dalle 13:00 alle 18:00. Concludiamo questa volta nell'area verde del Nerotal, dove il camion dei gelati ci rifornir\u00e0 di nuovo di ghiaccio. Come sempre, siamo accompagnati da poliziotti e paramedici.<\/p>\n<h2>Azione di pittura<\/h2>\n<p>Abbelliremo l'asfalto grigio di fronte alla Landeshaus con il gesso. Pertanto, la Messa Kidical rimane visibile a un'ampia variet\u00e0 di partecipanti al traffico anche nei giorni successivi. Nelle immediate vicinanze \u00e8 stato il 1. Suona il popolare sentiero ambientale interrotto. Non ci sono limiti alla tua creativit\u00e0. Abbiamo del gesso sul posto. In modo che tu possa dipingere pi\u00f9 a lungo e anche con il tuo colore preferito, \u00e8 meglio portare il tuo gesso.<\/p>\n<h2>Riscattare i prezzi per i francobolli<\/h2>\n<p>Per tutti coloro che hanno partecipato alla Messa Kidical tre volte nel 2025 e ogni volta timbrato al nostro\u00a0<a href=\"https:\/\/www.adfc-wiesbaden.de\/it\/3-x-kidical-mass-1-ueberraschung\/\">Azione di timbro<\/a>\u00a0Ancora una volta, una piccola sorpresa ti aspetta. Porta i tuoi volantini timbrati dalla prima e dalla seconda Messa Kidical, ottieni l'ultimo timbro e scambia il volantino con la sorpresa.<br \/>L'ultimo timbro \u00e8 dopo il giro al giallo\u00a0<a href=\"https:\/\/www.adfc-wiesbaden.de\/it\/\" target=\"_blank\" rel=\"noreferrer noopener\">ADFC<\/a>Ruota con la scatola sul davanti.<\/p>\n<h2>Tour dei feeder<\/h2>\n<h3>Tour di feeder pianificati (le modifiche sono costantemente aggiornate):<\/h3>\n<figure class=\"wp-block-table is-style-stripes\">\n<table class=\"has-fixed-layout\">\n<tbody>\n<tr>\n<td>Distretto \/ distretto<\/td>\n<td>rendezvous<\/td>\n<td>ora<\/td>\n<td>distanze<\/td>\n<\/tr>\n<tr>\n<td>nordest<\/td>\n<td><strong>Scuola di Santa Messa di San Giovanni<\/strong><br \/>Portabiciclette Johannes-Maa\u00df-Stra\u00dfe \/ gg\u00fc. Muro del cimitero<\/td>\n<td>14:30<\/td>\n<td>1,5 km<\/td>\n<\/tr>\n<\/tbody>\n<\/table>\n<\/figure>\n<p>I feeder tour sono viaggi auto-organizzati in cui le famiglie si incontrano nella loro scuola elementare nel distretto e poi guidano insieme fino al punto di partenza. Gli alimentatori non sono una dimostrazione registrata e non fanno parte dell'evento. \u00c8 percorsa su piste ciclabili e strade secondarie a basso traffico.<br \/>Dal tuo alloggio non c'\u00e8 ancora un alimentatore e sei interessato, quindi scrivici,\u00a0<a href=\"\/it\/&\/#109;&#x61;i&#108;&#x74;o&#58;&#x6b;i&#x64;&#x69;&#99;&#x61;l&#109;&#x61;s&#115;&#x40;a&#x64;&#x66;&#99;&#x2d;&#x77;&#105;&#x65;s&#98;&#x61;d&#101;&#x6e;&#46;&#x64;&#x65;\">kidicalmass@adfc-wiesbaden.de<\/a>, un. Aiutiamo nell'organizzazione.<\/p>    <\/div>\n<\/div>\n<!-- \/module text --><!-- module image -->\n<div  class=\"module module-image tb_pyx5916 image-top   tf_mw\" data-lazy=\"1\">\n        <div class=\"image-wrap tf_rel tf_mw\">\n            <img loading=\"lazy\" decoding=\"async\" width=\"735\" height=\"1022\" src=\"https:\/\/www.adfc-wiesbaden.de\/wp-content\/uploads\/2025\/01\/2025-09-21_kmwbn_Route_sharepic.jpg\" class=\"wp-post-image wp-image-1802\" title=\"Percorso Kidical Mass di Wiesbaden 21.09.2025\" alt=\"Itinerario del 16 Messa dei bambini a Wiesbaden\" srcset=\"https:\/\/www.adfc-wiesbaden.de\/wp-content\/uploads\/2025\/01\/2025-09-21_kmwbn_Route_sharepic.jpg 735w, https:\/\/www.adfc-wiesbaden.de\/wp-content\/uploads\/2025\/01\/2025-09-21_kmwbn_Route_sharepic-700x973.jpg 700w, https:\/\/www.adfc-wiesbaden.de\/wp-content\/uploads\/2025\/01\/2025-09-21_kmwbn_Route_sharepic-200x278.jpg 200w\" sizes=\"auto, (max-width: 735px) 100vw, 735px\" \/>    \n        <\/div>\n    <!-- \/image-wrap -->\n    \n        <\/div>\n<!-- \/module image --><!-- module plain text -->\n<div  class=\"module module-plain-text tb_u24z839\" data-lazy=\"1\">\n        <div class=\"tb_text_wrap\">\n    <h3>\n\tMappa dei feeder tours\n<\/h3>\n<iframe loading=\"lazy\" src=\"https:\/\/www.google.com\/maps\/d\/u\/0\/embed?mid=11jAiJcc-X0-dSVvxeJ1K4xzLMTOiGTg&#038;ehbc=2E312F&#038;noprof=1\" width=\"640\" height=\"480\"><\/iframe>    <\/div>\n<\/div>\n<!-- \/module plain text -->        <\/div>\n                        <\/div>\n        <\/div>\n        <\/div>\n<!--\/themify_builder_content-->","protected":false},"excerpt":{"rendered":"<p>La terza Kidical Mass Wiesbaden 2025 si svolger\u00e0 il 21 settembre alle 15:00 come parte dei giorni di azione Kidical Mass in tutto il mondo. Riparte dal sito di Dern\u2019sches. Intorno al municipio e in particolare sulla Schlossplatz, la Giornata Mondiale dell'Infanzia si celebra dalle 13:00 alle 18:00. Concludiamo questa volta nell'area verde del Nerotal, dove il camion dei gelati ci rifornir\u00e0 di nuovo di ghiaccio. Come sempre, siamo accompagnati da poliziotti e paramedici.<\/p>","protected":false},"author":52,"featured_media":76050,"comment_status":"closed","ping_status":"closed","sticky":false,"template":"Nachrichten-Seite.php","format":"standard","meta":{"footnotes":""},"categories":[932],"tags":[928,516,772],"class_list":["post-1654","post","type-post","status-publish","format-standard","has-post-thumbnail","hentry","category-kidical-mass","tag-herbst","tag-kidical-mass","tag-wiesbaden","has-post-title","has-post-date","has-post-category","has-post-tag","has-post-comment","has-post-author",""],"builder_content":"<img src=\"https:\/\/www.adfc-wiesbaden.de\/wp-content\/uploads\/2024\/10\/KM-Wiesbaden-2409-Schiersteiner-Strasse.jpeg\" title=\"Kidical Mass - &copy; ADFC Wiesbaden\" alt=\"Kidical Mass - &copy; ADFC Wiesbaden\" srcset=\"https:\/\/www.adfc-wiesbaden.de\/wp-content\/uploads\/2024\/10\/KM-Wiesbaden-2409-Schiersteiner-Strasse.jpeg 2048w, https:\/\/www.adfc-wiesbaden.de\/wp-content\/uploads\/2024\/10\/KM-Wiesbaden-2409-Schiersteiner-Strasse-700x467.jpeg 700w, https:\/\/www.adfc-wiesbaden.de\/wp-content\/uploads\/2024\/10\/KM-Wiesbaden-2409-Schiersteiner-Strasse-1400x934.jpeg 1400w, https:\/\/www.adfc-wiesbaden.de\/wp-content\/uploads\/2024\/10\/KM-Wiesbaden-2409-Schiersteiner-Strasse-200x133.jpeg 200w, https:\/\/www.adfc-wiesbaden.de\/wp-content\/uploads\/2024\/10\/KM-Wiesbaden-2409-Schiersteiner-Strasse-768x512.jpeg 768w, https:\/\/www.adfc-wiesbaden.de\/wp-content\/uploads\/2024\/10\/KM-Wiesbaden-2409-Schiersteiner-Strasse-1536x1025.jpeg 1536w\" sizes=\"(max-width: 2048px) 100vw, 2048px\" \/> <h3> Kidical Mass - &copy; ADFC Wiesbaden <\/h3>\n<h1>16. Kidical Mass Wiesbaden - September 2025<\/h1> <p>Die dritte Kidical Mass Wiesbaden 2025 findet am 21.09. um 15:00 Uhr im Rahmen der weltweiten\u00a0<a href=\"https:\/\/kinderaufsrad.org\/\" target=\"_blank\" rel=\"noreferrer noopener\">Kidical-Mass-Aktionstagen<\/a>\u00a0statt. Gestartet wird wieder auf dem Dern\u2019sches Gel\u00e4nde. Rund um das Rathaus und besonders auf dem Schlo\u00dfplatz wird der\u00a0<a href=\"https:\/\/www.wiesbaden.de\/leben-in-wiesbaden\/gesellschaft-soziales\/kinder\/kinderrechte\/weltkindertag\" target=\"_blank\" rel=\"noreferrer noopener\">Weltkindertag<\/a>\u00a0von 13:00 bis 18:00 Uhr gefeiert. Wir enden diesmal in der Gr\u00fcnanlage im Nerotal, wo uns der Eiswagen wieder mit Eis versorgen wird. Begleitet werden wir wie immer durch Polizei und Sanit\u00e4ter.<\/p> <h2>Malaktion<\/h2> <p>Wir werden den grauen Asphalt vor dem Landeshaus mit Kreide versch\u00f6nern. Somit bleibt die Kidical Mass auch noch in den Folgetagen f\u00fcr unterschiedlichste Verkehrsteilnehmende sichtbar. In unmittelbarer N\u00e4he wurde auf dem 1. Ring die beliebte Umweltspur unterbrochen. Eurer Kreativit\u00e4t sind dabei keine Grenzen gesetzt. Wir haben Kreide vor Ort. Damit ihr l\u00e4nger und auch mit eurer Lieblingsfarbe malen k\u00f6nnt, bringt am Besten eurer eigene Kreide mit.<\/p> <h2>Preise f\u00fcr Stempel einl\u00f6sen<\/h2> <p>F\u00fcr alle die 2025 drei Mal an der Kidical Mass teilgenommen und jedes Mal Stempel bei unserer\u00a0<a href=\"https:\/\/www.adfc-wiesbaden.de\/3-x-kidical-mass-1-ueberraschung\/\">Stempelaktion<\/a>\u00a0gesammelt haben, wartet wieder eine kleine \u00dcberraschung. Bringt eure gestempelten Flyer von der ersten und zweiten Kidical Mass mit, holt euch den letzten Stempel und tauscht den Flyer gegen die \u00dcberraschung ein.<br \/>Den letzten Stempel gibt es nach der Fahrt beim gelben\u00a0<a href=\"https:\/\/www.adfc-wiesbaden.de\/\" target=\"_blank\" rel=\"noreferrer noopener\">ADFC<\/a>-Lastenrad mit der Box vorne drauf.<\/p> <h2>Zubringertouren<\/h2> <h3>Geplanten Zubringertouren (\u00c4nderungen werden stetig aktualisiert):<\/h3> <figure> <table> <tbody> <tr> <td>Stadtteil \/ Quartier<\/td> <td>Treffpunkt<\/td> <td>Uhrzeit<\/td> <td>Distanz<\/td> <\/tr> <tr> <td>Nordost<\/td> <td><strong>Johannes-Maa\u00df-Schule<\/strong><br \/>Fahrradst\u00e4nder Johannes-Maa\u00df-Stra\u00dfe \/ gg\u00fc. Friedhofsmauer<\/td> <td>14:30<\/td> <td>1,5 km<\/td> <\/tr> <\/tbody> <\/table> <\/figure> <p>Zubringertouren sind selbstorganisierte Fahrten zu denen sich Familien an ihrer Grundschule im Viertel treffen und dann gemeinsam zum Startpunkt fahren. Die Zubringer sind keine angemeldete Demonstration und sind nicht Teil der Veranstaltung. Es wird auf Radwegen und verkehrsarmen Nebenstra\u00dfen gefahren.<br \/>Aus euren Viertel gibt es noch keinen Zubringer und ihr habt Interesse, dann schreibt uns,\u00a0<a href=\"mailto:kidicalmass@adfc-wiesbaden.de\">kidicalmass@adfc-wiesbaden.de<\/a>, an. Wir helfen beim Organisieren.<\/p>\n<img src=\"https:\/\/www.adfc-wiesbaden.de\/wp-content\/uploads\/2025\/01\/2025-09-21_kmwbn_Route_sharepic.jpg\" title=\"Kidical Mass Wiesbaden Route 21.09.2025\" alt=\"Route der 16. Kidical Mass Wiesbaden\" srcset=\"https:\/\/www.adfc-wiesbaden.de\/wp-content\/uploads\/2025\/01\/2025-09-21_kmwbn_Route_sharepic.jpg 735w, https:\/\/www.adfc-wiesbaden.de\/wp-content\/uploads\/2025\/01\/2025-09-21_kmwbn_Route_sharepic-700x973.jpg 700w, https:\/\/www.adfc-wiesbaden.de\/wp-content\/uploads\/2025\/01\/2025-09-21_kmwbn_Route_sharepic-200x278.jpg 200w\" sizes=\"(max-width: 735px) 100vw, 735px\" \/>\n<h3> Karte der Zubringertouren <\/h3> <iframe loading=\"lazy\" src=\"https:\/\/www.google.com\/maps\/d\/u\/0\/embed?mid=11jAiJcc-X0-dSVvxeJ1K4xzLMTOiGTg&ehbc=2E312F&noprof=1\" width=\"640\" height=\"480\"><\/iframe>","_links":{"self":[{"href":"https:\/\/www.adfc-wiesbaden.de\/it\/wp-json\/wp\/v2\/posts\/1654","targetHints":{"allow":["GET"]}}],"collection":[{"href":"https:\/\/www.adfc-wiesbaden.de\/it\/wp-json\/wp\/v2\/posts"}],"about":[{"href":"https:\/\/www.adfc-wiesbaden.de\/it\/wp-json\/wp\/v2\/types\/post"}],"author":[{"embeddable":true,"href":"https:\/\/www.adfc-wiesbaden.de\/it\/wp-json\/wp\/v2\/users\/52"}],"replies":[{"embeddable":true,"href":"https:\/\/www.adfc-wiesbaden.de\/it\/wp-json\/wp\/v2\/comments?post=1654"}],"version-history":[{"count":32,"href":"https:\/\/www.adfc-wiesbaden.de\/it\/wp-json\/wp\/v2\/posts\/1654\/revisions"}],"predecessor-version":[{"id":76052,"href":"https:\/\/www.adfc-wiesbaden.de\/it\/wp-json\/wp\/v2\/posts\/1654\/revisions\/76052"}],"wp:featuredmedia":[{"embeddable":true,"href":"https:\/\/www.adfc-wiesbaden.de\/it\/wp-json\/wp\/v2\/media\/76050"}],"wp:attachment":[{"href":"https:\/\/www.adfc-wiesbaden.de\/it\/wp-json\/wp\/v2\/media?parent=1654"}],"wp:term":[{"taxonomy":"category","embeddable":true,"href":"https:\/\/www.adfc-wiesbaden.de\/it\/wp-json\/wp\/v2\/categories?post=1654"},{"taxonomy":"post_tag","embeddable":true,"href":"https:\/\/www.adfc-wiesbaden.de\/it\/wp-json\/wp\/v2\/tags?post=1654"}],"curies":[{"name":"wp","href":"https:\/\/api.w.org\/{rel}","templated":true}]}}