{"id":39,"date":"2022-01-07T18:54:25","date_gmt":"2022-01-07T18:54:25","guid":{"rendered":"https:\/\/kidicalmass.adfc-wiesbaden.de\/?p=39"},"modified":"2026-04-24T19:57:35","modified_gmt":"2026-04-24T17:57:35","slug":"2022-09-25","status":"publish","type":"post","link":"https:\/\/www.adfc-wiesbaden.de\/it\/2022\/01\/kidical-mass\/2022-09-25\/","title":{"rendered":"Messa Kidical 25 settembre 2022"},"content":{"rendered":"<h1 class=\"wp-block-heading\" id=\"7.-Kidical-Mass-Wiesbaden\">7. Messa dei bambini a Wiesbaden<\/h1>\n\n\n\n<ul class=\"wp-block-list\">\n<li><a href=\"https:\/\/www.adfc-wiesbaden.de\/it\/2022-09-25\/#Preise\">Riscattare i prezzi per i francobolli<\/a><\/li>\n\n\n\n<li><a href=\"https:\/\/www.adfc-wiesbaden.de\/it\/2022-09-25\/#Malaktion\">Azione di pittura<\/a><\/li>\n\n\n\n<li><a href=\"https:\/\/www.adfc-wiesbaden.de\/it\/2022-09-25\/#Schilder\">striscioni, cartelli, \u2026<\/a><\/li>\n\n\n\n<li><a href=\"https:\/\/www.adfc-wiesbaden.de\/it\/2022-09-25\/#Zubringertouren\">Tour dei feeder<\/a><\/li>\n<\/ul>\n\n\n\n<p>La terza Messa Kidical Wiesbaden 2022 si svolger\u00e0 il 25.09. alle 15:00 come parte del mondo <a href=\"https:\/\/kinderaufsrad.org\/\" data-type=\"URL\" data-id=\"https:\/\/kinderaufsrad.org\/\" target=\"_blank\" rel=\"noreferrer noopener\">Week-end di massa per bambini<\/a> invece. Inizia eccezionalmente a Kranzplatz. L'edizione autunnale adorna il festival cittadino. Il centro citt\u00e0 attira con <a href=\"https:\/\/www.wiesbaden.de\/leben-in-wiesbaden\/freizeit\/feste\/verkaufsoffener-sonntag.php\" target=\"_blank\" rel=\"noreferrer noopener\">Aperto per la vendita Domenica<\/a>, il mercato autunnale nella zona pedonale, il festival cittadino sulla Dern'sche Gel\u00e4nde e il <a href=\"https:\/\/www.wiesbaden.de\/leben-in-wiesbaden\/freizeit\/feste\/erntedankfest.php\" target=\"_blank\" rel=\"noreferrer noopener\">Giorno del Ringraziamento<\/a> nell'intestino caldo. Quest'ultimo \u00e8 il nostro consiglio per rafforzarsi dopo la bici per bambini Corso con prodotti regionali. <\/p>\n\n\n\n<h2 class=\"wp-block-heading\" id=\"Preise\">Riscattare i prezzi per i francobolli<\/h2>\n\n\n\n<p>Partecipare alla Messa Kidical 3 volte e ottenere una sorpresa, questo \u00e8 ci\u00f2 che il nostro&nbsp;<a href=\"https:\/\/www.adfc-wiesbaden.de\/it\/3-x-kidical-mass-1-ueberraschung\/\">Azione di timbro<\/a>.\u00a0 Quindi porta i tuoi volantini timbrati dalla prima e dalla seconda Kidical Mass 2022, ottieni il prossimo timbro e una piccola sorpresa.<br>L'ultimo timbro e i prezzi danno dopo il viaggio al giallo <a href=\"https:\/\/www.adfc-wiesbaden.de\/it\/\" target=\"_blank\" rel=\"noreferrer noopener\">ADFC<\/a>Ruota con la scatola sul davanti.<\/p>\n\n\n\n<h2 class=\"wp-block-heading\" id=\"Malaktion\">Azione di pittura<\/h2>\n\n\n\n<p>Facciamo una pausa davanti al Landesmuseum di Friedrich-Ebert-Allee. Abbelliremo l'asfalto di questa strada altrimenti ben frequentata con il gesso. Pertanto, la Messa Kidical rimane visibile a un'ampia variet\u00e0 di partecipanti al traffico anche nei giorni successivi. Non ci sono limiti alla tua creativit\u00e0. Abbiamo del gesso sul posto. In modo che tu possa dipingere pi\u00f9 a lungo e con il tuo colore preferito, porta il tuo gesso.<\/p>\n\n\n\n<h2 class=\"wp-block-heading\" id=\"Schilder\">striscioni, cartelli, \u2026<\/h2>\n\n\n\n<p>Per mostrare ai passanti di cosa si tratta, sono utili cartelli, striscioni, ecc. Crea questi in anticipo, li attacca alle ruote e quindi trasporta le nostre intenzioni. Non hai idea dei segni, <a href=\"https:\/\/kinderaufsrad.org\/wp-content\/uploads\/2022\/05\/Demoschilder_KidicalMass_Selbstausdrucken-1.pdf\">qui<\/a> \u00c8 possibile scaricare e stampare moduli. All'ultimo Kinder-Fahrtrad-Korso, questo cartello \u00e8 stato stampato con la scritta \"Safe speed down, thank you\".<\/p>\n\n\n\n<div class=\"wp-block-cover aligncenter\" style=\"min-height:700px;aspect-ratio:unset;\"><img loading=\"lazy\" decoding=\"async\" width=\"700\" height=\"467\" class=\"wp-block-cover__image-background wp-image-69750\" alt=\"Un gruppo di ciclisti, tra cui molti bambini.\" src=\"https:\/\/www.adfc-wiesbaden.de\/wp-content\/uploads\/2025\/02\/KidicalMassWiesbaden_6d-700x467.jpg\" data-object-fit=\"cover\" srcset=\"https:\/\/www.adfc-wiesbaden.de\/wp-content\/uploads\/2025\/02\/KidicalMassWiesbaden_6d-700x467.jpg 700w, https:\/\/www.adfc-wiesbaden.de\/wp-content\/uploads\/2025\/02\/KidicalMassWiesbaden_6d-200x133.jpg 200w, https:\/\/www.adfc-wiesbaden.de\/wp-content\/uploads\/2025\/02\/KidicalMassWiesbaden_6d-768x512.jpg 768w, https:\/\/www.adfc-wiesbaden.de\/wp-content\/uploads\/2025\/02\/KidicalMassWiesbaden_6d-300x200.jpg 300w, https:\/\/www.adfc-wiesbaden.de\/wp-content\/uploads\/2025\/02\/KidicalMassWiesbaden_6d.jpg 1024w\" sizes=\"auto, (max-width: 700px) 100vw, 700px\" \/><span aria-hidden=\"true\" class=\"wp-block-cover__background has-background-dim\"><\/span><div class=\"wp-block-cover__inner-container is-layout-flow wp-block-cover-is-layout-flow\">\n<p class=\"has-text-align-center has-large-font-size\"><\/p>\n<\/div><\/div>\n\n\n\n<h2 class=\"wp-block-heading\" id=\"Zubringertouren\">Tour dei feeder<\/h2>\n\n\n\n<p>Attualmente stiamo cercando di organizzare tour feeder da diversi distretti. Li pubblicheremo qui la prossima settimana. Se sei interessato, scrivici: <a href=\"\/it\/&\/#x6d;&#x61;&#x69;&#x6c;&#x74;&#x6f;&#x3a;&#x6b;&#x69;&#x64;&#x69;&#x63;&#x61;&#x6c;&#x6d;&#x61;&#x73;&#x73;&#x40;&#x61;&#x64;&#x66;&#99;&#45;&#119;&#105;&#101;&#115;&#98;&#97;&#100;&#101;&#110;&#46;&#100;&#101;\">kidicalmass@adfc-wiesbaden.de<\/a><\/p>\n\n\n<!-- wp:themify-builder\/canvas \/-->","protected":false},"excerpt":{"rendered":"<p>Domenica 25 settembre 2022 ADFC Wiesbaden ospiter\u00e0 la terza Messa Kidical Wiesbaden 2022. Il punto d'incontro \u00e8 alle 15:00 alla Kranzplatz.<\/p>","protected":false},"author":52,"featured_media":1370,"comment_status":"closed","ping_status":"closed","sticky":false,"template":"Nachrichten-Seite.php","format":"standard","meta":{"footnotes":""},"categories":[932],"tags":[928,516,772],"class_list":["post-39","post","type-post","status-publish","format-standard","has-post-thumbnail","hentry","category-kidical-mass","tag-herbst","tag-kidical-mass","tag-wiesbaden","has-post-title","has-post-date","has-post-category","has-post-tag","has-post-comment","has-post-author",""],"builder_content":"","_links":{"self":[{"href":"https:\/\/www.adfc-wiesbaden.de\/it\/wp-json\/wp\/v2\/posts\/39","targetHints":{"allow":["GET"]}}],"collection":[{"href":"https:\/\/www.adfc-wiesbaden.de\/it\/wp-json\/wp\/v2\/posts"}],"about":[{"href":"https:\/\/www.adfc-wiesbaden.de\/it\/wp-json\/wp\/v2\/types\/post"}],"author":[{"embeddable":true,"href":"https:\/\/www.adfc-wiesbaden.de\/it\/wp-json\/wp\/v2\/users\/52"}],"replies":[{"embeddable":true,"href":"https:\/\/www.adfc-wiesbaden.de\/it\/wp-json\/wp\/v2\/comments?post=39"}],"version-history":[{"count":7,"href":"https:\/\/www.adfc-wiesbaden.de\/it\/wp-json\/wp\/v2\/posts\/39\/revisions"}],"predecessor-version":[{"id":76346,"href":"https:\/\/www.adfc-wiesbaden.de\/it\/wp-json\/wp\/v2\/posts\/39\/revisions\/76346"}],"wp:featuredmedia":[{"embeddable":true,"href":"https:\/\/www.adfc-wiesbaden.de\/it\/wp-json\/wp\/v2\/media\/1370"}],"wp:attachment":[{"href":"https:\/\/www.adfc-wiesbaden.de\/it\/wp-json\/wp\/v2\/media?parent=39"}],"wp:term":[{"taxonomy":"category","embeddable":true,"href":"https:\/\/www.adfc-wiesbaden.de\/it\/wp-json\/wp\/v2\/categories?post=39"},{"taxonomy":"post_tag","embeddable":true,"href":"https:\/\/www.adfc-wiesbaden.de\/it\/wp-json\/wp\/v2\/tags?post=39"}],"curies":[{"name":"wp","href":"https:\/\/api.w.org\/{rel}","templated":true}]}}