{"id":78029,"date":"2026-08-31T21:05:12","date_gmt":"2026-08-31T19:05:12","guid":{"rendered":"https:\/\/www.adfc-wiesbaden.de\/?p=78029"},"modified":"2026-08-31T21:05:13","modified_gmt":"2026-08-31T19:05:13","slug":"der-adfc-fragt-nach-wie-fahrradfreundlich-ist-wiesbaden","status":"publish","type":"post","link":"https:\/\/www.adfc-wiesbaden.de\/it\/2026\/08\/politik-verkehr\/der-adfc-fragt-nach-wie-fahrradfreundlich-ist-wiesbaden\/","title":{"rendered":"L'ADFC chiede: Quanto \u00e8 a misura di ciclista Wiesbaden?"},"content":{"rendered":"<p class=\"wp-block-paragraph\"><\/p>\n\n<!--themify_builder_content-->\n<div id=\"themify_builder_content-78029\" data-postid=\"78029\" class=\"themify_builder_content themify_builder_content-78029 themify_builder tf_clear\">\n                    <div  data-lazy=\"1\" class=\"module_row themify_builder_row tb_97nk009 tb_first tf_w\">\n                        <div class=\"row_inner col_align_top tb_col_count_1 tf_box tf_rel\">\n                        <div  data-lazy=\"1\" class=\"module_column tb-column col-full tb_5z01093 first\">\n                    <!-- module image -->\n<div  class=\"module module-image tb_eiyg657 image-top   tf_mw tb_gs2677162d\" data-lazy=\"1\">\n        <div class=\"image-wrap tf_rel tf_mw\">\n            <img loading=\"lazy\" decoding=\"async\" width=\"2159\" height=\"1215\" src=\"https:\/\/www.adfc-wiesbaden.de\/wp-content\/uploads\/2026\/08\/FKT26_Kommunen_KeyVisual_desktop.jpg\" class=\"wp-post-image wp-image-78033\" title=\"Prova climatica della bicicletta 2026\" alt=\"Quanto \u00e8 bike-friendly il tuo posto? Prova climatica 2026 della bicicletta di ADFC\" srcset=\"https:\/\/www.adfc-wiesbaden.de\/wp-content\/uploads\/2026\/08\/FKT26_Kommunen_KeyVisual_desktop.jpg 2159w, https:\/\/www.adfc-wiesbaden.de\/wp-content\/uploads\/2026\/08\/FKT26_Kommunen_KeyVisual_desktop-700x394.jpg 700w, https:\/\/www.adfc-wiesbaden.de\/wp-content\/uploads\/2026\/08\/FKT26_Kommunen_KeyVisual_desktop-1400x788.jpg 1400w, https:\/\/www.adfc-wiesbaden.de\/wp-content\/uploads\/2026\/08\/FKT26_Kommunen_KeyVisual_desktop-200x113.jpg 200w, https:\/\/www.adfc-wiesbaden.de\/wp-content\/uploads\/2026\/08\/FKT26_Kommunen_KeyVisual_desktop-768x432.jpg 768w, https:\/\/www.adfc-wiesbaden.de\/wp-content\/uploads\/2026\/08\/FKT26_Kommunen_KeyVisual_desktop-1536x864.jpg 1536w, https:\/\/www.adfc-wiesbaden.de\/wp-content\/uploads\/2026\/08\/FKT26_Kommunen_KeyVisual_desktop-2048x1153.jpg 2048w, https:\/\/www.adfc-wiesbaden.de\/wp-content\/uploads\/2026\/08\/FKT26_Kommunen_KeyVisual_desktop-18x10.jpg 18w\" sizes=\"auto, (max-width: 2159px) 100vw, 2159px\" \/>    \n        <\/div>\n    <!-- \/image-wrap -->\n    \n        <div class=\"image-content\">\n                    <h3 class=\"image-title\">\n                                    Quanto \u00e8 bike-friendly il tuo posto? ADFC Bicicletta prova climatica 2026 | \u00a9 ADFC                            <\/h3>\n                    <\/div>\n    <!-- \/image-content -->\n        <\/div>\n<!-- \/module image --><!-- module text -->\n<div  class=\"module module-text tb_s3p7811    tb_gs678604\" data-lazy=\"1\">\n        <div  class=\"tb_text_wrap\">\n        <div class=\"button_container\">\n<div class=\"margin_16-16-8-0 adfc-orange-background\">\n<h1>L'ADFC chiede: Quanto \u00e8 a misura di ciclista Wiesbaden?<\/h1>\n<h2>Inizia oggi il grande test climatico per bici ADFC 2026. Nuovo: Bambini e adolescenti con un proprio sondaggio<\/h2>\n<p>Wiesbaden, 01.09.2026: Oggi, il grande test climatico ciclistico ADFC (FKT) inizia nel 2026. Dal 1 settembre al 30 novembre, i ciclisti di tutta la Germania potranno valutare quanto sia bike-friendly proprio qui a Wiesbaden. Qual \u00e8 la condizione delle piste ciclabili? Quanto si sta gi\u00e0 facendo per il ciclismo? Il ciclismo \u00e8 divertente o \u00e8 pi\u00f9 stressante? Per la prima volta, l'attenzione \u00e8 rivolta ai bambini e agli adolescenti con un proprio sondaggio. La classifica nazionale delle citt\u00e0 pi\u00f9 a misura di bicicletta e gli ulteriori risultati dell'indagine saranno presentati nella primavera del 2027.<\/p>\n<p>Il presidente federale dell'ADFC Frank Masurat ha dichiarato: \"Il ciclismo ti tiene in forma, \u00e8 efficace in termini di costi e fa bene al clima, ma \u00e8 anche divertente. Molte citt\u00e0 e comuni stanno quindi costruendo piste ciclabili e parcheggi per biciclette. Ma le condizioni variano notevolmente da luogo a luogo. Questo \u00e8 ci\u00f2 di cui si occupa il dodicesimo sondaggio. Prova climatica ciclistica ADFC. Come si \u00e8 sviluppata la compatibilit\u00e0 con la bicicletta in loco e dove deve ancora essere migliorata? I risultati dell'indagine contribuiranno a migliorare le condizioni dei ciclisti.\"<\/p>\n<p>Mich\u00e9le Fleckenstein, membro del consiglio di amministrazione di ADFC Wiesbaden\/Rheingau-Taunus, afferma: \"Chiunque pedali regolarmente a Wiesbaden conosce le nuove strade ciclabili Mosbacher Stra\u00dfe, Lessingstra\u00dfe o brandnew a R\u00fcdesheimer Stra\u00dfe, ma anche dove la situazione \u00e8 confusa, come direttamente alla stazione principale o attraverso i numerosi cantieri. Vogliamo rendere visibili queste esperienze con il test climatico della bicicletta ADFC. I risultati mostrano a noi e ai leader politici dove Wiesbaden si trova davvero quando si tratta di ciclismo.<strong> in quali settori \u00e8 ancora necessaria un'azione<\/strong>. Per questo motivo invitiamo tutti i ciclisti a partecipare.\"<\/p>\n<h3>Focus su bambini e adolescenti<\/h3>\n<p>Per la prima volta, l'ADFC dedica anche la propria indagine a bambini e adolescenti come parte del test climatico della bicicletta ADFC. I giovani, in particolare, hanno bisogno di condizioni particolarmente sicure per poter andare in bicicletta in modo indipendente, a scuola, nello sport o nel tempo libero. Pertanto, l'ADFC vuole sapere da loro cosa funziona bene quando si pedala, cosa li rende difficili e cosa deve cambiare in modo che a loro piaccia salire sulla moto o addirittura a tutti.<\/p>\n<p>\"L'offerta per ciclisti sicuri ed esperti \u00e8 notevolmente migliorata a Wiesbaden negli ultimi anni e molte aziende hanno i propri programmi di mobilit\u00e0. I bambini e gli adolescenti raramente salgono in bicicletta a Wiesbaden, perch\u00e9 i collegamenti sicuri, che possono anche essere gestiti da soli, cos\u00ec come i parcheggi sicuri sono ancora troppo spesso mancanti. I bambini e i giovani sperimentano il traffico stradale in modo diverso rispetto agli adulti. Le loro risposte possono mostrare molto concretamente se ai giovani di Wiesbaden piace andare in bicicletta e cosa deve cambiare per poter viaggiare in modo sicuro e indipendente\". Fleckenstein.<\/p>\n<p>Al fine di richiamare l'attenzione sui bisogni dei bambini e degli adolescenti, l'ADFC Wiesbaden organizza una Messa Kidical (Kinder-Bicycle-Korso) il 20 settembre.<\/p>\n<h3>Partecipa ora<\/h3>\n<p>Quanto \u00e8 sicuro il ciclismo? Le piste ciclabili sono abbastanza larghe e in buone condizioni? Quanto spesso viene utilizzata la bicicletta? Il sondaggio online sul test climatico ciclistico ADFC \u00e8 composto da 27 domande, dura circa dieci minuti e dura fino al 30 novembre 2026. L'indagine si svolge per la dodicesima volta e mostra come i ciclisti vivono il loro posto in modo ciclabile e dove c'\u00e8 spazio per miglioramenti. Pi\u00f9 persone sotto <a href=\"https:\/\/fkt.adfc.de\/befragung\"><strong>https:\/\/fkt.adfc.de\/befragung<\/strong><\/a> Partecipare, pi\u00f9 significativi sono i risultati. Nell'ultimo round, 213.000 persone in tutta la Germania hanno preso parte al sondaggio. L'ADFC Wiesbaden chiede pertanto che il test climatico ciclistico ADFC sia raccomandato anche tra amici e conoscenti, nei club e sul posto di lavoro.<\/p>\n<h3>Anche i comuni sono richiesti<\/h3>\n<p>L'ADFC Cycle Climate Test 2026 comprende tre indagini: I ciclisti valutano la compatibilit\u00e0 con la bicicletta del loro posto, i bambini e i giovani descrivono le loro esperienze e le loro esigenze nei giovani della FKT e presso il comune, le citt\u00e0 e i comuni della FKT forniscono informazioni su come promuovono gi\u00e0 la bicicletta. Questo rende la moto-compatibilit\u00e0 in loco visibile da tre diverse prospettive. I risultati saranno presentati nella primavera del 2027, compresa la classifica nazionale delle citt\u00e0 pi\u00f9 bike-friendly.<\/p>\n<h3>Informazioni sull'ADFC Cycling Climate Test 2026<\/h3>\n<p>L'ADFC Cycle Climate Test 2026 \u00e8 finanziato dal Ministero Federale dei Trasporti (BMV) con fondi per l'attuazione del Piano Ciclistico Nazionale (NRVP).<\/p>\n<h3>Informazioni su ADFC Wiesbaden \/ Rheingau-Taunus e.V.<\/h3>\n<p>L'ADFC Wiesbaden rappresenta gli interessi dei ciclisti nella capitale dello stato dell'Assia e nella regione di Rheingau-Taunus. Con oltre 2.000 membri in loco, l'associazione \u00e8 impegnata in una politica a favore della bicicletta, percorsi sicuri e una migliore qualit\u00e0 della vita attraverso il design moderno della mobilit\u00e0.<\/p>\n<h3>Informazioni sull'ADFC<\/h3>\n<p>Con oltre 240.000 membri, l'Allgemeine Deutsche Fahrrad-Club e.V. (ADFC) \u00e8 la pi\u00f9 grande rappresentanza degli interessi dei ciclisti in Germania e nel mondo. Consiglia su tutte le questioni relative alle biciclette. Politicamente, l'ADFC \u00e8 impegnata nella promozione coerente della bicicletta a livello regionale, nazionale e internazionale.<\/p>\n<\/div>\n<\/div>    <\/div>\n<\/div>\n<!-- \/module text -->        <\/div>\n                        <\/div>\n        <\/div>\n        <\/div>\n<!--\/themify_builder_content-->\n\n\n<p class=\"wp-block-paragraph\"><\/p>","protected":false},"excerpt":{"rendered":"<p>Inizia oggi il grande test climatico per bici ADFC 2026. Nuovo: Bambini e adolescenti con un proprio sondaggio<\/p>","protected":false},"author":50,"featured_media":78032,"comment_status":"closed","ping_status":"closed","sticky":false,"template":"Nachrichten-Seite.php","format":"standard","meta":{"footnotes":""},"categories":[123,522],"tags":[865,775,738],"class_list":["post-78029","post","type-post","status-publish","format-standard","has-post-thumbnail","hentry","category-politik-verkehr","category-pressemitteilung","tag-fkt","tag-politik-verkehr","tag-pressemitteilung","has-post-title","has-post-date","has-post-category","has-post-tag","has-post-comment","has-post-author",""],"builder_content":"<img src=\"https:\/\/www.adfc-wiesbaden.de\/wp-content\/uploads\/2026\/08\/FKT26_Kommunen_KeyVisual_desktop.jpg\" title=\"Fahrradklima Test 2026\" alt=\"Wie fahrradfreundlich ist dein Ort? ADFC Fahrradklima Test 2026\" srcset=\"https:\/\/www.adfc-wiesbaden.de\/wp-content\/uploads\/2026\/08\/FKT26_Kommunen_KeyVisual_desktop.jpg 2159w, https:\/\/www.adfc-wiesbaden.de\/wp-content\/uploads\/2026\/08\/FKT26_Kommunen_KeyVisual_desktop-700x394.jpg 700w, https:\/\/www.adfc-wiesbaden.de\/wp-content\/uploads\/2026\/08\/FKT26_Kommunen_KeyVisual_desktop-1400x788.jpg 1400w, https:\/\/www.adfc-wiesbaden.de\/wp-content\/uploads\/2026\/08\/FKT26_Kommunen_KeyVisual_desktop-200x113.jpg 200w, https:\/\/www.adfc-wiesbaden.de\/wp-content\/uploads\/2026\/08\/FKT26_Kommunen_KeyVisual_desktop-768x432.jpg 768w, https:\/\/www.adfc-wiesbaden.de\/wp-content\/uploads\/2026\/08\/FKT26_Kommunen_KeyVisual_desktop-1536x864.jpg 1536w, https:\/\/www.adfc-wiesbaden.de\/wp-content\/uploads\/2026\/08\/FKT26_Kommunen_KeyVisual_desktop-2048x1153.jpg 2048w, https:\/\/www.adfc-wiesbaden.de\/wp-content\/uploads\/2026\/08\/FKT26_Kommunen_KeyVisual_desktop-18x10.jpg 18w\" sizes=\"(max-width: 2159px) 100vw, 2159px\" \/> <h3> Wie fahrradfreundlich ist dein Ort? ADFC Fahrradklima Test 2026 | &copy; ADFC <\/h3>\n<h1>Der ADFC fragt nach: Wie fahrradfreundlich ist Wiesbaden?<\/h1> <h2>Der gro\u00dfe ADFC-Fahrradklima-Test 2026 startet heute. Neu: Kinder und Jugendliche mit eigener Umfrage<\/h2> <p>Wiesbaden, den 01.09.2026: Heute startet der gro\u00dfe ADFC-Fahrradklima-Test (FKT) 2026. Vom 1. September bis zum 30. November k\u00f6nnen Radfahrer und Radfahrerinnen in ganz Deutschland bewerten, wie fahrradfreundlich es direkt hier vor Ort in Wiesbaden ist. Wie ist der Zustand der Radwege? Wie viel wird f\u00fcrs Radfahren schon getan? Macht Radfahren Spa\u00df oder ist es eher Stress? Zum ersten Mal stehen Kinder und Jugendliche mit einer eigenen Umfrage im Fokus. Das bundesweite Ranking der fahrradfreundlichsten St\u00e4dte und weitere Ergebnisse der Befragung werden im Fr\u00fchjahr 2027 vorgestellt.<\/p> <p>ADFC-Bundesvorsitzender Frank Masurat sagt: \u201eRadfahren h\u00e4lt fit, ist kosteng\u00fcnstig und gut f\u00fcr das Klima \u2013 Spa\u00df macht es obendrein. Viele St\u00e4dte und Gemeinden bauen deswegen Radwege und Fahrradparkh\u00e4user. Doch die Bedingungen unterscheiden sich von Ort zu Ort erheblich. Genau darum geht es bei der Befragung zum 12. ADFC-Fahrradklima-Test. Wie hat sich die Fahrradfreundlichkeit vor Ort entwickelt und wo muss noch nachgebessert werden? Die Ergebnisse der Befragung helfen dabei, die Bedingungen f\u00fcr Radfahrerinnen und Radfahrer zu verbessern.\u201c<\/p> <p>Mich\u00e9le Fleckenstein, Vorstandsmitglied des ADFC Wiesbaden\/Rheingau-Taunus, sagt: \u201eWer regelm\u00e4\u00dfig mit dem Fahrrad in Wiesbaden unterwegs ist, kennt die neuen Fahrradstra\u00dfen Mosbacher Stra\u00dfe, Lessingstra\u00dfe oder brandneu in der R\u00fcdesheimer Stra\u00dfe, aber auch, wo die Situation wie direkt am Hauptbahnhof oder durch die vielen Baustellen un\u00fcbersichtlich ist. Diese Erfahrungen wollen wir mit dem ADFC-Fahrradklima-Test sichtbar machen. Die Ergebnisse zeigen uns und den politisch Verantwortlichen, wo Wiesbaden beim Radverkehr wirklich steht und<strong> in welchen Bereichen noch Handlungsbedarf besteht<\/strong>. Deshalb rufen wir alle Radfahrerinnen und Radfahrer dazu auf, mitzumachen.\u201c<\/p> <h3>Kinder und Jugendliche im Fokus<\/h3> <p>Zum ersten Mal widmet der ADFC auch Kindern und Jugendlichen eine eigene Umfrage im Rahmen des ADFC-Fahrradklima-Tests. Gerade junge Menschen brauchen besonders sichere Bedingungen, um selbstst\u00e4ndig mit dem Rad unterwegs zu sein \u2013 zur Schule, zum Sport oder in der Freizeit. Deshalb m\u00f6chte der ADFC von ihnen selbst wissen, was beim Radfahren gut funktioniert, was ihnen Schwierigkeiten macht und was sich ver\u00e4ndern muss, damit sie gerne oder \u00fcberhaupt auf das Fahrrad steigen.<\/p> <p>\u201eDas Angebot f\u00fcr sichere und erfahrene Radfahrende hat sich in Wiesbaden in den letzten Jahren stark verbessert und viele Unternehmen haben eigene Mobilit\u00e4tsprogramme. Kinder und Jugendliche steigen in Wiesbaden selten aufs Rad, denn sichere Verbindungen, die auch alleine bew\u00e4ltigt werden k\u00f6nnen, sowie sichere Abstellanlagen fehlen noch zu oft. Kinder und Jugendliche erleben den Stra\u00dfenverkehr anders als Erwachsene. Ihre Antworten k\u00f6nnen sehr konkret zeigen, ob junge Menschen in Wiesbaden gerne Rad fahren und was sich \u00e4ndern muss, damit sie sicher und selbstst\u00e4ndig unterwegs sein k\u00f6nnen\u201c, sagt Fleckenstein.<\/p> <p>Um auf die Bed\u00fcrfnisse von Kindern und Jugendlichen aufmerksam zu machen, veranstaltet der ADFC Wiesbaden am 20.09. eine Kidical Mass (Kinder-Fahrrad-Korso).<\/p> <h3>Jetzt teilnehmen<\/h3> <p>Wie sicher f\u00fchlt sich Radfahren an? Sind die Radwege breit genug und in einem guten Zustand? Wie h\u00e4ufig wird das Fahrrad genutzt? Die Online-Befragung zum ADFC-Fahrradklima-Test besteht aus 27 Fragen, dauert rund zehn Minuten und l\u00e4uft bis zum 30. November 2026. Die Befragung findet zum zw\u00f6lften Mal statt und macht deutlich, wie fahrradfreundlich Radfahrerinnen und Radfahrer ihren Ort erleben und wo es Verbesserungsbedarf gibt. Je mehr Menschen unter <a href=\"https:\/\/fkt.adfc.de\/befragung\"><strong>https:\/\/fkt.adfc.de\/befragung<\/strong><\/a> teilnehmen, umso aussagekr\u00e4ftiger sind die Ergebnisse. Beim letzten Durchgang haben 213.000 Menschen in ganz Deutschland an der Befragung teilgenommen. Der ADFC Wiesbaden ruft deshalb dazu auf, den ADFC-Fahrradklima-Test auch im Freundes- und Bekanntenkreis, in Vereinen und am Arbeitsplatz weiterzuempfehlen.<\/p> <h3>Auch die Kommunen sind gefragt<\/h3> <p>Zum ADFC-Fahrradklima-Test 2026 geh\u00f6ren drei Befragungen: Radfahrerinnen und Radfahrer bewerten die Fahrradfreundlichkeit ihres Ortes, Kinder und Jugendliche schildern im FKT-Jugendliche ihre Erfahrungen und Bed\u00fcrfnisse \u2013 und beim FKT-Kommunen geben St\u00e4dte und Gemeinden Auskunft, wie sie den Radverkehr schon f\u00f6rdern. Damit wird die Fahrradfreundlichkeit vor Ort aus drei unterschiedlichen Perspektiven sichtbar. Die Ergebnisse werden im Fr\u00fchjahr 2027 vorgestellt, dazu geh\u00f6rt auch das bundesweite Ranking der fahrradfreundlichsten St\u00e4dte.<\/p> <h3>\u00dcber den ADFC-Fahrradklima-Test 2026<\/h3> <p>Der ADFC-Fahrradklima-Test 2026 wird gef\u00f6rdert durch das Bundesministerium f\u00fcr Verkehr (BMV) aus Mitteln zur Umsetzung des Nationalen Radverkehrsplans (NRVP).<\/p> <h3>\u00dcber den ADFC Wiesbaden \/ Rheingau-Taunus e.V.<\/h3> <p>Der ADFC Wiesbaden ist die Interessenvertretung f\u00fcr Radfahrerinnen und Radfahrer in der hessischen Landeshauptstadt und der Region Rheingau-Taunus. Mit \u00fcber 2.000 Mitgliedern vor Ort setzt sich der Verein f\u00fcr eine fahrradfreundliche Politik, sichere Wege und mehr Lebensqualit\u00e4t durch eine moderne Mobilit\u00e4tsgestaltung ein.<\/p> <h3>\u00dcber den ADFC<\/h3> <p>Der Allgemeine Deutsche Fahrrad-Club e.V. (ADFC) ist mit mehr als 240.000 Mitgliedern die gr\u00f6\u00dfte Interessenvertretung der Radfahrerenden in Deutschland und weltweit. Er ber\u00e4t in allen Fragen rund ums Fahrrad. Politisch engagiert sich der ADFC auf regionaler, nationaler und internationaler Ebene f\u00fcr die konsequente F\u00f6rderung des Radverkehrs.<\/p>","_links":{"self":[{"href":"https:\/\/www.adfc-wiesbaden.de\/it\/wp-json\/wp\/v2\/posts\/78029","targetHints":{"allow":["GET"]}}],"collection":[{"href":"https:\/\/www.adfc-wiesbaden.de\/it\/wp-json\/wp\/v2\/posts"}],"about":[{"href":"https:\/\/www.adfc-wiesbaden.de\/it\/wp-json\/wp\/v2\/types\/post"}],"author":[{"embeddable":true,"href":"https:\/\/www.adfc-wiesbaden.de\/it\/wp-json\/wp\/v2\/users\/50"}],"replies":[{"embeddable":true,"href":"https:\/\/www.adfc-wiesbaden.de\/it\/wp-json\/wp\/v2\/comments?post=78029"}],"version-history":[{"count":20,"href":"https:\/\/www.adfc-wiesbaden.de\/it\/wp-json\/wp\/v2\/posts\/78029\/revisions"}],"predecessor-version":[{"id":78051,"href":"https:\/\/www.adfc-wiesbaden.de\/it\/wp-json\/wp\/v2\/posts\/78029\/revisions\/78051"}],"wp:featuredmedia":[{"embeddable":true,"href":"https:\/\/www.adfc-wiesbaden.de\/it\/wp-json\/wp\/v2\/media\/78032"}],"wp:attachment":[{"href":"https:\/\/www.adfc-wiesbaden.de\/it\/wp-json\/wp\/v2\/media?parent=78029"}],"wp:term":[{"taxonomy":"category","embeddable":true,"href":"https:\/\/www.adfc-wiesbaden.de\/it\/wp-json\/wp\/v2\/categories?post=78029"},{"taxonomy":"post_tag","embeddable":true,"href":"https:\/\/www.adfc-wiesbaden.de\/it\/wp-json\/wp\/v2\/tags?post=78029"}],"curies":[{"name":"wp","href":"https:\/\/api.w.org\/{rel}","templated":true}]}}