{"id":1380,"date":"2023-01-31T18:55:23","date_gmt":"2023-01-31T18:55:23","guid":{"rendered":"https:\/\/kidicalmass.adfc-wiesbaden.de\/?p=1380"},"modified":"2026-04-24T19:53:41","modified_gmt":"2026-04-24T17:53:41","slug":"2023-03-19","status":"publish","type":"post","link":"https:\/\/www.adfc-wiesbaden.de\/ro\/2023\/01\/kidical-mass\/2023-03-19\/","title":{"rendered":"Masa copiilor 19 martie 2023"},"content":{"rendered":"<h2 class=\"wp-block-heading\">8. Liturghie Kidical \u00een Wiesbaden<\/h2>\n\n\n\n<p>Prima Liturghie Kidical\u0103 Wiesbaden 2023 va avea loc duminic\u0103, 19.03, la ora 15.00. S\u0103 ne \u00eentoarcem la terenul Dernsches. La nivelul salonului de \u00eenghe\u021bat\u0103. Dup\u0103 o altitudine bun\u0103 de 5 km \u0219i 50 de metri, bicicleta pentru copii Corso se termin\u0103 \u00een Valea Wellritz.<\/p>\n\n\n\n<h2 class=\"wp-block-heading\" id=\"Zubringertouren\">Tururi de alimentare<\/h2>\n\n\n\n<p>Vor fi excursii de alimentare din diferite districte. \u00cen excursiile de tip feeder, unele familii din acela\u0219i district se \u00eent\u00e2lnesc \u0219i conduc \u00eempreun\u0103 p\u00e2n\u0103 la punctul de plecare al Dern\u2019sche Gel\u00e4nde. Alimentatoarele nu sunt o demonstra\u021bie \u00eenregistrat\u0103. Acesta este condus pe piste de ciclism.<br>Dac\u0103 sunte\u021bi interesat de un alimentator din cabina dvs., atunci scrie\u021bi-ne, <a href=\"\/ro\/&\/#x6d;a&#x69;&#108;&#x74;&#111;&#x3a;&#x6b;i&#x64;&#105;&#x63;&#97;&#x6c;&#109;a&#x73;&#115;&#x40;&#97;&#x64;&#102;c&#x2d;&#119;&#x69;&#101;&#x73;&#98;a&#x64;e&#x6e;&#46;&#x64;&#101;\">kidicalmass@adfc-wiesbaden.de<\/a>, an, ne ajuta cu organizarea.<\/p>\n\n\n\n<figure class=\"wp-block-table\"><table><tbody><tr><td>Districtul\/districtul<\/td><td>\u00eent\u00e2lnire<\/td><td>or\u0103<\/td><\/tr><tr><td>Biebrich<\/td><td>F\u00e2nt\u00e2na c\u00e2nt\u0103re\u021bului la flaut<br>pe malurile Rinului<\/td><td>14:15<\/td><\/tr><tr><td>Kohlheck<\/td><td>Recipiente din sticl\u0103<br>Drumul dolomitic la col\u021bul str\u0103zii Paul-Gerhardt-Stra\u00dfe<\/td><td>14:15<\/td><\/tr><tr><td>Cartierul artistului<\/td><td>Cl\u0103dire nou\u0103 Friedrich-von-Schiller-Schule<br>Carla-Henius-Stra\u00dfe 3-5<\/td><td>14:20<\/td><\/tr><tr><td>Districtul Rheingau<\/td><td>Glyg<br>Col\u021bul Marcobrunnerstra\u00dfe din Rauenthalerstra\u00dfe<\/td><td>14:30<\/td><\/tr><tr><td>Westend<\/td><td>La banca din parc<br>Goebenstra\u00dfe col\u021b Scharnhorststra\u00dfe<\/td><td>14:30<\/td><\/tr><\/tbody><\/table><\/figure>\n\n\n<!-- wp:themify-builder\/canvas \/-->","protected":false},"excerpt":{"rendered":"<p>Duminic\u0103, 19 martie 2023, ADFC Wiesbaden va g\u0103zdui primul Kidical Mass Wiesbaden 2023. Punctul de \u00eent\u00e2lnire este la 15:00 pe site-ul Dernsches.<\/p>","protected":false},"author":52,"featured_media":76050,"comment_status":"closed","ping_status":"closed","sticky":false,"template":"Nachrichten-Seite.php","format":"standard","meta":{"footnotes":""},"categories":[932],"tags":[925,516,772],"class_list":["post-1380","post","type-post","status-publish","format-standard","has-post-thumbnail","hentry","category-kidical-mass","tag-fruehling","tag-kidical-mass","tag-wiesbaden","has-post-title","has-post-date","has-post-category","has-post-tag","has-post-comment","has-post-author",""],"builder_content":"","_links":{"self":[{"href":"https:\/\/www.adfc-wiesbaden.de\/ro\/wp-json\/wp\/v2\/posts\/1380","targetHints":{"allow":["GET"]}}],"collection":[{"href":"https:\/\/www.adfc-wiesbaden.de\/ro\/wp-json\/wp\/v2\/posts"}],"about":[{"href":"https:\/\/www.adfc-wiesbaden.de\/ro\/wp-json\/wp\/v2\/types\/post"}],"author":[{"embeddable":true,"href":"https:\/\/www.adfc-wiesbaden.de\/ro\/wp-json\/wp\/v2\/users\/52"}],"replies":[{"embeddable":true,"href":"https:\/\/www.adfc-wiesbaden.de\/ro\/wp-json\/wp\/v2\/comments?post=1380"}],"version-history":[{"count":5,"href":"https:\/\/www.adfc-wiesbaden.de\/ro\/wp-json\/wp\/v2\/posts\/1380\/revisions"}],"predecessor-version":[{"id":76335,"href":"https:\/\/www.adfc-wiesbaden.de\/ro\/wp-json\/wp\/v2\/posts\/1380\/revisions\/76335"}],"wp:featuredmedia":[{"embeddable":true,"href":"https:\/\/www.adfc-wiesbaden.de\/ro\/wp-json\/wp\/v2\/media\/76050"}],"wp:attachment":[{"href":"https:\/\/www.adfc-wiesbaden.de\/ro\/wp-json\/wp\/v2\/media?parent=1380"}],"wp:term":[{"taxonomy":"category","embeddable":true,"href":"https:\/\/www.adfc-wiesbaden.de\/ro\/wp-json\/wp\/v2\/categories?post=1380"},{"taxonomy":"post_tag","embeddable":true,"href":"https:\/\/www.adfc-wiesbaden.de\/ro\/wp-json\/wp\/v2\/tags?post=1380"}],"curies":[{"name":"wp","href":"https:\/\/api.w.org\/{rel}","templated":true}]}}