{"id":1382,"date":"2023-01-31T18:57:54","date_gmt":"2023-01-31T18:57:54","guid":{"rendered":"https:\/\/kidicalmass.adfc-wiesbaden.de\/?p=1382"},"modified":"2026-04-24T19:53:03","modified_gmt":"2026-04-24T17:53:03","slug":"2023-05-07","status":"publish","type":"post","link":"https:\/\/www.adfc-wiesbaden.de\/ro\/2023\/01\/kidical-mass\/2023-05-07\/","title":{"rendered":"Masa infantil\u0103 07 mai 2023"},"content":{"rendered":"<h2 class=\"wp-block-heading\">9. Liturghie Kidical \u00een Wiesbaden<\/h2>\n\n\n\n<p>Cea de-a doua Liturghie Kidical\u0103 Wiesbaden 2023 va avea loc duminic\u0103, 7.05, la ora 15.00. \u00cencepem din nou de la terenul Dernsches la nivelul salonului de \u00eenghe\u021bat\u0103. Unde vom ajunge, pute\u021bi afla pe blog cu dou\u0103 s\u0103pt\u0103m\u00e2ni \u00eenainte.<\/p>\n\n\n\n<h2 class=\"wp-block-heading\">Fabricarea semnelor comune<\/h2>\n\n\n\n<p>Ca parte a ac\u021biunilor pentru cea de-a 20-a aniversare a \u201eGemeinschaftlich Wohnen e.G.\u201d, me\u0219terim \u00een curtea <a href=\"http:\/\/gemeinschaftlich-wohnen.de\">Proiectul reziden\u021bial Bl\u00fc17<\/a> \u00een <strong>Bl\u00fccherstra\u00dfe 17<\/strong> la data de <strong>Vineri, 5 mai<\/strong> din <strong>\u00eentre orele 16:00 \u0219i 18:00<\/strong> Semnele. Semnele \u00eempodobesc bicicletele noastre \u0219i ne transmit mesajul. Pentru me\u0219te\u0219uguri, toate sunt binevenite f\u0103r\u0103 notificare prealabil\u0103. Materiale precum cartonul, culorile \u0219i corzile sunt disponibile \u2013 pur \u0219i simplu v\u0103 aduce\u021bi creativitatea \u0219i bucuria.<br>Ca parte a unei opriri la Liturghia Kidical, bicicli\u0219tii se pot a\u0219tepta la o surpriz\u0103 de \u00eent\u0103rire de la Bl\u00fc17.<\/p>\n\n\n\n<h2 class=\"wp-block-heading\" id=\"Zubringertouren\">Tururi de alimentare<\/h2>\n\n\n\n<p>Vor fi excursii de alimentare din diferite districte. \u00cen excursiile de tip feeder, unele familii din acela\u0219i district se \u00eent\u00e2lnesc \u0219i conduc \u00eempreun\u0103 p\u00e2n\u0103 la punctul de plecare al Dern\u2019sche Gel\u00e4nde. Alimentatoarele nu sunt o demonstra\u021bie \u00eenregistrat\u0103 \u0219i nu fac parte din eveniment. Acesta este condus pe piste de ciclism.<br>Dac\u0103 sunte\u021bi interesat de un alimentator din cabina dvs., atunci scrie\u021bi-ne, <a href=\"\/ro\/&\/#x6d;&#x61;&#x69;&#108;&#116;o:&#x6b;&#x69;&#x64;&#x69;&#99;&#97;lm&#x61;&#x73;&#x73;&#64;&#97;&#100;fc&#x2d;&#x77;&#x69;&#101;&#115;ba&#x64;&#x65;&#x6e;&#x2e;&#100;&#101;\">kidicalmass@adfc-wiesbaden.de<\/a>, \u0219i Ajut\u0103m la organizare.<\/p>\n\n\n\n<figure class=\"wp-block-table\"><table><tbody><tr><td>Districtul\/districtul<\/td><td>\u00eent\u00e2lnire<\/td><td>or\u0103<\/td><td>traseu<\/td><\/tr><tr><td>Biebrich<\/td><td>F\u00e2nt\u00e2na c\u00e2nt\u0103re\u021bului la flaut<br>pe malurile Rinului<\/td><td>14:15<\/td><td>5,5 km<\/td><\/tr><tr><td>Cartierul de poezie<\/td><td>Leverage \u0219coal\u0103<br>Hebbelplatz \/ Hebbelstra\u00dfe<\/td><td>14:30<\/td><td>1,9 km<\/td><\/tr><tr><td>Kohlheck<\/td><td>Recipiente din sticl\u0103<br>Drumul dolomitic la col\u021bul str\u0103zii Paul-Gerhardt-Stra\u00dfe<\/td><td>14:15<\/td><td>4,4 km<\/td><\/tr><tr><td>Cartierul artistului<\/td><td>\u0218coala Friedrich von Schiller (cl\u0103dire nou\u0103)<br>Carla-Henius-Stra\u00dfe 3-5<\/td><td>14:20<\/td><td>2,9 km<\/td><\/tr><tr><td>nord-est<\/td><td>\u0218coala de Liturghie din St. John<br>Stand pentru biciclete Johannes-Maa\u00df-Stra\u00dfe \/ gg\u00fc. Zidul cimitirului<\/td><td>14:30<\/td><td>1,1 km<\/td><\/tr><tr><td>Districtul Rheingau<\/td><td>Glyg<br>Col\u021bul Marcobrunnerstra\u00dfe din Rauenthalerstra\u00dfe<\/td><td>14:30<\/td><td>1,7 km<\/td><\/tr><tr><td>Westend<\/td><td>\u0218coala Bl\u00fccher<br>Scharnhorststra\u00dfe Ecle Bl\u00fccherstra\u00dfe<\/td><td>14:30<\/td><td>1,4 km<\/td><\/tr><\/tbody><\/table><\/figure>\n\n\n\n<p id=\"ZubringertourenKarte\">Harta circuitelor de alimentare<\/p>\n\n\n\n<iframe \nsrc=\"https:\/\/www.google.com\/maps\/d\/embed?mid=1ZAm5gIuXRSSWHlbo949vL5pQXz0aHQs&#038;ehbc=2E312F\" width=\"880\" height=\"660\"><\/iframe>\n\n\n<!-- wp:themify-builder\/canvas \/-->","protected":false},"excerpt":{"rendered":"<p>Duminic\u0103, 7 mai 2023, ADFC Wiesbaden va g\u0103zdui cel de-al doilea Kidical Mass Wiesbaden 2023. Punctul de \u00eent\u00e2lnire este la 15:00 pe site-ul Dernsches.<\/p>","protected":false},"author":52,"featured_media":1598,"comment_status":"closed","ping_status":"closed","sticky":false,"template":"Nachrichten-Seite.php","format":"standard","meta":{"footnotes":""},"categories":[932],"tags":[516,927,772],"class_list":["post-1382","post","type-post","status-publish","format-standard","has-post-thumbnail","hentry","category-kidical-mass","tag-kidical-mass","tag-sommer","tag-wiesbaden","has-post-title","has-post-date","has-post-category","has-post-tag","has-post-comment","has-post-author",""],"builder_content":"","_links":{"self":[{"href":"https:\/\/www.adfc-wiesbaden.de\/ro\/wp-json\/wp\/v2\/posts\/1382","targetHints":{"allow":["GET"]}}],"collection":[{"href":"https:\/\/www.adfc-wiesbaden.de\/ro\/wp-json\/wp\/v2\/posts"}],"about":[{"href":"https:\/\/www.adfc-wiesbaden.de\/ro\/wp-json\/wp\/v2\/types\/post"}],"author":[{"embeddable":true,"href":"https:\/\/www.adfc-wiesbaden.de\/ro\/wp-json\/wp\/v2\/users\/52"}],"replies":[{"embeddable":true,"href":"https:\/\/www.adfc-wiesbaden.de\/ro\/wp-json\/wp\/v2\/comments?post=1382"}],"version-history":[{"count":4,"href":"https:\/\/www.adfc-wiesbaden.de\/ro\/wp-json\/wp\/v2\/posts\/1382\/revisions"}],"predecessor-version":[{"id":76331,"href":"https:\/\/www.adfc-wiesbaden.de\/ro\/wp-json\/wp\/v2\/posts\/1382\/revisions\/76331"}],"wp:featuredmedia":[{"embeddable":true,"href":"https:\/\/www.adfc-wiesbaden.de\/ro\/wp-json\/wp\/v2\/media\/1598"}],"wp:attachment":[{"href":"https:\/\/www.adfc-wiesbaden.de\/ro\/wp-json\/wp\/v2\/media?parent=1382"}],"wp:term":[{"taxonomy":"category","embeddable":true,"href":"https:\/\/www.adfc-wiesbaden.de\/ro\/wp-json\/wp\/v2\/categories?post=1382"},{"taxonomy":"post_tag","embeddable":true,"href":"https:\/\/www.adfc-wiesbaden.de\/ro\/wp-json\/wp\/v2\/tags?post=1382"}],"curies":[{"name":"wp","href":"https:\/\/api.w.org\/{rel}","templated":true}]}}