{"id":1387,"date":"2023-01-31T23:04:07","date_gmt":"2023-01-31T23:04:07","guid":{"rendered":"https:\/\/kidicalmass.adfc-wiesbaden.de\/?p=1387"},"modified":"2026-04-24T20:00:50","modified_gmt":"2026-04-24T18:00:50","slug":"2023-09-24","status":"publish","type":"post","link":"https:\/\/www.adfc-wiesbaden.de\/ro\/2023\/01\/kidical-mass\/2023-09-24\/","title":{"rendered":"Masa copiilor 24 septembrie 2023"},"content":{"rendered":"<p><\/p>\n\n\n\n<h2 class=\"wp-block-heading\">10. Liturghie Kidical \u00een Wiesbaden<\/h2>\n\n\n\n<p>Cea de-a treia Liturghie Kidical\u0103 Wiesbaden 2023 va avea loc pe 24 septembrie, la ora 15:00, \u00een \u00eentreaga lume. <a href=\"https:\/\/kinderaufsrad.org\/\" target=\"_blank\" rel=\"noreferrer noopener\">Zile de ac\u021biune \u00een mas\u0103 a copiilor<\/a> \u00een schimb. \u00cencepe excep\u021bional la Kranzplatz. Asta e sf\u00e2r\u0219itul de data asta \u00een facilit\u0103\u021bile Nerotal. Nu v\u0103 face\u021bi griji, nu suntem doar de conducere de-a lungul Taunusstra\u00dfe.<\/p>\n\n\n\n<h2 class=\"wp-block-heading\">Sus\u021bine obiectivele noastre<\/h2>\n\n\n\n<p>Obiectivele noastre principale sunt rezumate \u00eentr-o peti\u021bie care poate fi semnat\u0103 \u0219i \u00eemp\u0103rt\u0103\u0219it\u0103. Peti\u021bia poate fi g\u0103sit\u0103 aici: <a href=\"https:\/\/weact.campact.de\/petitions\/kinder-aufs-rad-fur-ein-lebenswertes-wiesbaden\" target=\"_blank\" rel=\"noreferrer noopener\">https:\/\/weact.campact.de\/petitions\/kinder-aufs-rad-fur-ein-lebenswertes-wiesbaden<\/a><\/p>\n\n\n\n<p>Este nevoie de o presiune constant\u0103 asupra politicii pentru a schimba lumea noastr\u0103. De\u0219i Conferin\u021ba mini\u0219trilor transporturilor din martie sprijin\u0103 o reform\u0103 a StVG \u0219i StVO cu accent pe mobilitatea adaptat\u0103 copiilor, nimic nu a fost \u00eenc\u0103 reformat. Prin urmare, haide\u021bi s\u0103 ne confrunt\u0103m \u00eempreun\u0103 pentru aceast\u0103 mare schimbare \u0219i s\u0103 c\u0103l\u0103rim \u00eempreun\u0103.<\/p>\n\n\n\n<h2 class=\"wp-block-heading\" id=\"Zubringertouren\">Tururi de alimentare<\/h2>\n\n\n\n<p>Vor fi excursii de alimentare din diferite districte. \u00cen excursiile de hr\u0103nire, unele familii se \u00eent\u00e2lnesc la \u0219coala primar\u0103 din district \u0219i conduc \u00eempreun\u0103 p\u00e2n\u0103 la punctul de plecare. Alimentatoarele nu sunt o demonstra\u021bie \u00eenregistrat\u0103 \u0219i nu fac parte din eveniment. Acesta este condus pe piste de ciclism.<br>Din cabina dvs. nu exist\u0103 nici un alimentator \u0219i sunte\u021bi interesat, apoi scrie\u021bi-ne, <a href=\"\/ro\/mailto&\/#58;&#107;&#105;&#100;&#105;&#99;&#97;&#x6c;&#x6d;&#x61;&#x73;&#x73;&#x40;&#x61;&#x64;&#x66;&#x63;&#x2d;&#x77;iesbad&#101;&#110;&#46;&#100;&#101;\">kidicalmass@adfc-wiesbaden.de<\/a>, \u0219i Ajut\u0103m la organizare.<\/p>\n\n\n\n<p>Tururi de alimentare planificate (vor fi ad\u0103ugate modific\u0103ri):<\/p>\n\n\n\n<figure class=\"wp-block-table alignleft\"><table><tbody><tr><td>Districtul\/districtul<\/td><td class=\"has-text-align-left\" data-align=\"left\">\u00eent\u00e2lnire<\/td><td>or\u0103<\/td><td>traseu<\/td><\/tr><tr><td>Biebrich<\/td><td class=\"has-text-align-left\" data-align=\"left\">F\u00e2nt\u00e2na c\u00e2nt\u0103re\u021bului la flaut<br>pe malurile Rinului<\/td><td>14:15<\/td><td>6,2 km<\/td><\/tr><tr><td>Cartierul de poezie<\/td><td class=\"has-text-align-left\" data-align=\"left\">Leverage \u0219coal\u0103<br>Hebbelplatz \/ Hebbelstra\u00dfe<\/td><td>14:30<\/td><td>2,8 km<\/td><\/tr><tr><td>Kohlheck<\/td><td class=\"has-text-align-left\" data-align=\"left\">Recipiente din sticl\u0103<br>Drumul dolomitic la col\u021bul str\u0103zii Paul-Gerhardt-Stra\u00dfe<\/td><td>14:15<\/td><td>5,1 km<\/td><\/tr><tr><td>Cartierul artistului<\/td><td class=\"has-text-align-left\" data-align=\"left\">\u0218coala Friedrich von Schiller (cl\u0103dire nou\u0103)<br>Carla-Henius-Stra\u00dfe 3-5<\/td><td>14:20<\/td><td>3,5 km<\/td><\/tr><tr><td>nord-est<\/td><td class=\"has-text-align-left\" data-align=\"left\">\u0218coala de Liturghie din St. John<br>Stand pentru biciclete Johannes-Maa\u00df-Stra\u00dfe \/ gg\u00fc. Zidul cimitirului<\/td><td>14:30<\/td><td>1,4 km<\/td><\/tr><tr><td>Waldstra\u00dfe<\/td><td class=\"has-text-align-left\" data-align=\"left\">\u0218coala Diesterweg<br>Col\u021bul Baumstra\u00dfe din Riedstra\u00dfe<\/td><td>14:15<\/td><td>4,7 km<\/td><\/tr><tr><td>Westend<\/td><td class=\"has-text-align-left\" data-align=\"left\">\u0218coala Bl\u00fccher<br>Col\u021bul Scharnhorststra\u00dfe din Bl\u00fccherstra\u00dfe<\/td><td>14:30<\/td><td>2,2 km<\/td><\/tr><\/tbody><\/table><figcaption class=\"wp-element-caption\">Statut: 22.09.2023 11:00<\/figcaption><\/figure>\n\n\n\n<h4 class=\"wp-block-heading\" id=\"Zubringertourenkarte\">Harta circuitelor de alimentare<\/h4>\n\n\n\n<iframe \nsrc=\"https:\/\/www.google.com\/maps\/d\/embed?mid=1Lwihg_fSdtNO-vRCCoI92-00k10VcLY&#038;ehbc=2E312F&#038;\" width=\"640\" height=\"480\"><\/iframe>\n\n\n\n<h2 class=\"wp-block-heading\" id=\"Preise\">Pre\u021buri de r\u0103scump\u0103rare pentru timbre<\/h2>\n\n\n\n<p>Participa\u021bi la Liturghia Kidical de 3 ori \u0219i ob\u021bine\u021bi o surpriz\u0103, asta este ceea ce&nbsp;<a href=\"https:\/\/www.adfc-wiesbaden.de\/ro\/3-x-kidical-mass-1-ueberraschung\/\">Ac\u021biunea de \u0219tampilare<\/a>.\u00a0 Deci, aduce\u021bi flutura\u0219ii \u0219tampila\u021bi de la prima \u0219i a doua Liturghie Kidical 2023, ob\u021bine\u021bi urm\u0103toarea \u0219tampil\u0103 \u0219i o mic\u0103 surpriz\u0103.<br>Ultimul timbru \u0219i pre\u021burile dau dup\u0103 c\u0103l\u0103toria la galben <a href=\"https:\/\/www.adfc-wiesbaden.de\/ro\/\" target=\"_blank\" rel=\"noreferrer noopener\">ADFC<\/a>Roata cu cutia din fa\u021b\u0103.<\/p>\n\n\n<!-- wp:themify-builder\/canvas \/-->","protected":false},"excerpt":{"rendered":"<p>Duminic\u0103, 24 septembrie 2023, ADFC Wiesbaden va g\u0103zdui cel de-al treilea Kidical Mass Wiesbaden 2023. Punctul de \u00eent\u00e2lnire este la 15:00 la Kranzplatz.<\/p>","protected":false},"author":52,"featured_media":1489,"comment_status":"closed","ping_status":"closed","sticky":false,"template":"Nachrichten-Seite.php","format":"standard","meta":{"footnotes":""},"categories":[932],"tags":[928,516,772],"class_list":["post-1387","post","type-post","status-publish","format-standard","has-post-thumbnail","hentry","category-kidical-mass","tag-herbst","tag-kidical-mass","tag-wiesbaden","has-post-title","has-post-date","has-post-category","has-post-tag","has-post-comment","has-post-author",""],"builder_content":"","_links":{"self":[{"href":"https:\/\/www.adfc-wiesbaden.de\/ro\/wp-json\/wp\/v2\/posts\/1387","targetHints":{"allow":["GET"]}}],"collection":[{"href":"https:\/\/www.adfc-wiesbaden.de\/ro\/wp-json\/wp\/v2\/posts"}],"about":[{"href":"https:\/\/www.adfc-wiesbaden.de\/ro\/wp-json\/wp\/v2\/types\/post"}],"author":[{"embeddable":true,"href":"https:\/\/www.adfc-wiesbaden.de\/ro\/wp-json\/wp\/v2\/users\/52"}],"replies":[{"embeddable":true,"href":"https:\/\/www.adfc-wiesbaden.de\/ro\/wp-json\/wp\/v2\/comments?post=1387"}],"version-history":[{"count":3,"href":"https:\/\/www.adfc-wiesbaden.de\/ro\/wp-json\/wp\/v2\/posts\/1387\/revisions"}],"predecessor-version":[{"id":76355,"href":"https:\/\/www.adfc-wiesbaden.de\/ro\/wp-json\/wp\/v2\/posts\/1387\/revisions\/76355"}],"wp:featuredmedia":[{"embeddable":true,"href":"https:\/\/www.adfc-wiesbaden.de\/ro\/wp-json\/wp\/v2\/media\/1489"}],"wp:attachment":[{"href":"https:\/\/www.adfc-wiesbaden.de\/ro\/wp-json\/wp\/v2\/media?parent=1387"}],"wp:term":[{"taxonomy":"category","embeddable":true,"href":"https:\/\/www.adfc-wiesbaden.de\/ro\/wp-json\/wp\/v2\/categories?post=1387"},{"taxonomy":"post_tag","embeddable":true,"href":"https:\/\/www.adfc-wiesbaden.de\/ro\/wp-json\/wp\/v2\/tags?post=1387"}],"curies":[{"name":"wp","href":"https:\/\/api.w.org\/{rel}","templated":true}]}}