{"id":1533,"date":"2024-01-31T21:01:00","date_gmt":"2024-01-31T21:01:00","guid":{"rendered":"https:\/\/kidicalmass.adfc-wiesbaden.de\/?p=1533"},"modified":"2026-04-24T19:38:13","modified_gmt":"2026-04-24T17:38:13","slug":"05-mai-2024","status":"publish","type":"post","link":"https:\/\/www.adfc-wiesbaden.de\/ro\/2024\/01\/kidical-mass\/05-mai-2024\/","title":{"rendered":"Masa copiilor 05 mai 2024"},"content":{"rendered":"<h2 class=\"wp-block-heading\">11. Liturghie Kidical \u00een Wiesbaden<\/h2>\n\n\n\n<p>Prima Liturghie Kidical\u0103 Wiesbaden 2024 va avea loc duminic\u0103, 5.05, la ora 15.00. \u00cencepem din nou de la Dern\u2019sches Gel\u00e4nde, vizavi de salonul de \u00eenghe\u021bat\u0103.<\/p>\n\n\n\n<h2 class=\"wp-block-heading\">Tururi de alimentare<\/h2>\n\n\n\n<p>Tururile de alimentare sunt excursii auto-organizate la care familiile se \u00eent\u00e2lnesc la \u0219coala primar\u0103 din district \u0219i apoi conduc \u00eempreun\u0103 p\u00e2n\u0103 la punctul de plecare. Alimentatoarele nu sunt o demonstra\u021bie \u00eenregistrat\u0103 \u0219i nu fac parte din eveniment. Acesta este condus pe piste de biciclete \u0219i drumuri laterale cu trafic redus.<br>Din cabina dvs. nu exist\u0103 \u00eenc\u0103 nici un alimentator \u0219i sunte\u021bi interesat, apoi scrie\u021bi-ne, <a href=\"\/ro\/&\/#109;&#x61;&#105;&#x6c;t&#111;&#x3a;&#107;&#x69;d&#x69;c&#97;&#x6c;&#109;&#x61;s&#x73;&#x40;&#97;&#x64;f&#x63;-&#119;&#x69;&#101;&#x73;b&#x61;d&#101;&#x6e;&#46;&#x64;e\">kidicalmass@adfc-wiesbaden.de<\/a>, \u0219i Ajut\u0103m la organizare.<\/p>\n\n\n\n<p>Tururi de alimentare planificate (modific\u0103rile sunt actualizate \u00een mod constant):<\/p>\n\n\n\n<figure class=\"wp-block-table\"><table><tbody><tr><td>Districtul\/districtul<\/td><td>\u00eent\u00e2lnire<\/td><td>or\u0103<\/td><td>traseu<\/td><\/tr><tr><td>Biebrich<\/td><td>F\u00e2nt\u00e2na c\u00e2nt\u0103re\u021bului la flaut<br>pe malurile Rinului<\/td><td>14:15<\/td><td>6,2 km<\/td><\/tr><tr><td>Cartierul de poezie<\/td><td>Leverage \u0219coal\u0103<br>Hebbelplatz \/ Hebbelstra\u00dfe<\/td><td>14:30<\/td><td>2,8 km<\/td><\/tr><tr><td>Kohlheck<\/td><td>Recipiente din sticl\u0103<br>Drumul dolomitic la col\u021bul str\u0103zii Paul-Gerhardt-Stra\u00dfe<\/td><td>14:15<\/td><td>5,1 km<\/td><\/tr><tr><td>Cartierul artistului<\/td><td>\u0218coala Friedrich von Schiller (cl\u0103dire nou\u0103)<br>Carla-Henius-Stra\u00dfe 3-5<\/td><td>14:20<\/td><td>3,5 km<\/td><\/tr><tr><td>nord-est<\/td><td>\u0218coala de Liturghie din St. John<br>Stand pentru biciclete Johannes-Maa\u00df-Stra\u00dfe \/ gg\u00fc. Zidul cimitirului<\/td><td>14:30<\/td><td>1,4 km<\/td><\/tr><tr><td>Waldstra\u00dfe<\/td><td>\u0218coala Diesterweg<br>Col\u021bul Baumstra\u00dfe din Riedstra\u00dfe<\/td><td>14:10<\/td><td>4,7 km<\/td><\/tr><tr><td>Weidenborn<\/td><td>\u0218coala de stilouri Adalbert<br>Brunhildenstra\u00dfe parcare<\/td><td>14:20<\/td><td>3,3 km<\/td><\/tr><tr><td>Westend<\/td><td>\u0218coala Bl\u00fccher<br>Col\u021bul Scharnhorststra\u00dfe din Bl\u00fccherstra\u00dfe<\/td><td>14:30<\/td><td>2,2 km<\/td><\/tr><\/tbody><\/table><figcaption class=\"wp-element-caption\">Statut: 24.04.2024 23:00<\/figcaption><\/figure>\n\n\n\n<h3 class=\"wp-block-heading\">Harta circuitelor de alimentare<\/h3>\n\n\n\n<iframe loading=\"lazy\" src=\"https:\/\/www.google.com\/maps\/d\/embed?mid=1-d5DeR3l1TwlzzARae6CBmsSfVuxy-c&#038;ehbc=2E312F&#038;noprof=1\" width=\"640\" height=\"480\"><\/iframe>\n\n\n<!-- wp:themify-builder\/canvas \/-->","protected":false},"excerpt":{"rendered":"<p>Prima Liturghie Kidical\u0103 Wiesbaden 2024 va avea loc duminic\u0103, 5.05, la ora 15.00. \u00cencepem din nou de la Dern\u2019sches Gel\u00e4nde, vizavi de salonul de \u00eenghe\u021bat\u0103.<\/p>","protected":false},"author":52,"featured_media":69167,"comment_status":"closed","ping_status":"closed","sticky":false,"template":"Nachrichten-Seite.php","format":"standard","meta":{"footnotes":""},"categories":[932],"tags":[925,516,772],"class_list":["post-1533","post","type-post","status-publish","format-standard","has-post-thumbnail","hentry","category-kidical-mass","tag-fruehling","tag-kidical-mass","tag-wiesbaden","has-post-title","has-post-date","has-post-category","has-post-tag","has-post-comment","has-post-author",""],"builder_content":"","_links":{"self":[{"href":"https:\/\/www.adfc-wiesbaden.de\/ro\/wp-json\/wp\/v2\/posts\/1533","targetHints":{"allow":["GET"]}}],"collection":[{"href":"https:\/\/www.adfc-wiesbaden.de\/ro\/wp-json\/wp\/v2\/posts"}],"about":[{"href":"https:\/\/www.adfc-wiesbaden.de\/ro\/wp-json\/wp\/v2\/types\/post"}],"author":[{"embeddable":true,"href":"https:\/\/www.adfc-wiesbaden.de\/ro\/wp-json\/wp\/v2\/users\/52"}],"replies":[{"embeddable":true,"href":"https:\/\/www.adfc-wiesbaden.de\/ro\/wp-json\/wp\/v2\/comments?post=1533"}],"version-history":[{"count":3,"href":"https:\/\/www.adfc-wiesbaden.de\/ro\/wp-json\/wp\/v2\/posts\/1533\/revisions"}],"predecessor-version":[{"id":76324,"href":"https:\/\/www.adfc-wiesbaden.de\/ro\/wp-json\/wp\/v2\/posts\/1533\/revisions\/76324"}],"wp:featuredmedia":[{"embeddable":true,"href":"https:\/\/www.adfc-wiesbaden.de\/ro\/wp-json\/wp\/v2\/media\/69167"}],"wp:attachment":[{"href":"https:\/\/www.adfc-wiesbaden.de\/ro\/wp-json\/wp\/v2\/media?parent=1533"}],"wp:term":[{"taxonomy":"category","embeddable":true,"href":"https:\/\/www.adfc-wiesbaden.de\/ro\/wp-json\/wp\/v2\/categories?post=1533"},{"taxonomy":"post_tag","embeddable":true,"href":"https:\/\/www.adfc-wiesbaden.de\/ro\/wp-json\/wp\/v2\/tags?post=1533"}],"curies":[{"name":"wp","href":"https:\/\/api.w.org\/{rel}","templated":true}]}}